{"id":19185,"date":"2018-01-29T14:54:07","date_gmt":"2018-01-29T13:54:07","guid":{"rendered":"http:\/\/sven-ove.nu\/?p=19185"},"modified":"2018-01-29T14:59:12","modified_gmt":"2018-01-29T13:59:12","slug":"lamplighetsintyget-idyll","status":"publish","type":"post","link":"https:\/\/sven-ove.nu\/?p=19185","title":{"rendered":"L\u00e4mplighetsintyget Idyll"},"content":{"rendered":"<p><img loading=\"lazy\" decoding=\"async\" class=\"size-large wp-image-19186 alignnone\" src=\"https:\/\/sven-ove.nu\/wp-content\/uploads\/2018\/01\/Hylla-1024x1024.jpg\" alt=\"\" width=\"660\" height=\"660\" srcset=\"https:\/\/sven-ove.nu\/wp-content\/uploads\/2018\/01\/Hylla-1024x1024.jpg 1024w, https:\/\/sven-ove.nu\/wp-content\/uploads\/2018\/01\/Hylla-150x150.jpg 150w, https:\/\/sven-ove.nu\/wp-content\/uploads\/2018\/01\/Hylla-300x300.jpg 300w, https:\/\/sven-ove.nu\/wp-content\/uploads\/2018\/01\/Hylla-768x768.jpg 768w, https:\/\/sven-ove.nu\/wp-content\/uploads\/2018\/01\/Hylla.jpg 1280w\" sizes=\"auto, (max-width: 660px) 100vw, 660px\" \/><\/p>\n<p>Det \u00e4r en som har d\u00f6tt men det \u00e4r inte snyggt att ber\u00e4tta nu att han var med i en org-n-s-tion \u00e4nda till 1950 eller att han s\u00e4nkte sin sk-tt i Sverige i m\u00e5nga \u00e5r eller vilka som arbetade och konsumerade ihop till hans f-rm-genhet men att han var ett PR-geni tycker jag gott vi kan s\u00e4ga.<\/p>\n<p>Nu.<\/p>\n<p><span style=\"color: #0000ff;\"><a style=\"color: #0000ff;\" href=\"https:\/\/sven-ove.nu\/\">Hem<\/a><\/span>\u00a0|\u00a0<span style=\"color: #0000ff;\"><a style=\"color: #0000ff;\" href=\"https:\/\/sven-ove.nu\/?page_id=170\">Om mig<\/a><\/span>\u00a0|\u00a0<span style=\"color: #0000ff;\"><a style=\"color: #0000ff;\" href=\"https:\/\/sven-ove.nu\/?page_id=1385\">Skriva &amp; prata<\/a><\/span>\u00a0|\u00a0<span style=\"color: #0000ff;\"><a style=\"color: #0000ff;\" href=\"https:\/\/sven-ove.nu\/?page_id=100\">Politik<\/a><\/span>\u00a0|\u00a0<span style=\"color: #0000ff;\"><a style=\"color: #0000ff;\" href=\"https:\/\/sven-ove.nu\/?page_id=102\">L\u00f6pa<\/a><\/span>\u00a0|\u00a0<span style=\"color: #0000ff;\"><a style=\"color: #0000ff;\" href=\"https:\/\/sven-ove.nu\/?page_id=108\">Viktor Root<\/a><\/span><br \/>\n<em>(c) Sven-Ove Svensson (men dela g\u00e4rna)<\/em><\/p>\n","protected":false},"excerpt":{"rendered":"<p>Det \u00e4r en som har d\u00f6tt men det \u00e4r inte snyggt att ber\u00e4tta nu att han var med i en org-n-s-tion \u00e4nda till 1950 eller att han s\u00e4nkte sin sk-tt i Sverige i m\u00e5nga \u00e5r eller vilka som arbetade och konsumerade ihop till hans f-rm-genhet men att han var ett PR-geni tycker jag gott vi &hellip; <a href=\"https:\/\/sven-ove.nu\/?p=19185\" class=\"more-link\">Forts\u00e4tt l\u00e4sa <span class=\"screen-reader-text\">L\u00e4mplighetsintyget Idyll<\/span><\/a><\/p>\n","protected":false},"author":1,"featured_media":0,"comment_status":"open","ping_status":"open","sticky":false,"template":"","format":"standard","meta":{"_monsterinsights_skip_tracking":false,"footnotes":""},"categories":[4],"tags":[21],"class_list":["post-19185","post","type-post","status-publish","format-standard","hentry","category-skrivande","tag-ord"],"_links":{"self":[{"href":"https:\/\/sven-ove.nu\/index.php?rest_route=\/wp\/v2\/posts\/19185","targetHints":{"allow":["GET"]}}],"collection":[{"href":"https:\/\/sven-ove.nu\/index.php?rest_route=\/wp\/v2\/posts"}],"about":[{"href":"https:\/\/sven-ove.nu\/index.php?rest_route=\/wp\/v2\/types\/post"}],"author":[{"embeddable":true,"href":"https:\/\/sven-ove.nu\/index.php?rest_route=\/wp\/v2\/users\/1"}],"replies":[{"embeddable":true,"href":"https:\/\/sven-ove.nu\/index.php?rest_route=%2Fwp%2Fv2%2Fcomments&post=19185"}],"version-history":[{"count":3,"href":"https:\/\/sven-ove.nu\/index.php?rest_route=\/wp\/v2\/posts\/19185\/revisions"}],"predecessor-version":[{"id":19189,"href":"https:\/\/sven-ove.nu\/index.php?rest_route=\/wp\/v2\/posts\/19185\/revisions\/19189"}],"wp:attachment":[{"href":"https:\/\/sven-ove.nu\/index.php?rest_route=%2Fwp%2Fv2%2Fmedia&parent=19185"}],"wp:term":[{"taxonomy":"category","embeddable":true,"href":"https:\/\/sven-ove.nu\/index.php?rest_route=%2Fwp%2Fv2%2Fcategories&post=19185"},{"taxonomy":"post_tag","embeddable":true,"href":"https:\/\/sven-ove.nu\/index.php?rest_route=%2Fwp%2Fv2%2Ftags&post=19185"}],"curies":[{"name":"wp","href":"https:\/\/api.w.org\/{rel}","templated":true}]}}