{"id":19190,"date":"2018-01-30T10:29:21","date_gmt":"2018-01-30T09:29:21","guid":{"rendered":"http:\/\/sven-ove.nu\/?p=19190"},"modified":"2018-01-30T22:07:57","modified_gmt":"2018-01-30T21:07:57","slug":"hammaren-och-skaran-i-sodra-finnskoga","status":"publish","type":"post","link":"https:\/\/sven-ove.nu\/?p=19190","title":{"rendered":"Hammaren och sk\u00e4ran i S\u00f6dra Finnskoga"},"content":{"rendered":"<p><img loading=\"lazy\" decoding=\"async\" class=\"size-large wp-image-19198 alignnone\" src=\"https:\/\/sven-ove.nu\/wp-content\/uploads\/2018\/01\/T\u00e5gutsikt-1024x1024.jpg\" alt=\"\" width=\"660\" height=\"660\" srcset=\"https:\/\/sven-ove.nu\/wp-content\/uploads\/2018\/01\/T\u00e5gutsikt-1024x1024.jpg 1024w, https:\/\/sven-ove.nu\/wp-content\/uploads\/2018\/01\/T\u00e5gutsikt-150x150.jpg 150w, https:\/\/sven-ove.nu\/wp-content\/uploads\/2018\/01\/T\u00e5gutsikt-300x300.jpg 300w, https:\/\/sven-ove.nu\/wp-content\/uploads\/2018\/01\/T\u00e5gutsikt-768x768.jpg 768w, https:\/\/sven-ove.nu\/wp-content\/uploads\/2018\/01\/T\u00e5gutsikt.jpg 1280w\" sizes=\"auto, (max-width: 660px) 100vw, 660px\" \/><\/p>\n<p>\u00c5ker t\u00e5g mellan oro och oro. Gamla m\u00e4n blir v\u00e4l s\u00e5dana.<\/p>\n<p>D\u00e5 kommer lugnet. Solen glittrar p\u00e5 de v\u00e4stra delarna, en firma bygger moduler, en kyrka p\u00e5 en h\u00f6jd str\u00e4var med sitt.<\/p>\n<p>Visserligen tror jag mer p\u00e5 m\u00e4nniskor som skapare men jag tycker om de d\u00e4r kyrkorna. Hoppfullt pekar de upp\u00e5t men i sina tr\u00e4dg\u00e5rdar minns de oss levande. I S\u00f6dra Finnskoga visade en stolt pr\u00e4st upp en gravsten med hammaren och sk\u00e4ran.<\/p>\n<p>Varf\u00f6r gjorde han det? Fundera p\u00e5 saken.<\/p>\n","protected":false},"excerpt":{"rendered":"<p>\u00c5ker t\u00e5g mellan oro och oro. Gamla m\u00e4n blir v\u00e4l s\u00e5dana. D\u00e5 kommer lugnet. Solen glittrar p\u00e5 de v\u00e4stra delarna, en firma bygger moduler, en kyrka p\u00e5 en h\u00f6jd str\u00e4var med sitt. Visserligen tror jag mer p\u00e5 m\u00e4nniskor som skapare men jag tycker om de d\u00e4r kyrkorna. Hoppfullt pekar de upp\u00e5t men i sina tr\u00e4dg\u00e5rdar &hellip; <a href=\"https:\/\/sven-ove.nu\/?p=19190\" class=\"more-link\">Forts\u00e4tt l\u00e4sa <span class=\"screen-reader-text\">Hammaren och sk\u00e4ran i S\u00f6dra Finnskoga<\/span><\/a><\/p>\n","protected":false},"author":1,"featured_media":0,"comment_status":"open","ping_status":"open","sticky":false,"template":"","format":"standard","meta":{"_crdt_document":"","_monsterinsights_skip_tracking":false,"_monsterinsights_sitenote_active":false,"_monsterinsights_sitenote_note":"","_monsterinsights_sitenote_category":0,"footnotes":""},"categories":[28,4],"tags":[26],"class_list":["post-19190","post","type-post","status-publish","format-standard","hentry","category-kreativt-folk","category-skrivande","tag-natur-2"],"_links":{"self":[{"href":"https:\/\/sven-ove.nu\/index.php?rest_route=\/wp\/v2\/posts\/19190","targetHints":{"allow":["GET"]}}],"collection":[{"href":"https:\/\/sven-ove.nu\/index.php?rest_route=\/wp\/v2\/posts"}],"about":[{"href":"https:\/\/sven-ove.nu\/index.php?rest_route=\/wp\/v2\/types\/post"}],"author":[{"embeddable":true,"href":"https:\/\/sven-ove.nu\/index.php?rest_route=\/wp\/v2\/users\/1"}],"replies":[{"embeddable":true,"href":"https:\/\/sven-ove.nu\/index.php?rest_route=%2Fwp%2Fv2%2Fcomments&post=19190"}],"version-history":[{"count":4,"href":"https:\/\/sven-ove.nu\/index.php?rest_route=\/wp\/v2\/posts\/19190\/revisions"}],"predecessor-version":[{"id":19199,"href":"https:\/\/sven-ove.nu\/index.php?rest_route=\/wp\/v2\/posts\/19190\/revisions\/19199"}],"wp:attachment":[{"href":"https:\/\/sven-ove.nu\/index.php?rest_route=%2Fwp%2Fv2%2Fmedia&parent=19190"}],"wp:term":[{"taxonomy":"category","embeddable":true,"href":"https:\/\/sven-ove.nu\/index.php?rest_route=%2Fwp%2Fv2%2Fcategories&post=19190"},{"taxonomy":"post_tag","embeddable":true,"href":"https:\/\/sven-ove.nu\/index.php?rest_route=%2Fwp%2Fv2%2Ftags&post=19190"}],"curies":[{"name":"wp","href":"https:\/\/api.w.org\/{rel}","templated":true}]}}