{"id":19212,"date":"2018-02-05T04:32:55","date_gmt":"2018-02-05T03:32:55","guid":{"rendered":"http:\/\/sven-ove.nu\/?p=19212"},"modified":"2018-02-05T06:09:12","modified_gmt":"2018-02-05T05:09:12","slug":"smeknamn-oknamn-och-favoriter","status":"publish","type":"post","link":"https:\/\/sven-ove.nu\/?p=19212","title":{"rendered":"Smeknamn, \u00f6knamn och favoriter"},"content":{"rendered":"<p style=\"text-align: left;\"><a href=\"https:\/\/sven-ove.nu\/wp-content\/uploads\/2018\/02\/Sl\u00e4ngen-p\u00e5-skidor.jpg\"><img loading=\"lazy\" decoding=\"async\" class=\"size-full wp-image-19214 alignnone\" src=\"https:\/\/sven-ove.nu\/wp-content\/uploads\/2018\/02\/Sl\u00e4ngen-p\u00e5-skidor.jpg\" alt=\"\" width=\"480\" height=\"640\" srcset=\"https:\/\/sven-ove.nu\/wp-content\/uploads\/2018\/02\/Sl\u00e4ngen-p\u00e5-skidor.jpg 480w, https:\/\/sven-ove.nu\/wp-content\/uploads\/2018\/02\/Sl\u00e4ngen-p\u00e5-skidor-225x300.jpg 225w\" sizes=\"auto, (max-width: 480px) 100vw, 480px\" \/><\/a><\/p>\n<p>S\u00e5dant som jag blivit kallad n\u00e4stg\u00e5rds:<\/p>\n<p style=\"padding-left: 30px;\"><em>Knatte<br \/>\n<\/em><em>Ova<br \/>\n<\/em><em>Sven-Ove i Nybyggeras<br \/>\n<\/em><em>Svenss\u00f4n<br \/>\n<\/em><em>Kn\u00f6vvelb\u00e4se<br \/>\n<\/em><em>Sneggelvesp<br \/>\n<\/em><em>Feschel<br \/>\n<\/em><em>Dritlur<br \/>\n<\/em><em>Kamrat<br \/>\n<\/em><em>V\u00e4nnen<br \/>\n<\/em><em>Gossonge (uttalat med o)<br \/>\n<\/em><em>Papps<br \/>\n<\/em><em>Morfar<br \/>\n<\/em><em>G\u00f4bbe<\/em><\/p>\n<p>S\u00e5dant som jag blivit kallad ute i v\u00e4rlden:<\/p>\n<p style=\"padding-left: 30px;\"><em>Dr\u00e4ngen<br \/>\n<\/em><em>Rotkapern<br \/>\n<\/em><em>Mike<br \/>\n<\/em><em>Sven-Oskar<br \/>\n<\/em><em>Svennis<br \/>\n<\/em><em>Redakt\u00f6rn<br \/>\n<\/em><em>Sl\u00e4ngen<br \/>\n<\/em><em>Sven Svensson from Sweden<br \/>\nTarras<br \/>\n<\/em><em>H\u00e4rdsm\u00e4lta<br \/>\n<\/em><em>Demokratiterrorist<br \/>\n<\/em><em>SOS<\/em><\/p>\n<p>S\u00e5dant som jag blivit kallad i det milit\u00e4ra:<\/p>\n<p style=\"padding-left: 30px;\"><em>112<\/em><\/p>\n<p>Tre av namnen \u00e4r favoriter.<\/p>\n<p><span style=\"color: #ff6600;\"><strong><em>###<\/em><\/strong><\/span><em> SOS var inga bra initialer. De k\u00e4ndes som &#8221;Hej, kom \u00e5 hj\u00e4lp mig!&#8221;<br \/>\n<\/em><span style=\"color: #ff6600;\"><strong><em>###<\/em><\/strong><\/span><em> N\u00e4r jag b\u00f6rjade som larmoperat\u00f6r trivdes jag b\u00e4ttre med de tre bokst\u00e4verna.<br \/>\n<\/em><span style=\"color: #ff6600;\"><strong><em>###<\/em><\/strong><\/span><em> Synd att jag inte jobbade kvar n\u00e4r Sverige bytte till 112. Mitt nummer i lumpen, eftersom jag \u00e4r f\u00f6dd den 12:e januari.<\/em><\/p>\n<p>Gossonge \u00e4r fint. Ordet har inte med gosse att g\u00f6ra. Det kommer av god.<\/p>\n<p>Trivs.<\/p>\n<p style=\"padding-left: 30px;\"><em><strong><span style=\"color: #000000;\">L\u00e4nk<br \/>\n<\/span><\/strong>Fredrik Lindstr\u00f6m, Spr\u00e5ktidningen: <strong><span style=\"color: #0000ff;\"><a style=\"color: #0000ff;\" href=\"http:\/\/spraktidningen.se\/artiklar\/2007\/11\/smeknamn\">Smeknamn<\/a><\/span><\/strong><\/em><\/p>\n<p><span style=\"color: #0000ff;\"><a style=\"color: #0000ff;\" href=\"https:\/\/sven-ove.nu\/\">Hem<\/a><\/span>\u00a0|\u00a0<span style=\"color: #0000ff;\"><a style=\"color: #0000ff;\" href=\"https:\/\/sven-ove.nu\/?page_id=170\">Om mig<\/a><\/span>\u00a0|\u00a0<span style=\"color: #0000ff;\"><a style=\"color: #0000ff;\" href=\"https:\/\/sven-ove.nu\/?page_id=1385\">Skriva &amp; prata<\/a><\/span>\u00a0|\u00a0<span style=\"color: #0000ff;\"><a style=\"color: #0000ff;\" href=\"https:\/\/sven-ove.nu\/?page_id=100\">Politik<\/a><\/span>\u00a0|\u00a0<span style=\"color: #0000ff;\"><a style=\"color: #0000ff;\" href=\"https:\/\/sven-ove.nu\/?page_id=102\">L\u00f6pa<\/a><\/span>\u00a0|\u00a0<span style=\"color: #0000ff;\"><a style=\"color: #0000ff;\" href=\"https:\/\/sven-ove.nu\/?page_id=108\">Viktor Root<\/a><\/span><br \/>\n<em>(c) Sven-Ove Svensson (men dela g\u00e4rna)<\/em><\/p>\n","protected":false},"excerpt":{"rendered":"<p>S\u00e5dant som jag blivit kallad n\u00e4stg\u00e5rds: Knatte Ova Sven-Ove i Nybyggeras Svenss\u00f4n Kn\u00f6vvelb\u00e4se Sneggelvesp Feschel Dritlur Kamrat V\u00e4nnen Gossonge (uttalat med o) Papps Morfar G\u00f4bbe S\u00e5dant som jag blivit kallad ute i v\u00e4rlden: Dr\u00e4ngen Rotkapern Mike Sven-Oskar Svennis Redakt\u00f6rn Sl\u00e4ngen Sven Svensson from Sweden Tarras H\u00e4rdsm\u00e4lta Demokratiterrorist SOS S\u00e5dant som jag blivit kallad i det &hellip; <a href=\"https:\/\/sven-ove.nu\/?p=19212\" class=\"more-link\">Forts\u00e4tt l\u00e4sa <span class=\"screen-reader-text\">Smeknamn, \u00f6knamn och favoriter<\/span><\/a><\/p>\n","protected":false},"author":1,"featured_media":0,"comment_status":"open","ping_status":"open","sticky":false,"template":"","format":"standard","meta":{"_crdt_document":"","_monsterinsights_skip_tracking":false,"_monsterinsights_sitenote_active":false,"_monsterinsights_sitenote_note":"","_monsterinsights_sitenote_category":0,"footnotes":""},"categories":[10],"tags":[24,21],"class_list":["post-19212","post","type-post","status-publish","format-standard","hentry","category-familjen","tag-karlek","tag-ord"],"_links":{"self":[{"href":"https:\/\/sven-ove.nu\/index.php?rest_route=\/wp\/v2\/posts\/19212","targetHints":{"allow":["GET"]}}],"collection":[{"href":"https:\/\/sven-ove.nu\/index.php?rest_route=\/wp\/v2\/posts"}],"about":[{"href":"https:\/\/sven-ove.nu\/index.php?rest_route=\/wp\/v2\/types\/post"}],"author":[{"embeddable":true,"href":"https:\/\/sven-ove.nu\/index.php?rest_route=\/wp\/v2\/users\/1"}],"replies":[{"embeddable":true,"href":"https:\/\/sven-ove.nu\/index.php?rest_route=%2Fwp%2Fv2%2Fcomments&post=19212"}],"version-history":[{"count":10,"href":"https:\/\/sven-ove.nu\/index.php?rest_route=\/wp\/v2\/posts\/19212\/revisions"}],"predecessor-version":[{"id":19224,"href":"https:\/\/sven-ove.nu\/index.php?rest_route=\/wp\/v2\/posts\/19212\/revisions\/19224"}],"wp:attachment":[{"href":"https:\/\/sven-ove.nu\/index.php?rest_route=%2Fwp%2Fv2%2Fmedia&parent=19212"}],"wp:term":[{"taxonomy":"category","embeddable":true,"href":"https:\/\/sven-ove.nu\/index.php?rest_route=%2Fwp%2Fv2%2Fcategories&post=19212"},{"taxonomy":"post_tag","embeddable":true,"href":"https:\/\/sven-ove.nu\/index.php?rest_route=%2Fwp%2Fv2%2Ftags&post=19212"}],"curies":[{"name":"wp","href":"https:\/\/api.w.org\/{rel}","templated":true}]}}