{"id":19225,"date":"2018-02-06T04:52:19","date_gmt":"2018-02-06T03:52:19","guid":{"rendered":"http:\/\/sven-ove.nu\/?p=19225"},"modified":"2018-02-05T20:02:29","modified_gmt":"2018-02-05T19:02:29","slug":"antligen-en-skribent-som-forsoker-forsta","status":"publish","type":"post","link":"https:\/\/sven-ove.nu\/?p=19225","title":{"rendered":"\u00c4ntligen en skribent som f\u00f6rs\u00f6ker f\u00f6rst\u00e5"},"content":{"rendered":"<p><a href=\"https:\/\/sven-ove.nu\/wp-content\/uploads\/2018\/02\/1968-allt-tycktes-m\u00f6jligt.jpg\"><img loading=\"lazy\" decoding=\"async\" class=\"size-medium wp-image-19226 alignnone\" src=\"https:\/\/sven-ove.nu\/wp-content\/uploads\/2018\/02\/1968-allt-tycktes-m\u00f6jligt-277x300.jpg\" alt=\"\" width=\"277\" height=\"300\" srcset=\"https:\/\/sven-ove.nu\/wp-content\/uploads\/2018\/02\/1968-allt-tycktes-m\u00f6jligt-277x300.jpg 277w, https:\/\/sven-ove.nu\/wp-content\/uploads\/2018\/02\/1968-allt-tycktes-m\u00f6jligt.jpg 496w\" sizes=\"auto, (max-width: 277px) 100vw, 277px\" \/><\/a><\/p>\n<blockquote><p>En\u00a0del \u00e5r blir till ber\u00e4ttelser. I min levnad har vi haft torrsommarn 1955, getingsommarn 1959, h\u00f6gertrafikoml\u00e4ggningen 1967, folkomr\u00f6stningen om k\u00e4rnkraft 1980 och Palmemordet och Tjernobylolyckan 1986.<\/p><\/blockquote>\n<p>Samt det ber\u00f6mdaste \u00e5ret av dem alla: myten, legenden 1968. Nu har jag l\u00e4st en artikel som verkar f\u00f6rst\u00e5 vad det \u00e5ret handlade om. \u201dAllt tycktes m\u00f6jligt\u201d \u2013 precis s\u00e5 var det.<\/p>\n<p>Det \u00e4r Kjell \u00d6stberg som har skrivit artikeln p\u00e5 Aftonbladet Kultur:<\/p>\n<p style=\"padding-left: 30px;\"><em>\u201dNog var 1968<strong>\u00a0<\/strong><\/em><em>ett m\u00e4rkligt \u00e5r, med f\u00e5 motsvarigheter i v\u00e5r samtid. Det var en tid n\u00e4r allt pl\u00f6tsligt tycktes m\u00f6jligt, samtidigt \u00f6ver hela v\u00e4rlden. Och \u00e4nd\u00e5. Det var bara en av h\u00f6jdpunkterna i en djup radikaliseringsv\u00e5g som svepte \u00f6ver v\u00e4rlden under en tjugo\u00e5rsperiod.\u201d\u00a0<\/em><\/p>\n<p style=\"padding-left: 30px;\"><em>\u201dNya sociala r\u00f6relser f\u00f6r internationell solidaritet, \u00f6kad j\u00e4mlikhet och demokrati bars upp av en ny generation ungdomar som v\u00e4grade att acceptera samh\u00e4llets dominerande normer. Det var denna radikalisering som kulminerade 1968.\u201d\u00a0<\/em><\/p>\n<p><strong>Inte bara en k\u00e5rhusockupation<br \/>\n<\/strong>\u00d6stberg tar ett brett grepp och s\u00e4tter in de svenska h\u00e4ndelserna i sitt internationella sammanhang. 1968 var sannerligen mycket mer \u00e4n att studenter i Stockholm ockuperade sitt eget k\u00e5rhus.<\/p>\n<p>Samtidigt f\u00f6rst\u00e5r han att det inte handlar om bara ett enda \u00e5r.<\/p>\n<p style=\"padding-left: 30px;\"><em>\u201dMen de verkligt djupg\u00e5ende f\u00f6r\u00e4ndringarna skedde efter 1968.\u201d\u00a0<\/em><\/p>\n<p><strong>Gruvstrejkens betydelse<br \/>\n<\/strong>Gruvstrejken i malmf\u00e4lten var en h\u00e4ndelse som kom att leda till s\u00e5dana f\u00f6r\u00e4ndringar. Efter den kom nya lagar om anst\u00e4llningsskydd, medbest\u00e4mmande och mycket annat.<\/p>\n<p style=\"padding-left: 30px;\"><em>\u201dDet var en tid n\u00e4r 68-ornas krav p\u00e5 frihet, demokrati och j\u00e4mlikhet blev praktisk politik, genomf\u00f6rd av en radikaliserad arbetarr\u00f6relse. Det var en tid n\u00e4r ocks\u00e5 socialdemokrater argumenterade f\u00f6r att politiken skulle \u00f6verordnas marknaden.\u201d<\/em><\/p>\n<p>Tag och l\u00e4s. Allt \u00e4r jag inte \u00f6verens om men hittills \u00e4r Kjell \u00d6stberg den som f\u00f6rklarat upprors\u00e5ret b\u00e4st p\u00e5 det korta utrymme som en artikel inneb\u00e4r.<\/p>\n<p>Grattis till 50-\u00e5rsjubileet f\u00f6rresten, k\u00e4ra 68. Tjohoo!<\/p>\n<p style=\"padding-left: 30px; text-align: right;\"><em><span style=\"color: #ff0000;\"><strong><span style=\"color: #000000;\">L\u00e4nk\u00a0<\/span><br \/>\n<span style=\"color: #ff0000;\">Kjell \u00d6stberg:<\/span><\/strong><\/span><br \/>\n<span style=\"color: #ff0000;\"><strong><a style=\"color: #ff0000;\" href=\"https:\/\/www.aftonbladet.se\/kultur\/a\/4d71Wo\/revolten-1968-allt-tycktes-mojligt\">Revolten 1968: Allt tycktes m\u00f6jligt<\/a><\/strong><\/span><\/em><\/p>\n<p><span style=\"color: #0000ff;\"><a style=\"color: #0000ff;\" href=\"https:\/\/sven-ove.nu\/\">Hem<\/a><\/span>\u00a0|\u00a0<a href=\"https:\/\/sven-ove.nu\/?page_id=170\"><span style=\"color: #0000ff;\">Om mig<\/span><\/a>\u00a0|\u00a0<a href=\"https:\/\/sven-ove.nu\/?page_id=1385\"><span style=\"color: #0000ff;\">Skriva &amp; prata<\/span><\/a>\u00a0|\u00a0<span style=\"color: #0000ff;\"><a style=\"color: #0000ff;\" href=\"https:\/\/sven-ove.nu\/?page_id=100\">Politik<\/a><\/span>\u00a0|\u00a0<span style=\"color: #0000ff;\"><a style=\"color: #0000ff;\" href=\"https:\/\/sven-ove.nu\/?page_id=102\">L\u00f6pa<\/a><\/span>\u00a0|\u00a0<a href=\"https:\/\/sven-ove.nu\/?page_id=108\"><span style=\"color: #0000ff;\">Viktor Root<\/span><\/a><br \/>\n<em>(c) Sven-Ove Svensson (men dela g\u00e4rna)<\/em><\/p>\n","protected":false},"excerpt":{"rendered":"<p>En\u00a0del \u00e5r blir till ber\u00e4ttelser. I min levnad har vi haft torrsommarn 1955, getingsommarn 1959, h\u00f6gertrafikoml\u00e4ggningen 1967, folkomr\u00f6stningen om k\u00e4rnkraft 1980 och Palmemordet och Tjernobylolyckan 1986. Samt det ber\u00f6mdaste \u00e5ret av dem alla: myten, legenden 1968. Nu har jag l\u00e4st en artikel som verkar f\u00f6rst\u00e5 vad det \u00e5ret handlade om. \u201dAllt tycktes m\u00f6jligt\u201d \u2013 precis &hellip; <a href=\"https:\/\/sven-ove.nu\/?p=19225\" class=\"more-link\">Forts\u00e4tt l\u00e4sa <span class=\"screen-reader-text\">\u00c4ntligen en skribent som f\u00f6rs\u00f6ker f\u00f6rst\u00e5<\/span><\/a><\/p>\n","protected":false},"author":1,"featured_media":0,"comment_status":"open","ping_status":"open","sticky":false,"template":"","format":"standard","meta":{"_crdt_document":"","_monsterinsights_skip_tracking":false,"_monsterinsights_sitenote_active":false,"_monsterinsights_sitenote_note":"","_monsterinsights_sitenote_category":0,"footnotes":""},"categories":[9,4],"tags":[17],"class_list":["post-19225","post","type-post","status-publish","format-standard","hentry","category-politik","category-skrivande","tag-solidaritet"],"_links":{"self":[{"href":"https:\/\/sven-ove.nu\/index.php?rest_route=\/wp\/v2\/posts\/19225","targetHints":{"allow":["GET"]}}],"collection":[{"href":"https:\/\/sven-ove.nu\/index.php?rest_route=\/wp\/v2\/posts"}],"about":[{"href":"https:\/\/sven-ove.nu\/index.php?rest_route=\/wp\/v2\/types\/post"}],"author":[{"embeddable":true,"href":"https:\/\/sven-ove.nu\/index.php?rest_route=\/wp\/v2\/users\/1"}],"replies":[{"embeddable":true,"href":"https:\/\/sven-ove.nu\/index.php?rest_route=%2Fwp%2Fv2%2Fcomments&post=19225"}],"version-history":[{"count":8,"href":"https:\/\/sven-ove.nu\/index.php?rest_route=\/wp\/v2\/posts\/19225\/revisions"}],"predecessor-version":[{"id":19234,"href":"https:\/\/sven-ove.nu\/index.php?rest_route=\/wp\/v2\/posts\/19225\/revisions\/19234"}],"wp:attachment":[{"href":"https:\/\/sven-ove.nu\/index.php?rest_route=%2Fwp%2Fv2%2Fmedia&parent=19225"}],"wp:term":[{"taxonomy":"category","embeddable":true,"href":"https:\/\/sven-ove.nu\/index.php?rest_route=%2Fwp%2Fv2%2Fcategories&post=19225"},{"taxonomy":"post_tag","embeddable":true,"href":"https:\/\/sven-ove.nu\/index.php?rest_route=%2Fwp%2Fv2%2Ftags&post=19225"}],"curies":[{"name":"wp","href":"https:\/\/api.w.org\/{rel}","templated":true}]}}