{"id":19235,"date":"2018-02-07T04:53:46","date_gmt":"2018-02-07T03:53:46","guid":{"rendered":"http:\/\/sven-ove.nu\/?p=19235"},"modified":"2018-02-06T14:17:57","modified_gmt":"2018-02-06T13:17:57","slug":"en-nara-halsning-fran-1760","status":"publish","type":"post","link":"https:\/\/sven-ove.nu\/?p=19235","title":{"rendered":"En n\u00e4ra h\u00e4lsning fr\u00e5n 1760"},"content":{"rendered":"<p><a href=\"https:\/\/sven-ove.nu\/wp-content\/uploads\/2018\/02\/Erik-Nilsson.jpg\"><img loading=\"lazy\" decoding=\"async\" class=\"size-large wp-image-19236 alignnone\" src=\"https:\/\/sven-ove.nu\/wp-content\/uploads\/2018\/02\/Erik-Nilsson-1024x354.jpg\" alt=\"\" width=\"660\" height=\"228\" srcset=\"https:\/\/sven-ove.nu\/wp-content\/uploads\/2018\/02\/Erik-Nilsson-1024x354.jpg 1024w, https:\/\/sven-ove.nu\/wp-content\/uploads\/2018\/02\/Erik-Nilsson-300x104.jpg 300w, https:\/\/sven-ove.nu\/wp-content\/uploads\/2018\/02\/Erik-Nilsson-768x266.jpg 768w, https:\/\/sven-ove.nu\/wp-content\/uploads\/2018\/02\/Erik-Nilsson.jpg 1032w\" sizes=\"auto, (max-width: 660px) 100vw, 660px\" \/><\/a><\/p>\n<p>Jag har sl\u00e4ktforskat f\u00f6rut. I Sunne gick jag kurs med Vuxenskolan n\u00e4r tv\u00e5 av deltagarna snabbt uppt\u00e4ckte att de var sl\u00e4kt. Han fr\u00e5n Sunne, hon fr\u00e5n Norge. De hade aldrig setts f\u00f6rut och hade ingen aning om sl\u00e4ktskapet. Allt som kr\u00e4vdes var att de l\u00e4ste ett par husf\u00f6rh\u00f6rsl\u00e4ngder och f\u00f6delseb\u00f6cker.<\/p>\n<p>Egentligen beh\u00f6vde jag inte fundera mer, de tv\u00e5 gav det svar som \u00e4r viktigast. Vi \u00e4r alla sl\u00e4kt. En och annan medm\u00e4nniska har inte f\u00f6rst\u00e5tt detta \u00e4n, men \u00e4ven de fr\u00e4mlingsfientliga kommer ursprungligen fr\u00e5n Afrika och har utvandrat hit.<\/p>\n<p>Det d\u00e4r sista \u00e4r s\u00e5 roligt att jag f\u00e5r lust att pinka p\u00e5 mig.<\/p>\n<p>Hur var det den f\u00f6rhoppningsfulle komikern sa i min tv en g\u00e5ng? <em>\u201dDet \u00e4r inte l\u00e4tt att vara st\u00e5uppare d\u00e4r jag kommer ifr\u00e5n. I \u00c5m\u00e5l har vi bara en svart person och ett skinnhuvud. En av varje. Och i \u00c5m\u00e5l \u00e4r det samma person.\u201d<\/em><\/p>\n<p><strong>Varannan hette Nils, varannan Erik<br \/>\n<\/strong>Sedan gick jag kurs igen f\u00f6r n\u00e5gra vintrar sedan. D\u00e5 kom jag en bit till p\u00e5 morfars sida. Det var d\u00e4r jag inte hade f\u00e5tt n\u00e5gra uppgifter av sl\u00e4ktforskarna bland sl\u00e4kt och v\u00e4nner.<\/p>\n<p>Svaret jag fann var att morfars f\u00f6rf\u00e4der hette Erik Nilsson och Nils Eriksson varannan generation p\u00e5 manssidan och att en av dem var plogsmed. Eftersom jag \u00e4lskar kartor och noga studerade var deras Kulan och Sotbr\u00e5ten l\u00e5g, b\u00f6rjade jag dessutom inse hemligheten bakom en av morfars s\u00e4rskilda kunskaper.<\/p>\n<p>Den kunskapen tar vi en annan g\u00e5ng. Att hans f\u00f6r\u00e4ldrar var upproriska till sinnet hittade jag ocks\u00e5 bel\u00e4gg f\u00f6r, en l\u00e5ng lista i en av husf\u00f6rh\u00f6rsl\u00e4ngderna fr\u00e5n slutet av 1800-talet. Den v\u00e4ntar vi ocks\u00e5 med.<\/p>\n<p><strong>Forska hemifr\u00e5n gratis<br \/>\n<\/strong>Saken \u00e4r den att n\u00e5got h\u00e4nde den 1 februari i \u00e5r. Pl\u00f6tsligt har vi fri och gratis tillg\u00e5ng till alla digitala arkiv hos Riksarkivet. \u00d6ver 100 miljoner digitala arkivhandlingar, Sverige \u00e4r verkligen fantastiskt.<\/p>\n<p>Jag har l\u00e4nge varit p\u00e5 v\u00e4g att b\u00f6rja sl\u00e4ktforska igen. Inte f\u00f6r att min sl\u00e4kt \u00e4r mer intressant \u00e4n andra, men f\u00f6r att f\u00e5 n\u00e5gra namn att h\u00e4nga upp min historiel\u00e4sning p\u00e5. Vad gjorde en dagkarl under Trossn\u00e4s p\u00e5 1800-talet? Vad gjorde en plogsmed? Varf\u00f6r finns det inte s\u00e5 mycket som en fornminnesanteckning fr\u00e5n Kulan d\u00e4r morfar f\u00f6ddes?<\/p>\n<p>Nu f\u00e5r jag \u00e4nnu en p\u00e5minnelse. Ja ja, jag f\u00e5r v\u00e4l b\u00f6rja kolla d\u00e5. Till v\u00e5ren ska jag g\u00e5 till Kulan och unders\u00f6ka platsen ocks\u00e5.<\/p>\n<p><strong>\u201d\u00c4r det direkts\u00e4ndning?\u201d<br \/>\n<\/strong>Sedan sitter jag en halv natt och grottar ner mig i Nors f\u00f6rsamlings kyrkb\u00f6cker. De tidiga b\u00f6ckerna brann p\u00e5 1700-talet, jag vet, men \u00e4n har jag kunskap att utvinna ur de b\u00f6cker som inte brunnit.<\/p>\n<p>Innan natten \u00e4r alltf\u00f6r sen sitter jag h\u00e4r hemma med h\u00e4lsning efter h\u00e4lsning fr\u00e5n 1700-talet i min dator. Det k\u00e4nns fantastiskt. Ibland \u00e4r pr\u00e4sten p\u00e5 skrivhum\u00f6r, ibland bluddrar han med g\u00e5spennan. Rakt in i min Macbook Air poppar skrivstilarna upp. <em>\u201d\u00c4r det direkts\u00e4ndning?\u201d<\/em> skulle barnen ha sagt n\u00e4r de var sm\u00e5.<\/p>\n<p>Vad morfars farfars far Erik som f\u00f6ddes 1760 skulle ha sagt vet jag inte.<\/p>\n<p>Undrar hur mycket av sl\u00e4ktens snickargener han bar p\u00e5, den grabben? Nu klickar jag fram Lantm\u00e4teriverkets karta som ocks\u00e5 \u00e4r gratis p\u00e5 n\u00e4tet. Jas\u00e5 d\u00e4r \u00e4r Storliden, d\u00e4r ska Erik bo vid sekelskiftet.<\/p>\n<p>Sitt sekelskifte.<\/p>\n<p><a href=\"https:\/\/sven-ove.nu\/wp-content\/uploads\/2018\/02\/Storliden.001.jpeg\"><img loading=\"lazy\" decoding=\"async\" class=\"size-large wp-image-19238 alignnone\" src=\"https:\/\/sven-ove.nu\/wp-content\/uploads\/2018\/02\/Storliden.001-1024x768.jpeg\" alt=\"\" width=\"660\" height=\"495\" srcset=\"https:\/\/sven-ove.nu\/wp-content\/uploads\/2018\/02\/Storliden.001.jpeg 1024w, https:\/\/sven-ove.nu\/wp-content\/uploads\/2018\/02\/Storliden.001-300x225.jpeg 300w, https:\/\/sven-ove.nu\/wp-content\/uploads\/2018\/02\/Storliden.001-768x576.jpeg 768w\" sizes=\"auto, (max-width: 660px) 100vw, 660px\" \/><\/a><\/p>\n<p><span style=\"color: #0000ff;\"><a style=\"color: #0000ff;\" href=\"https:\/\/sven-ove.nu\/\">Hem<\/a><\/span>\u00a0|\u00a0<span style=\"color: #0000ff;\"><a style=\"color: #0000ff;\" href=\"https:\/\/sven-ove.nu\/?page_id=170\">Om mig<\/a>\u00a0<\/span>|\u00a0<a href=\"https:\/\/sven-ove.nu\/?page_id=1385\"><span style=\"color: #0000ff;\">Skriva &amp; prata<\/span><\/a>\u00a0|\u00a0<span style=\"color: #0000ff;\"><a style=\"color: #0000ff;\" href=\"https:\/\/sven-ove.nu\/?page_id=100\">Politik<\/a><\/span>\u00a0|\u00a0<span style=\"color: #0000ff;\"><a style=\"color: #0000ff;\" href=\"https:\/\/sven-ove.nu\/?page_id=102\">L\u00f6pa<\/a><\/span>\u00a0|\u00a0<a href=\"https:\/\/sven-ove.nu\/?page_id=108\"><span style=\"color: #0000ff;\">Viktor Root<\/span><\/a><br \/>\n<em>(c) Sven-Ove Svensson (men dela g\u00e4rna)<\/em><\/p>\n","protected":false},"excerpt":{"rendered":"<p>Jag har sl\u00e4ktforskat f\u00f6rut. I Sunne gick jag kurs med Vuxenskolan n\u00e4r tv\u00e5 av deltagarna snabbt uppt\u00e4ckte att de var sl\u00e4kt. Han fr\u00e5n Sunne, hon fr\u00e5n Norge. De hade aldrig setts f\u00f6rut och hade ingen aning om sl\u00e4ktskapet. Allt som kr\u00e4vdes var att de l\u00e4ste ett par husf\u00f6rh\u00f6rsl\u00e4ngder och f\u00f6delseb\u00f6cker. Egentligen beh\u00f6vde jag inte fundera &hellip; <a href=\"https:\/\/sven-ove.nu\/?p=19235\" class=\"more-link\">Forts\u00e4tt l\u00e4sa <span class=\"screen-reader-text\">En n\u00e4ra h\u00e4lsning fr\u00e5n 1760<\/span><\/a><\/p>\n","protected":false},"author":1,"featured_media":0,"comment_status":"open","ping_status":"open","sticky":false,"template":"","format":"standard","meta":{"_crdt_document":"","_monsterinsights_skip_tracking":false,"_monsterinsights_sitenote_active":false,"_monsterinsights_sitenote_note":"","_monsterinsights_sitenote_category":0,"footnotes":""},"categories":[10],"tags":[8,25],"class_list":["post-19235","post","type-post","status-publish","format-standard","hentry","category-familjen","tag-historia","tag-kartan"],"_links":{"self":[{"href":"https:\/\/sven-ove.nu\/index.php?rest_route=\/wp\/v2\/posts\/19235","targetHints":{"allow":["GET"]}}],"collection":[{"href":"https:\/\/sven-ove.nu\/index.php?rest_route=\/wp\/v2\/posts"}],"about":[{"href":"https:\/\/sven-ove.nu\/index.php?rest_route=\/wp\/v2\/types\/post"}],"author":[{"embeddable":true,"href":"https:\/\/sven-ove.nu\/index.php?rest_route=\/wp\/v2\/users\/1"}],"replies":[{"embeddable":true,"href":"https:\/\/sven-ove.nu\/index.php?rest_route=%2Fwp%2Fv2%2Fcomments&post=19235"}],"version-history":[{"count":8,"href":"https:\/\/sven-ove.nu\/index.php?rest_route=\/wp\/v2\/posts\/19235\/revisions"}],"predecessor-version":[{"id":19245,"href":"https:\/\/sven-ove.nu\/index.php?rest_route=\/wp\/v2\/posts\/19235\/revisions\/19245"}],"wp:attachment":[{"href":"https:\/\/sven-ove.nu\/index.php?rest_route=%2Fwp%2Fv2%2Fmedia&parent=19235"}],"wp:term":[{"taxonomy":"category","embeddable":true,"href":"https:\/\/sven-ove.nu\/index.php?rest_route=%2Fwp%2Fv2%2Fcategories&post=19235"},{"taxonomy":"post_tag","embeddable":true,"href":"https:\/\/sven-ove.nu\/index.php?rest_route=%2Fwp%2Fv2%2Ftags&post=19235"}],"curies":[{"name":"wp","href":"https:\/\/api.w.org\/{rel}","templated":true}]}}