{"id":19246,"date":"2018-02-08T04:59:48","date_gmt":"2018-02-08T03:59:48","guid":{"rendered":"http:\/\/sven-ove.nu\/?p=19246"},"modified":"2018-02-07T15:03:14","modified_gmt":"2018-02-07T14:03:14","slug":"dar-angesten-bor","status":"publish","type":"post","link":"https:\/\/sven-ove.nu\/?p=19246","title":{"rendered":"D\u00e4r \u00e5ngesten bor"},"content":{"rendered":"<p><a href=\"https:\/\/sven-ove.nu\/wp-content\/uploads\/2018\/02\/F\u00e5gel-Br\u00e5ttom1.jpg\"><img loading=\"lazy\" decoding=\"async\" class=\"size-large wp-image-19248 alignnone\" src=\"https:\/\/sven-ove.nu\/wp-content\/uploads\/2018\/02\/F\u00e5gel-Br\u00e5ttom1-1024x682.jpg\" alt=\"\" width=\"660\" height=\"440\" srcset=\"https:\/\/sven-ove.nu\/wp-content\/uploads\/2018\/02\/F\u00e5gel-Br\u00e5ttom1-1024x682.jpg 1024w, https:\/\/sven-ove.nu\/wp-content\/uploads\/2018\/02\/F\u00e5gel-Br\u00e5ttom1-300x200.jpg 300w, https:\/\/sven-ove.nu\/wp-content\/uploads\/2018\/02\/F\u00e5gel-Br\u00e5ttom1-768x512.jpg 768w, https:\/\/sven-ove.nu\/wp-content\/uploads\/2018\/02\/F\u00e5gel-Br\u00e5ttom1.jpg 1280w\" sizes=\"auto, (max-width: 660px) 100vw, 660px\" \/><\/a><\/p>\n<blockquote><p>Jag ska upptr\u00e4da inf\u00f6r folk, det har h\u00e4nt f\u00f6rut. \u00c4nd\u00e5 \u00e4r det lika varje g\u00e5ng. Ju n\u00e4rmare dagen jag kommer, desto mer t\u00e4nker jag p\u00e5 s\u00e5dant jag kan ta med. Eller inte ta med. Men manuset blir inte f\u00e4rdigt.<\/p>\n<p>Det blir v\u00e4rre f\u00f6r varje \u00e5r.<\/p><\/blockquote>\n<p>Numera jagar jag inte jobb, pengarna verkar komma in i alla fall. V\u00e4lf\u00e4rd kallar vi det p\u00e5 Grossbolstorp. Arbetarr\u00f6relsens f\u00f6rtj\u00e4nst om du fr\u00e5gar mig. Svenska folket har k\u00e4mpat och nu har vi pension \u00e4ven om den \u00e4r f\u00f6r l\u00e5g f\u00f6r m\u00e5nga.<\/p>\n<p>Respekt? Mmm, f\u00f6r principen att ta hand om varandra men inte f\u00f6r or\u00e4ttvisan. V\u00e4lf\u00e4rdsarbetarna har det ofta v\u00e4rst efter\u00e5t.<\/p>\n<p>Respektl\u00f6st. Klassamh\u00e4llet best\u00e5r, g\u00f6r n\u00e5t \u00e5t det. Det st\u00e5r 2018 i almanackan, Sverige borde inte g\u00f6ra s\u00e5 stor skillnad p\u00e5 folk.<\/p>\n<p>Arbetarr\u00f6relsen f\u00e5r lov att skaffa sig visioner igen.<\/p>\n<p><strong>H\u00f6r de allvaret bakom?<br \/>\n<\/strong>Upptr\u00e4dandet allts\u00e5. Det fina i kr\u00e5ks\u00e5ngen \u00e4r att jag insett att mitt st\u00e4ndiga f\u00f6rdr\u00f6jande av manuset ocks\u00e5 handlar om respekt. Snart ska jag st\u00e5 vid en mikrofon igen och jag tycker verkligen om den publiken.<\/p>\n<p>Det \u00e4r d\u00e4rf\u00f6r jag grunnar varenda ledig stund p\u00e5 vad jag ska s\u00e4ga. Vad jag ska ta med. Vilket trams och vilket allvar.<\/p>\n<p>Kommer dom att skratta \u00e5t det och det och gilla mitt allvar bakom? Det \u00e4r den v\u00e4rsta fr\u00e5gan. D\u00e4r bor min scen\u00e5ngest.<\/p>\n<p>Jag \u00e4lskar det.<\/p>\n<p><span style=\"color: #0000ff;\"><a style=\"color: #0000ff;\" href=\"https:\/\/sven-ove.nu\/\">Hem<\/a><\/span>\u00a0|\u00a0<a href=\"https:\/\/sven-ove.nu\/?page_id=170\"><span style=\"color: #0000ff;\">Om mig<\/span><\/a>\u00a0|\u00a0<a href=\"https:\/\/sven-ove.nu\/?page_id=1385\"><span style=\"color: #0000ff;\">Skriva &amp; prata<\/span><\/a>\u00a0|\u00a0<span style=\"color: #0000ff;\"><a style=\"color: #0000ff;\" href=\"https:\/\/sven-ove.nu\/?page_id=100\">Politik<\/a><\/span>\u00a0|\u00a0<span style=\"color: #0000ff;\"><a style=\"color: #0000ff;\" href=\"https:\/\/sven-ove.nu\/?page_id=102\">L\u00f6pa<\/a><\/span>\u00a0|\u00a0<a href=\"https:\/\/sven-ove.nu\/?page_id=108\"><span style=\"color: #0000ff;\">Viktor Root<\/span><\/a><br \/>\n<em>(c) Sven-Ove Svensson (men dela g\u00e4rna)<\/em><\/p>\n","protected":false},"excerpt":{"rendered":"<p>Jag ska upptr\u00e4da inf\u00f6r folk, det har h\u00e4nt f\u00f6rut. \u00c4nd\u00e5 \u00e4r det lika varje g\u00e5ng. Ju n\u00e4rmare dagen jag kommer, desto mer t\u00e4nker jag p\u00e5 s\u00e5dant jag kan ta med. Eller inte ta med. Men manuset blir inte f\u00e4rdigt. Det blir v\u00e4rre f\u00f6r varje \u00e5r. Numera jagar jag inte jobb, pengarna verkar komma in i &hellip; <a href=\"https:\/\/sven-ove.nu\/?p=19246\" class=\"more-link\">Forts\u00e4tt l\u00e4sa <span class=\"screen-reader-text\">D\u00e4r \u00e5ngesten bor<\/span><\/a><\/p>\n","protected":false},"author":1,"featured_media":0,"comment_status":"open","ping_status":"open","sticky":false,"template":"","format":"standard","meta":{"_crdt_document":"","_monsterinsights_skip_tracking":false,"_monsterinsights_sitenote_active":false,"_monsterinsights_sitenote_note":"","_monsterinsights_sitenote_category":0,"footnotes":""},"categories":[9,4],"tags":[3,24,18],"class_list":["post-19246","post","type-post","status-publish","format-standard","hentry","category-politik","category-skrivande","tag-arbete","tag-karlek","tag-lardomar"],"_links":{"self":[{"href":"https:\/\/sven-ove.nu\/index.php?rest_route=\/wp\/v2\/posts\/19246","targetHints":{"allow":["GET"]}}],"collection":[{"href":"https:\/\/sven-ove.nu\/index.php?rest_route=\/wp\/v2\/posts"}],"about":[{"href":"https:\/\/sven-ove.nu\/index.php?rest_route=\/wp\/v2\/types\/post"}],"author":[{"embeddable":true,"href":"https:\/\/sven-ove.nu\/index.php?rest_route=\/wp\/v2\/users\/1"}],"replies":[{"embeddable":true,"href":"https:\/\/sven-ove.nu\/index.php?rest_route=%2Fwp%2Fv2%2Fcomments&post=19246"}],"version-history":[{"count":4,"href":"https:\/\/sven-ove.nu\/index.php?rest_route=\/wp\/v2\/posts\/19246\/revisions"}],"predecessor-version":[{"id":19251,"href":"https:\/\/sven-ove.nu\/index.php?rest_route=\/wp\/v2\/posts\/19246\/revisions\/19251"}],"wp:attachment":[{"href":"https:\/\/sven-ove.nu\/index.php?rest_route=%2Fwp%2Fv2%2Fmedia&parent=19246"}],"wp:term":[{"taxonomy":"category","embeddable":true,"href":"https:\/\/sven-ove.nu\/index.php?rest_route=%2Fwp%2Fv2%2Fcategories&post=19246"},{"taxonomy":"post_tag","embeddable":true,"href":"https:\/\/sven-ove.nu\/index.php?rest_route=%2Fwp%2Fv2%2Ftags&post=19246"}],"curies":[{"name":"wp","href":"https:\/\/api.w.org\/{rel}","templated":true}]}}