{"id":19252,"date":"2018-02-09T03:47:04","date_gmt":"2018-02-09T02:47:04","guid":{"rendered":"http:\/\/sven-ove.nu\/?p=19252"},"modified":"2018-02-09T11:26:22","modified_gmt":"2018-02-09T10:26:22","slug":"19252","status":"publish","type":"post","link":"https:\/\/sven-ove.nu\/?p=19252","title":{"rendered":"V\u00e4rre \u00e4n kosackvalet 1928"},"content":{"rendered":"<p><a href=\"https:\/\/sven-ove.nu\/wp-content\/uploads\/2018\/02\/Kosackvalet-1928.jpg\"><img loading=\"lazy\" decoding=\"async\" class=\"size-full wp-image-19254 alignnone\" src=\"https:\/\/sven-ove.nu\/wp-content\/uploads\/2018\/02\/Kosackvalet-1928.jpg\" alt=\"\" width=\"400\" height=\"296\" srcset=\"https:\/\/sven-ove.nu\/wp-content\/uploads\/2018\/02\/Kosackvalet-1928.jpg 400w, https:\/\/sven-ove.nu\/wp-content\/uploads\/2018\/02\/Kosackvalet-1928-300x222.jpg 300w\" sizes=\"auto, (max-width: 400px) 100vw, 400px\" \/><\/a><\/p>\n<blockquote><p>En del val\u00e5r \u00e4r v\u00e4rre \u00e4n andra. Jag var visserligen inte med vid det \u00f6k\u00e4nda Kosackvalet 1928 men jag undrar om inte 90-\u00e5rsjubileet blir v\u00e4rre. Just nu k\u00e4nns det s\u00e5.<\/p><\/blockquote>\n<p>\u2022 Socialdemokraterna kallar sig mittenparti och har till allt el\u00e4nde r\u00e4tt.<br \/>\n\u2022 V\u00e4nsterpartiet gr\u00e4lar halvt ihj\u00e4l sig internt men fullt offentligt.<br \/>\n\u2022 Milj\u00f6partiet tillh\u00f6r ingen sida och d\u00e4rmed vet en inte vem en r\u00f6star p\u00e5.<br \/>\n\u2022 SD har v\u00e4ljare som bara st\u00e4rks av alla avsl\u00f6janden. Vad var det sist? Att terroroffren p\u00e5 Drottninggatan i Stockholm var blodiga dockor och sk\u00e5despelare?<\/p>\n<p><strong>En enda v-h\u00f6g<br \/>\n<\/strong>S\u00e5d\u00e4r skulle jag kunna h\u00e5lla p\u00e5. R\u00e4kna upp milj\u00f6partiets agerande kring brunkol och flyktingar. Rabbla S-visioner ang\u00e5ende strejkf\u00f6rbud och om att h\u00e4gna in v\u00e5rt lokala friluftsparadis Skutberget och bygga 150 bost\u00e4der i v\u00e5r \u00e4nnu lokalare gr\u00f6na lunga \u00c5smyren. Ber\u00e4tta om allt som arga v\u00e4nsterpartister skriver om varandra i diverse medier. Namn som Rossana Dinamarca, Lars Ohly, Stig Henriksson och Amineh Kakabaveh virvlar f\u00f6rbi i en enda v-h\u00f6g. N\u00e4mnde jag statsministerns otydliga mummel kring en s\u00e5 l\u00e4ttf\u00f6rklarad fr\u00e5ga som att s\u00e4tta in milit\u00e4r mot folket? Den borde ingen beh\u00f6va mumla kring som kan stava till \u00c5dalen och r\u00e4kna till 31.<\/p>\n<p>Det \u00e4r n\u00e4stan s\u00e5 en \u00f6nskar att Fi kom in i b\u00e5de Sveriges riksdag och i kommunfullm\u00e4ktige strax s\u00f6der om oss. Jag tror de g\u00f6r det.<\/p>\n<p><strong>Valfilm med bara vita?<br \/>\n<\/strong>Kommen s\u00e5h\u00e4r l\u00e5ngt i texten ser jag p\u00e5 Facebook att mina v\u00e4nner i LO har gjort en valfilm. Bra, s\u00e5dant beh\u00f6ver vi. \u00c4r det n\u00e5gra som ska driva p\u00e5 socialdemokratin s\u00e5 \u00e4r det facket och V\u00e4nsterpartiet och f\u00f6r all del Fi. Titta g\u00e4rna p\u00e5 filmen, den finns p\u00e5 Youtube. H\u00e4r \u00e4r l\u00e4nk: <span style=\"color: #0000ff;\"><a style=\"color: #0000ff;\" href=\"https:\/\/www.youtube.com\/watch?v=WnIEFDw0tqA\">En historisk uppgift<\/a><\/span>.<\/p>\n<p>F\u00f6rst trodde jag att de kritiker hade r\u00e4tt som tyckte sig se bara vita m\u00e4nniskor i filmen. De har fel h\u00e4vdar en av de medverkande. Fanken vet om jag inte h\u00e5ller med kritikerna en aning \u00e4nd\u00e5. Inte lyser den av m\u00e5ngfald, snarare d\u00e5 av \u00e4nnu en indirekt anpassning till SD. N\u00e5, l\u00e4s hennes svar <span style=\"color: #0000ff;\"><a style=\"color: #0000ff;\" href=\"https:\/\/www.etc.se\/inrikes\/helmerson-har-ingen-aning-om-vem-jag-ar\">\u201dHelmerson har ingen aning om vem jag \u00e4r<\/a>\u201d<\/span> och d\u00f6m sj\u00e4lv.<\/p>\n<p><strong>Troll, hat och fejk<br \/>\n<\/strong>Det \u00e4r allts\u00e5 ett av de r\u00f6rigare val\u00e5ren redan, mest genom sj\u00e4lvskadebeteende.<\/p>\n<p>D\u00e5 har jag inte n\u00e4mnt alla aff\u00e4rer som \u00e4r att v\u00e4nta. Hur var det, brukade inte borgerliga medier rota fram ett par skandaler strax efter sommaren? I \u00e5r misst\u00e4nker jag att de kommer tidigare. N\u00e4tet \u00e4r snabbt.<\/p>\n<p>N\u00e4tet \u00e4r elakt ocks\u00e5, \u00e5tminstone vissa som bor d\u00e4r i eget eller taget namn. Jag har nyss \u00e4tit frukost och m\u00e5r f\u00f6r bra f\u00f6r att surfa bland troll och hatare just precis nu. Men snart har vi dem i farstun. Trollen, hatarna och nyhetsfejkarna.<\/p>\n<p>Fejkbookvalet 2018?<br \/>\nFejknyhetsvalet 2018?<br \/>\nN\u00e4stan-Alla-I-En-Enda-Gr\u00f6t-I-H\u00f6gra-Delen-Av-Mitten-Och-H\u00f6ger-D\u00e4rom-Valet-2018?<\/p>\n<p>Jag \u00e4r r\u00e4dd f\u00f6r det.<\/p>\n<p style=\"padding-left: 30px;\"><em><span style=\"color: #ff6600;\"><strong>###<\/strong> <\/span>L\u00e4nk: G\u00f6ran Greider, <span style=\"color: #0000ff;\"><a style=\"color: #0000ff;\" href=\"http:\/\/www.dalademokraten.se\/opinion\/ledare\/goran-greider-min-katt-har-battre-valstrategi-an-s\">Min katt har b\u00e4ttre valstrategi<br \/>\n<\/a><\/span><span style=\"color: #ff6600;\"><strong>###<\/strong><\/span> L\u00e4nk: Ulrika K\u00e4rnborg,\u00a0<span style=\"color: #0000ff;\"><a style=\"color: #0000ff;\" href=\"http:\/\/www.dagensarena.se\/opinion\/ett-vansterparti-soker-sitt-folk\/\">Ett v\u00e4nsterparti s\u00f6ker sitt folk<\/a><\/span><\/em><\/p>\n<p><a href=\"https:\/\/sven-ove.nu\/wp-content\/uploads\/2018\/02\/LOs-valfilm.jpg\"><img loading=\"lazy\" decoding=\"async\" class=\"size-full wp-image-19256 alignnone\" src=\"https:\/\/sven-ove.nu\/wp-content\/uploads\/2018\/02\/LOs-valfilm.jpg\" alt=\"\" width=\"857\" height=\"360\" srcset=\"https:\/\/sven-ove.nu\/wp-content\/uploads\/2018\/02\/LOs-valfilm.jpg 857w, https:\/\/sven-ove.nu\/wp-content\/uploads\/2018\/02\/LOs-valfilm-300x126.jpg 300w, https:\/\/sven-ove.nu\/wp-content\/uploads\/2018\/02\/LOs-valfilm-768x323.jpg 768w\" sizes=\"auto, (max-width: 857px) 100vw, 857px\" \/><\/a><\/p>\n<p style=\"padding-left: 30px;\"><em>Bilden fr\u00e5n LO:s valfilm 2018.<br \/>\nBilden \u00f6verst fr\u00e5n valet 1928.<\/em><\/p>\n<p><strong>Till\u00e4gg kl 11.30:<\/strong><\/p>\n<p><a href=\"https:\/\/sven-ove.nu\/wp-content\/uploads\/2018\/02\/VF-9-febr-2018.jpg\"><img loading=\"lazy\" decoding=\"async\" class=\"size-large wp-image-19265 alignnone\" src=\"https:\/\/sven-ove.nu\/wp-content\/uploads\/2018\/02\/VF-9-febr-2018-259x1024.jpg\" alt=\"\" width=\"259\" height=\"1024\" srcset=\"https:\/\/sven-ove.nu\/wp-content\/uploads\/2018\/02\/VF-9-febr-2018-259x1024.jpg 259w, https:\/\/sven-ove.nu\/wp-content\/uploads\/2018\/02\/VF-9-febr-2018-76x300.jpg 76w, https:\/\/sven-ove.nu\/wp-content\/uploads\/2018\/02\/VF-9-febr-2018.jpg 324w\" sizes=\"auto, (max-width: 259px) 100vw, 259px\" \/><\/a><\/p>\n<p><em>Ledarstick i V\u00e4rmlands Folkblad 9 februari 2018.<\/em><\/p>\n<p><span style=\"color: #0000ff;\"><a style=\"color: #0000ff;\" href=\"https:\/\/sven-ove.nu\/\">Hem<\/a><\/span>\u00a0|\u00a0<a href=\"https:\/\/sven-ove.nu\/?page_id=170\"><span style=\"color: #0000ff;\">Om mig<\/span><\/a>\u00a0|\u00a0<span style=\"color: #0000ff;\"><a style=\"color: #0000ff;\" href=\"https:\/\/sven-ove.nu\/?page_id=1385\">Skriva &amp; prata<\/a><\/span>\u00a0|\u00a0<a href=\"https:\/\/sven-ove.nu\/?page_id=100\"><span style=\"color: #0000ff;\">Politik<\/span><\/a>\u00a0|\u00a0<span style=\"color: #0000ff;\"><a style=\"color: #0000ff;\" href=\"https:\/\/sven-ove.nu\/?page_id=102\">L\u00f6pa<\/a><\/span>\u00a0|\u00a0<a href=\"https:\/\/sven-ove.nu\/?page_id=108\"><span style=\"color: #0000ff;\">Viktor Root<\/span><\/a><br \/>\n<em>(c) Sven-Ove Svensson (men dela g\u00e4rna)<\/em><\/p>\n","protected":false},"excerpt":{"rendered":"<p>En del val\u00e5r \u00e4r v\u00e4rre \u00e4n andra. Jag var visserligen inte med vid det \u00f6k\u00e4nda Kosackvalet 1928 men jag undrar om inte 90-\u00e5rsjubileet blir v\u00e4rre. Just nu k\u00e4nns det s\u00e5. \u2022 Socialdemokraterna kallar sig mittenparti och har till allt el\u00e4nde r\u00e4tt. \u2022 V\u00e4nsterpartiet gr\u00e4lar halvt ihj\u00e4l sig internt men fullt offentligt. \u2022 Milj\u00f6partiet tillh\u00f6r ingen &hellip; <a href=\"https:\/\/sven-ove.nu\/?p=19252\" class=\"more-link\">Forts\u00e4tt l\u00e4sa <span class=\"screen-reader-text\">V\u00e4rre \u00e4n kosackvalet 1928<\/span><\/a><\/p>\n","protected":false},"author":1,"featured_media":0,"comment_status":"open","ping_status":"open","sticky":false,"template":"","format":"standard","meta":{"_crdt_document":"","_monsterinsights_skip_tracking":false,"_monsterinsights_sitenote_active":false,"_monsterinsights_sitenote_note":"","_monsterinsights_sitenote_category":0,"footnotes":""},"categories":[9],"tags":[16],"class_list":["post-19252","post","type-post","status-publish","format-standard","hentry","category-politik","tag-dumheter"],"_links":{"self":[{"href":"https:\/\/sven-ove.nu\/index.php?rest_route=\/wp\/v2\/posts\/19252","targetHints":{"allow":["GET"]}}],"collection":[{"href":"https:\/\/sven-ove.nu\/index.php?rest_route=\/wp\/v2\/posts"}],"about":[{"href":"https:\/\/sven-ove.nu\/index.php?rest_route=\/wp\/v2\/types\/post"}],"author":[{"embeddable":true,"href":"https:\/\/sven-ove.nu\/index.php?rest_route=\/wp\/v2\/users\/1"}],"replies":[{"embeddable":true,"href":"https:\/\/sven-ove.nu\/index.php?rest_route=%2Fwp%2Fv2%2Fcomments&post=19252"}],"version-history":[{"count":11,"href":"https:\/\/sven-ove.nu\/index.php?rest_route=\/wp\/v2\/posts\/19252\/revisions"}],"predecessor-version":[{"id":19266,"href":"https:\/\/sven-ove.nu\/index.php?rest_route=\/wp\/v2\/posts\/19252\/revisions\/19266"}],"wp:attachment":[{"href":"https:\/\/sven-ove.nu\/index.php?rest_route=%2Fwp%2Fv2%2Fmedia&parent=19252"}],"wp:term":[{"taxonomy":"category","embeddable":true,"href":"https:\/\/sven-ove.nu\/index.php?rest_route=%2Fwp%2Fv2%2Fcategories&post=19252"},{"taxonomy":"post_tag","embeddable":true,"href":"https:\/\/sven-ove.nu\/index.php?rest_route=%2Fwp%2Fv2%2Ftags&post=19252"}],"curies":[{"name":"wp","href":"https:\/\/api.w.org\/{rel}","templated":true}]}}