{"id":19267,"date":"2018-02-10T04:09:44","date_gmt":"2018-02-10T03:09:44","guid":{"rendered":"http:\/\/sven-ove.nu\/?p=19267"},"modified":"2018-02-09T13:14:35","modified_gmt":"2018-02-09T12:14:35","slug":"sant-jag-gor-nar-jag-raknar-timmar","status":"publish","type":"post","link":"https:\/\/sven-ove.nu\/?p=19267","title":{"rendered":"N\u00e4r en r\u00e4knar timmar"},"content":{"rendered":"<p><a href=\"https:\/\/sven-ove.nu\/wp-content\/uploads\/2018\/02\/Dungen-gallrad.jpg\"><img loading=\"lazy\" decoding=\"async\" class=\"size-large wp-image-19268 alignnone\" src=\"https:\/\/sven-ove.nu\/wp-content\/uploads\/2018\/02\/Dungen-gallrad-1024x1024.jpg\" alt=\"\" width=\"660\" height=\"660\" srcset=\"https:\/\/sven-ove.nu\/wp-content\/uploads\/2018\/02\/Dungen-gallrad-1024x1024.jpg 1024w, https:\/\/sven-ove.nu\/wp-content\/uploads\/2018\/02\/Dungen-gallrad-150x150.jpg 150w, https:\/\/sven-ove.nu\/wp-content\/uploads\/2018\/02\/Dungen-gallrad-300x300.jpg 300w, https:\/\/sven-ove.nu\/wp-content\/uploads\/2018\/02\/Dungen-gallrad-768x768.jpg 768w, https:\/\/sven-ove.nu\/wp-content\/uploads\/2018\/02\/Dungen-gallrad.jpg 1280w\" sizes=\"auto, (max-width: 660px) 100vw, 660px\" \/><\/a><\/p>\n<p>Fredag, tv\u00e5 grader minus, v\u00e4ntar bes\u00f6k. Letar i Nors kyrkb\u00f6cker, vill veta n\u00e4r morfars farfars far bodde p\u00e5 Storliden utanf\u00f6r Edsvalla. <em>1791-1798, check, 1799-1805, check, 1804-1810, check, 1811-1815, d\u00e5 \u00e4r familjen borta.<\/em> Tittar p\u00e5 gulsparvar, de \u00e4ter p\u00e5 marken som vanligt. S\u00e4tter rekord i Sudokun i mobilen. Sorterar tv\u00e4tt, plockar med disken.<\/p>\n<p><a href=\"https:\/\/sven-ove.nu\/wp-content\/uploads\/2018\/02\/Skidor-mot-v\u00e4gg.jpg\"><img loading=\"lazy\" decoding=\"async\" class=\"size-medium wp-image-19270 alignright\" src=\"https:\/\/sven-ove.nu\/wp-content\/uploads\/2018\/02\/Skidor-mot-v\u00e4gg-86x300.jpg\" alt=\"\" width=\"86\" height=\"300\" srcset=\"https:\/\/sven-ove.nu\/wp-content\/uploads\/2018\/02\/Skidor-mot-v\u00e4gg-86x300.jpg 86w, https:\/\/sven-ove.nu\/wp-content\/uploads\/2018\/02\/Skidor-mot-v\u00e4gg-293x1024.jpg 293w, https:\/\/sven-ove.nu\/wp-content\/uploads\/2018\/02\/Skidor-mot-v\u00e4gg.jpg 366w\" sizes=\"auto, (max-width: 86px) 100vw, 86px\" \/><\/a>En och en halv grad kallt, v\u00e4ntar bes\u00f6k. G\u00e5r ut p\u00e5 verandan, vallar skidorna som st\u00e5r d\u00e4r. Det ska alltid st\u00e5 ett par skidor p\u00e5 bron i februari. Violett Swix, hur gammal \u00e4r den burken? 80-tal? Borde ha annan valla n\u00e4r duggregnet som kom i g\u00e5r kv\u00e4ll har frusit men detta f\u00e5r duga. Jag ska inte vinna n\u00e5gra olympiska lekar.<\/p>\n<p>Tar mina 25 \u00e5r gamla Peltonen i n\u00e4ven och g\u00e5r till \u00e4ngen. Kommunen har gallrat v\u00e5r dunge, m\u00e5ngfalden ligger i h\u00f6gar. H\u00e4r kommer bj\u00f6rkstammar att lysa i v\u00e5r men jag s\u00f6rjer sn\u00e5ren med r\u00f6da b\u00e4r.<\/p>\n<p>En grad kallt, sp\u00e4nner p\u00e5 mig skidorna.<\/p>\n<p>V\u00e4ntar bes\u00f6k.<\/p>\n<p><span style=\"color: #0000ff;\"><a style=\"color: #0000ff;\" href=\"https:\/\/sven-ove.nu\/\">Hem<\/a><\/span>\u00a0|\u00a0<span style=\"color: #0000ff;\"><a style=\"color: #0000ff;\" href=\"https:\/\/sven-ove.nu\/?page_id=170\">Om mig<\/a><\/span>\u00a0|\u00a0<a href=\"https:\/\/sven-ove.nu\/?page_id=1385\"><span style=\"color: #0000ff;\">Skriva &amp; prata<\/span><\/a>\u00a0|\u00a0<span style=\"color: #0000ff;\"><a style=\"color: #0000ff;\" href=\"https:\/\/sven-ove.nu\/?page_id=100\">Politik<\/a><\/span>\u00a0|\u00a0<span style=\"color: #0000ff;\"><a style=\"color: #0000ff;\" href=\"https:\/\/sven-ove.nu\/?page_id=102\">L\u00f6pa<\/a><\/span>\u00a0|\u00a0<span style=\"color: #0000ff;\"><a style=\"color: #0000ff;\" href=\"https:\/\/sven-ove.nu\/?page_id=108\">Viktor Root<\/a><\/span><br \/>\n<em>(c) Sven-Ove Svensson (men dela g\u00e4rna)<\/em><\/p>\n","protected":false},"excerpt":{"rendered":"<p>Fredag, tv\u00e5 grader minus, v\u00e4ntar bes\u00f6k. Letar i Nors kyrkb\u00f6cker, vill veta n\u00e4r morfars farfars far bodde p\u00e5 Storliden utanf\u00f6r Edsvalla. 1791-1798, check, 1799-1805, check, 1804-1810, check, 1811-1815, d\u00e5 \u00e4r familjen borta. Tittar p\u00e5 gulsparvar, de \u00e4ter p\u00e5 marken som vanligt. S\u00e4tter rekord i Sudokun i mobilen. Sorterar tv\u00e4tt, plockar med disken. En och en &hellip; <a href=\"https:\/\/sven-ove.nu\/?p=19267\" class=\"more-link\">Forts\u00e4tt l\u00e4sa <span class=\"screen-reader-text\">N\u00e4r en r\u00e4knar timmar<\/span><\/a><\/p>\n","protected":false},"author":1,"featured_media":0,"comment_status":"open","ping_status":"open","sticky":false,"template":"","format":"standard","meta":{"_crdt_document":"","_monsterinsights_skip_tracking":false,"_monsterinsights_sitenote_active":false,"_monsterinsights_sitenote_note":"","_monsterinsights_sitenote_category":0,"footnotes":""},"categories":[10,6],"tags":[24,13],"class_list":["post-19267","post","type-post","status-publish","format-standard","hentry","category-familjen","category-natur","tag-karlek","tag-utrustning"],"_links":{"self":[{"href":"https:\/\/sven-ove.nu\/index.php?rest_route=\/wp\/v2\/posts\/19267","targetHints":{"allow":["GET"]}}],"collection":[{"href":"https:\/\/sven-ove.nu\/index.php?rest_route=\/wp\/v2\/posts"}],"about":[{"href":"https:\/\/sven-ove.nu\/index.php?rest_route=\/wp\/v2\/types\/post"}],"author":[{"embeddable":true,"href":"https:\/\/sven-ove.nu\/index.php?rest_route=\/wp\/v2\/users\/1"}],"replies":[{"embeddable":true,"href":"https:\/\/sven-ove.nu\/index.php?rest_route=%2Fwp%2Fv2%2Fcomments&post=19267"}],"version-history":[{"count":3,"href":"https:\/\/sven-ove.nu\/index.php?rest_route=\/wp\/v2\/posts\/19267\/revisions"}],"predecessor-version":[{"id":19273,"href":"https:\/\/sven-ove.nu\/index.php?rest_route=\/wp\/v2\/posts\/19267\/revisions\/19273"}],"wp:attachment":[{"href":"https:\/\/sven-ove.nu\/index.php?rest_route=%2Fwp%2Fv2%2Fmedia&parent=19267"}],"wp:term":[{"taxonomy":"category","embeddable":true,"href":"https:\/\/sven-ove.nu\/index.php?rest_route=%2Fwp%2Fv2%2Fcategories&post=19267"},{"taxonomy":"post_tag","embeddable":true,"href":"https:\/\/sven-ove.nu\/index.php?rest_route=%2Fwp%2Fv2%2Ftags&post=19267"}],"curies":[{"name":"wp","href":"https:\/\/api.w.org\/{rel}","templated":true}]}}