{"id":19321,"date":"2018-02-23T04:44:50","date_gmt":"2018-02-23T03:44:50","guid":{"rendered":"http:\/\/sven-ove.nu\/?p=19321"},"modified":"2018-02-23T08:32:38","modified_gmt":"2018-02-23T07:32:38","slug":"ingen-kamp-mot-cancern","status":"publish","type":"post","link":"https:\/\/sven-ove.nu\/?p=19321","title":{"rendered":"Ingen kamp mot cancern?!"},"content":{"rendered":"<p><a href=\"https:\/\/sven-ove.nu\/wp-content\/uploads\/2018\/02\/Ljus.jpg\"><img loading=\"lazy\" decoding=\"async\" class=\"size-large wp-image-19322 alignnone\" src=\"https:\/\/sven-ove.nu\/wp-content\/uploads\/2018\/02\/Ljus-1024x1024.jpg\" alt=\"\" width=\"660\" height=\"660\" srcset=\"https:\/\/sven-ove.nu\/wp-content\/uploads\/2018\/02\/Ljus-1024x1024.jpg 1024w, https:\/\/sven-ove.nu\/wp-content\/uploads\/2018\/02\/Ljus-150x150.jpg 150w, https:\/\/sven-ove.nu\/wp-content\/uploads\/2018\/02\/Ljus-300x300.jpg 300w, https:\/\/sven-ove.nu\/wp-content\/uploads\/2018\/02\/Ljus-768x768.jpg 768w, https:\/\/sven-ove.nu\/wp-content\/uploads\/2018\/02\/Ljus.jpg 1280w\" sizes=\"auto, (max-width: 660px) 100vw, 660px\" \/><\/a><\/p>\n<blockquote><p>&#8221;Det \u00e4r ingen kamp man f\u00f6r. Cancer \u00e4r en sjukdom.&#8221;<\/p>\n<p>Jag har m\u00e4rkt att det \u00e4r fler och fler som har b\u00f6rjat s\u00e4ga s\u00e5. Fr\u00e5n sjukv\u00e5rdsfolk till litterat\u00f6rer, alla rabblar de l\u00e4xan. &#8221;Ingen kamp.&#8221;<\/p><\/blockquote>\n<p>Ska vi allts\u00e5 sluta kalla det kamp, bara f\u00f6r att det \u00e4r andra som sk\u00f6ter planering och behandling? Ska vi sluta be den drabbade v\u00e4nnen vara envis och k\u00e4mpa p\u00e5? Ska vi b\u00f6rja se ner p\u00e5 de stackars sm\u00e5barnsf\u00f6r\u00e4ldrar som skriver ett stolt och f\u00f6rtvivlat &#8221;K\u00e4mparnas konung&#8221; i d\u00f6dsannonsen, om barnet som dog?<\/p>\n<p>Aldrig i livet.<\/p>\n<p>Jag har suttit d\u00e4r i sjukhussalen och h\u00f6rt skalliga fem\u00e5ringar tr\u00f6sta sina f\u00f6r\u00e4ldrar. Sett dem h\u00e5lla hum\u00f6ret uppe p\u00e5 en hel sl\u00e4kt, s\u00e5 gott de f\u00f6rm\u00e5tt. Sett dem glatt k\u00f6ra rally i korridoren med sina nyp\u00e5fyllda droppst\u00e4llningar.<\/p>\n<p>Jag har sett barn i h\u00f6gstadie\u00e5ldern l\u00e4sa inf\u00f6r n\u00e4sta matteprov i sin fyrb\u00e4ddssal, pl\u00f6tsligt kr\u00e4kas i en rondsk\u00e5l p\u00e5 grund av cytostatikan och sekunden efter\u00e5t greppa matteboken igen. H\u00f6rt en sammanbiten fjorton\u00e5ring f\u00f6rs\u00f6ka r\u00e4tta till den senaste fyrkantiga planeringen planerarna hittat p\u00e5: &#8221;Jamen om jag ska str\u00e5las p\u00e5 m\u00e5ndag eftermiddag, d\u00e5 beh\u00f6ver jag v\u00e4l inte \u00e5ka 30 mil hit till \u00d6stra sjukhuset redan p\u00e5 s\u00f6ndagen?&#8221;<\/p>\n<p>Jag har st\u00e5tt i ett dagrum och kramat en pappa med tom blick, n\u00e4r jag till sist fattat vad orden han sa betydde. &#8221;Nu \u00e4r det \u00f6ver f\u00f6r honom.&#8221;<\/p>\n<p>Ingen ska inbilla mig att kampen \u00e4r delegerad. Inte till offentliga sektorn, inte till sjukv\u00e5rden, inte hela den kampen.<\/p>\n<p>Aldrig i livet.<\/p>\n<p>Jag gillar b\u00e5de sjukv\u00e5rd och offentlig sektor, tro inget annat, men nog \u00e4r det fler \u00e4n undersk\u00f6terska, sjuksk\u00f6terska och doktor som k\u00e4mpar.<\/p>\n<p>En cancersjukdom drabbar hela familjen, den drabbar sl\u00e4kt och v\u00e4nner och m\u00e5nga av dem f\u00e5r ocks\u00e5 vara med och k\u00e4mpa. Var och en p\u00e5 sitt s\u00e4tt. Sedan r\u00e5kar jag dessutom tro att det \u00e4r bra f\u00f6r patienten sj\u00e4lv att l\u00e4gga sig i planering och behandling &#8211; och k\u00e4mpa emot tum\u00f6rdj\u00e4vlarna.<\/p>\n<p>K\u00e4mpa emot sj\u00e4lv.<\/p>\n<p>Den dagen du ger tappt har du redan b\u00f6rjat nagga p\u00e5 livet utanf\u00f6r sjukhusmurarna. G\u00f6r inte det. Patient \u00e4r inte din identitet. Du \u00e4r en pigg fem\u00e5ring, en mattekunnig fjorton\u00e5ring, en klok \u00e4ldre kvinna med litteraturintresse. Du \u00e4r inte en diagnos.<\/p>\n<p>En f\u00e5r inte ge tappt.<\/p>\n<p><a href=\"https:\/\/sven-ove.nu\/wp-content\/uploads\/2018\/02\/Inte-ge-tappt.jpg\"><img loading=\"lazy\" decoding=\"async\" class=\"size-medium wp-image-19326 alignnone\" src=\"https:\/\/sven-ove.nu\/wp-content\/uploads\/2018\/02\/Inte-ge-tappt-300x300.jpg\" alt=\"\" width=\"300\" height=\"300\" srcset=\"https:\/\/sven-ove.nu\/wp-content\/uploads\/2018\/02\/Inte-ge-tappt-300x300.jpg 300w, https:\/\/sven-ove.nu\/wp-content\/uploads\/2018\/02\/Inte-ge-tappt-150x150.jpg 150w, https:\/\/sven-ove.nu\/wp-content\/uploads\/2018\/02\/Inte-ge-tappt-768x768.jpg 768w, https:\/\/sven-ove.nu\/wp-content\/uploads\/2018\/02\/Inte-ge-tappt-1024x1024.jpg 1024w, https:\/\/sven-ove.nu\/wp-content\/uploads\/2018\/02\/Inte-ge-tappt.jpg 1280w\" sizes=\"auto, (max-width: 300px) 100vw, 300px\" \/><\/a><\/p>\n<p><span style=\"color: #0000ff;\"><a style=\"color: #0000ff;\" href=\"https:\/\/sven-ove.nu\/\">Hem<\/a><\/span>\u00a0|\u00a0<span style=\"color: #0000ff;\"><a style=\"color: #0000ff;\" href=\"https:\/\/sven-ove.nu\/?page_id=170\">Om mig<\/a><\/span>\u00a0|\u00a0<a href=\"https:\/\/sven-ove.nu\/?page_id=1385\"><span style=\"color: #0000ff;\">Skriva &amp; prata<\/span><\/a>\u00a0|\u00a0<span style=\"color: #0000ff;\"><a style=\"color: #0000ff;\" href=\"https:\/\/sven-ove.nu\/?page_id=100\">Politik<\/a><\/span>\u00a0|\u00a0<span style=\"color: #0000ff;\"><a style=\"color: #0000ff;\" href=\"https:\/\/sven-ove.nu\/?page_id=102\">L\u00f6pa<\/a><\/span>\u00a0|\u00a0<span style=\"color: #0000ff;\"><a style=\"color: #0000ff;\" href=\"https:\/\/sven-ove.nu\/?page_id=108\">Viktor Root<\/a><\/span><br \/>\n<em>(c) Sven-Ove Svensson (men dela g\u00e4rna)<\/em><\/p>\n","protected":false},"excerpt":{"rendered":"<p>&#8221;Det \u00e4r ingen kamp man f\u00f6r. Cancer \u00e4r en sjukdom.&#8221; Jag har m\u00e4rkt att det \u00e4r fler och fler som har b\u00f6rjat s\u00e4ga s\u00e5. Fr\u00e5n sjukv\u00e5rdsfolk till litterat\u00f6rer, alla rabblar de l\u00e4xan. &#8221;Ingen kamp.&#8221; Ska vi allts\u00e5 sluta kalla det kamp, bara f\u00f6r att det \u00e4r andra som sk\u00f6ter planering och behandling? Ska vi sluta &hellip; <a href=\"https:\/\/sven-ove.nu\/?p=19321\" class=\"more-link\">Forts\u00e4tt l\u00e4sa <span class=\"screen-reader-text\">Ingen kamp mot cancern?!<\/span><\/a><\/p>\n","protected":false},"author":1,"featured_media":0,"comment_status":"open","ping_status":"open","sticky":false,"template":"","format":"standard","meta":{"_crdt_document":"","_monsterinsights_skip_tracking":false,"_monsterinsights_sitenote_active":false,"_monsterinsights_sitenote_note":"","_monsterinsights_sitenote_category":0,"footnotes":""},"categories":[10],"tags":[24,18,21,17],"class_list":["post-19321","post","type-post","status-publish","format-standard","hentry","category-familjen","tag-karlek","tag-lardomar","tag-ord","tag-solidaritet"],"_links":{"self":[{"href":"https:\/\/sven-ove.nu\/index.php?rest_route=\/wp\/v2\/posts\/19321","targetHints":{"allow":["GET"]}}],"collection":[{"href":"https:\/\/sven-ove.nu\/index.php?rest_route=\/wp\/v2\/posts"}],"about":[{"href":"https:\/\/sven-ove.nu\/index.php?rest_route=\/wp\/v2\/types\/post"}],"author":[{"embeddable":true,"href":"https:\/\/sven-ove.nu\/index.php?rest_route=\/wp\/v2\/users\/1"}],"replies":[{"embeddable":true,"href":"https:\/\/sven-ove.nu\/index.php?rest_route=%2Fwp%2Fv2%2Fcomments&post=19321"}],"version-history":[{"count":6,"href":"https:\/\/sven-ove.nu\/index.php?rest_route=\/wp\/v2\/posts\/19321\/revisions"}],"predecessor-version":[{"id":19329,"href":"https:\/\/sven-ove.nu\/index.php?rest_route=\/wp\/v2\/posts\/19321\/revisions\/19329"}],"wp:attachment":[{"href":"https:\/\/sven-ove.nu\/index.php?rest_route=%2Fwp%2Fv2%2Fmedia&parent=19321"}],"wp:term":[{"taxonomy":"category","embeddable":true,"href":"https:\/\/sven-ove.nu\/index.php?rest_route=%2Fwp%2Fv2%2Fcategories&post=19321"},{"taxonomy":"post_tag","embeddable":true,"href":"https:\/\/sven-ove.nu\/index.php?rest_route=%2Fwp%2Fv2%2Ftags&post=19321"}],"curies":[{"name":"wp","href":"https:\/\/api.w.org\/{rel}","templated":true}]}}