{"id":19335,"date":"2018-02-27T04:20:40","date_gmt":"2018-02-27T03:20:40","guid":{"rendered":"http:\/\/sven-ove.nu\/?p=19335"},"modified":"2018-02-27T07:58:40","modified_gmt":"2018-02-27T06:58:40","slug":"vinnarskallarna-och-kampen","status":"publish","type":"post","link":"https:\/\/sven-ove.nu\/?p=19335","title":{"rendered":"Vinnarskallarna och kampen"},"content":{"rendered":"<p style=\"padding-left: 30px;\"><a href=\"https:\/\/sven-ove.nu\/wp-content\/uploads\/2018\/02\/Sk\u00e4rmavbild-2018-02-26-kl.-10.23.16.jpg\"><img loading=\"lazy\" decoding=\"async\" class=\"size-full wp-image-19339 alignnone\" src=\"https:\/\/sven-ove.nu\/wp-content\/uploads\/2018\/02\/Sk\u00e4rmavbild-2018-02-26-kl.-10.23.16.jpg\" alt=\"\" width=\"409\" height=\"446\" srcset=\"https:\/\/sven-ove.nu\/wp-content\/uploads\/2018\/02\/Sk\u00e4rmavbild-2018-02-26-kl.-10.23.16.jpg 409w, https:\/\/sven-ove.nu\/wp-content\/uploads\/2018\/02\/Sk\u00e4rmavbild-2018-02-26-kl.-10.23.16-275x300.jpg 275w\" sizes=\"auto, (max-width: 409px) 100vw, 409px\" \/><\/a><\/p>\n<blockquote><p>Mitt blogginl\u00e4gg om hur cancerpatienter och deras omgivning k\u00e4mpar v\u00e4ckte diskussion. Bra, det var v\u00e4ntat och v\u00e4lkommet. Vem har sagt att vi m\u00e5ste vara \u00f6verens, s\u00e4rskilt som vi har olika erfarenheter av cancersjukdomarna och har varit med om situationen olika l\u00e4nge?<\/p><\/blockquote>\n<p>F\u00f6r mig handlar det om helhetsperspektiv p\u00e5 m\u00e4nniskan. Sj\u00e4lv kan jag inte bara se till det medicinska. Kniven, cytostatikan och str\u00e5lningen st\u00e5r f\u00f6r behandlingen men det h\u00e4nder s\u00e5 mycket mer i en m\u00e4nniskas tillvaro n\u00e4r elakartade tum\u00f6rer v\u00e4xer.<\/p>\n<p><strong>Provocerar vinnarskallar<br \/>\n<\/strong>Somliga blir s\u00e4rskilt provocerade av kampperspektivet, eftersom de k\u00e4nner att de inte kan vinna mot cancern och d\u00e5 ger detta skuldk\u00e4nslor. Ingen vill se sig som f\u00f6rlorare.<\/p>\n<p>Det argumentet \u00e4r t\u00e4nkv\u00e4rt. V\u00e4rst blir det f\u00f6rst\u00e5s f\u00f6r folk med vinnarskalle.<\/p>\n<p><strong>Liknelsen med lantbruksn\u00e4mnden<br \/>\n<\/strong>Min mening har aldrig varit att provocera om kampen. Men:<\/p>\n<p>Sj\u00e4lv v\u00e4xte jag upp p\u00e5 v\u00e4rml\u00e4ndsk landsbygd p\u00e5 1960-talet. Vi sm\u00e5brukare kunde knappast vinna kampen mot lantbruksn\u00e4mnd och marknadskrafter. L\u00e5ngt senare s\u00e5g jag lungcancern drabba en n\u00e4rst\u00e5ende. En kamp vi inte heller kunde vinna, den g\u00e5ngen.<\/p>\n<p><span style=\"color: #ff6600;\"><strong><em>###<\/em><\/strong><\/span><em> Och dock k\u00e4mpar vi.<br \/>\n<\/em><span style=\"color: #ff6600;\"><strong><em>###<\/em><\/strong><\/span><em> Det finns inget annat s\u00e4tt.<\/em><\/p>\n<p>Jag \u00e4r ingen expert men \u00e4r det inte dessutom s\u00e5 att fler och fler faktiskt blir friskf\u00f6rklarade?<em>\u00a0<\/em>De flesta, v\u00e4l?<\/p>\n<p style=\"padding-left: 30px;\"><strong><em>L\u00e4nk<\/em><\/strong><em>: blogginl\u00e4gget <\/em><span style=\"color: #0000ff;\"><a style=\"color: #0000ff;\" href=\"https:\/\/sven-ove.nu\/?p=19321\"><em>Ingen kamp mot cancern?!<\/em><\/a><\/span><\/p>\n<p><span style=\"color: #0000ff;\"><a style=\"color: #0000ff;\" href=\"https:\/\/sven-ove.nu\/\">Hem<\/a><\/span>\u00a0|\u00a0<span style=\"color: #0000ff;\"><a style=\"color: #0000ff;\" href=\"https:\/\/sven-ove.nu\/?page_id=170\">Om mig<\/a><\/span>\u00a0|\u00a0<span style=\"color: #0000ff;\"><a style=\"color: #0000ff;\" href=\"https:\/\/sven-ove.nu\/?page_id=1385\">Skriva &amp; prata<\/a><\/span>\u00a0|\u00a0<span style=\"color: #0000ff;\"><a style=\"color: #0000ff;\" href=\"https:\/\/sven-ove.nu\/?page_id=100\">Politik<\/a><\/span>\u00a0|\u00a0<span style=\"color: #0000ff;\"><a style=\"color: #0000ff;\" href=\"https:\/\/sven-ove.nu\/?page_id=102\">L\u00f6pa<\/a><\/span>\u00a0|\u00a0<span style=\"color: #0000ff;\"><a style=\"color: #0000ff;\" href=\"https:\/\/sven-ove.nu\/?page_id=108\">Viktor Root<\/a><\/span><br \/>\n<em>(c) Sven-Ove Svensson (men dela g\u00e4rna)<\/em><\/p>\n","protected":false},"excerpt":{"rendered":"<p>Mitt blogginl\u00e4gg om hur cancerpatienter och deras omgivning k\u00e4mpar v\u00e4ckte diskussion. Bra, det var v\u00e4ntat och v\u00e4lkommet. Vem har sagt att vi m\u00e5ste vara \u00f6verens, s\u00e4rskilt som vi har olika erfarenheter av cancersjukdomarna och har varit med om situationen olika l\u00e4nge? F\u00f6r mig handlar det om helhetsperspektiv p\u00e5 m\u00e4nniskan. Sj\u00e4lv kan jag inte bara se &hellip; <a href=\"https:\/\/sven-ove.nu\/?p=19335\" class=\"more-link\">Forts\u00e4tt l\u00e4sa <span class=\"screen-reader-text\">Vinnarskallarna och kampen<\/span><\/a><\/p>\n","protected":false},"author":1,"featured_media":0,"comment_status":"open","ping_status":"open","sticky":false,"template":"","format":"standard","meta":{"_crdt_document":"","_monsterinsights_skip_tracking":false,"_monsterinsights_sitenote_active":false,"_monsterinsights_sitenote_note":"","_monsterinsights_sitenote_category":0,"footnotes":""},"categories":[10,4],"tags":[24,18,17],"class_list":["post-19335","post","type-post","status-publish","format-standard","hentry","category-familjen","category-skrivande","tag-karlek","tag-lardomar","tag-solidaritet"],"_links":{"self":[{"href":"https:\/\/sven-ove.nu\/index.php?rest_route=\/wp\/v2\/posts\/19335","targetHints":{"allow":["GET"]}}],"collection":[{"href":"https:\/\/sven-ove.nu\/index.php?rest_route=\/wp\/v2\/posts"}],"about":[{"href":"https:\/\/sven-ove.nu\/index.php?rest_route=\/wp\/v2\/types\/post"}],"author":[{"embeddable":true,"href":"https:\/\/sven-ove.nu\/index.php?rest_route=\/wp\/v2\/users\/1"}],"replies":[{"embeddable":true,"href":"https:\/\/sven-ove.nu\/index.php?rest_route=%2Fwp%2Fv2%2Fcomments&post=19335"}],"version-history":[{"count":9,"href":"https:\/\/sven-ove.nu\/index.php?rest_route=\/wp\/v2\/posts\/19335\/revisions"}],"predecessor-version":[{"id":19348,"href":"https:\/\/sven-ove.nu\/index.php?rest_route=\/wp\/v2\/posts\/19335\/revisions\/19348"}],"wp:attachment":[{"href":"https:\/\/sven-ove.nu\/index.php?rest_route=%2Fwp%2Fv2%2Fmedia&parent=19335"}],"wp:term":[{"taxonomy":"category","embeddable":true,"href":"https:\/\/sven-ove.nu\/index.php?rest_route=%2Fwp%2Fv2%2Fcategories&post=19335"},{"taxonomy":"post_tag","embeddable":true,"href":"https:\/\/sven-ove.nu\/index.php?rest_route=%2Fwp%2Fv2%2Ftags&post=19335"}],"curies":[{"name":"wp","href":"https:\/\/api.w.org\/{rel}","templated":true}]}}