{"id":19353,"date":"2018-03-01T04:35:19","date_gmt":"2018-03-01T03:35:19","guid":{"rendered":"http:\/\/sven-ove.nu\/?p=19353"},"modified":"2018-02-27T10:39:30","modified_gmt":"2018-02-27T09:39:30","slug":"den-magiska-februaribagen","status":"publish","type":"post","link":"https:\/\/sven-ove.nu\/?p=19353","title":{"rendered":"Den magiska februarib\u00e5gen"},"content":{"rendered":"<p><a href=\"https:\/\/sven-ove.nu\/wp-content\/uploads\/2018\/02\/Ofoto.jpeg\"><img loading=\"lazy\" decoding=\"async\" class=\"size-medium wp-image-19354 alignnone\" src=\"https:\/\/sven-ove.nu\/wp-content\/uploads\/2018\/02\/Ofoto-300x225.jpeg\" alt=\"\" width=\"300\" height=\"225\" srcset=\"https:\/\/sven-ove.nu\/wp-content\/uploads\/2018\/02\/Ofoto-300x225.jpeg 300w, https:\/\/sven-ove.nu\/wp-content\/uploads\/2018\/02\/Ofoto-768x576.jpeg 768w, https:\/\/sven-ove.nu\/wp-content\/uploads\/2018\/02\/Ofoto.jpeg 1024w\" sizes=\"auto, (max-width: 300px) 100vw, 300px\" \/><\/a><\/p>\n<p style=\"padding-left: 30px;\"><em>Ofoto.<\/em><\/p>\n<p>&nbsp;<\/p>\n<h3>M\u00f6te bland sn\u00f6kristaller<\/h3>\n<p>En g\u00e5ng i mitt liv har jag sett en regnb\u00e5ge p\u00e5 30 meters h\u00e5ll.<br \/>\nJag \u00e4r glad att jag inte fotograferade den.<\/p>\n<p>Heter det regnb\u00e5ge p\u00e5 vintern?<\/p>\n<p>&nbsp;<\/p>\n<p><em>(Sk\u00e5re, Karlstad, februari 2018)<\/em><\/p>\n","protected":false},"excerpt":{"rendered":"<p>Ofoto. &nbsp; M\u00f6te bland sn\u00f6kristaller En g\u00e5ng i mitt liv har jag sett en regnb\u00e5ge p\u00e5 30 meters h\u00e5ll. Jag \u00e4r glad att jag inte fotograferade den. Heter det regnb\u00e5ge p\u00e5 vintern? &nbsp; (Sk\u00e5re, Karlstad, februari 2018)<\/p>\n","protected":false},"author":1,"featured_media":0,"comment_status":"open","ping_status":"open","sticky":false,"template":"","format":"standard","meta":{"_crdt_document":"","_monsterinsights_skip_tracking":false,"_monsterinsights_sitenote_active":false,"_monsterinsights_sitenote_note":"","_monsterinsights_sitenote_category":0,"footnotes":""},"categories":[6],"tags":[24],"class_list":["post-19353","post","type-post","status-publish","format-standard","hentry","category-natur","tag-karlek"],"_links":{"self":[{"href":"https:\/\/sven-ove.nu\/index.php?rest_route=\/wp\/v2\/posts\/19353","targetHints":{"allow":["GET"]}}],"collection":[{"href":"https:\/\/sven-ove.nu\/index.php?rest_route=\/wp\/v2\/posts"}],"about":[{"href":"https:\/\/sven-ove.nu\/index.php?rest_route=\/wp\/v2\/types\/post"}],"author":[{"embeddable":true,"href":"https:\/\/sven-ove.nu\/index.php?rest_route=\/wp\/v2\/users\/1"}],"replies":[{"embeddable":true,"href":"https:\/\/sven-ove.nu\/index.php?rest_route=%2Fwp%2Fv2%2Fcomments&post=19353"}],"version-history":[{"count":4,"href":"https:\/\/sven-ove.nu\/index.php?rest_route=\/wp\/v2\/posts\/19353\/revisions"}],"predecessor-version":[{"id":19358,"href":"https:\/\/sven-ove.nu\/index.php?rest_route=\/wp\/v2\/posts\/19353\/revisions\/19358"}],"wp:attachment":[{"href":"https:\/\/sven-ove.nu\/index.php?rest_route=%2Fwp%2Fv2%2Fmedia&parent=19353"}],"wp:term":[{"taxonomy":"category","embeddable":true,"href":"https:\/\/sven-ove.nu\/index.php?rest_route=%2Fwp%2Fv2%2Fcategories&post=19353"},{"taxonomy":"post_tag","embeddable":true,"href":"https:\/\/sven-ove.nu\/index.php?rest_route=%2Fwp%2Fv2%2Ftags&post=19353"}],"curies":[{"name":"wp","href":"https:\/\/api.w.org\/{rel}","templated":true}]}}