{"id":19386,"date":"2018-03-06T04:27:00","date_gmt":"2018-03-06T03:27:00","guid":{"rendered":"http:\/\/sven-ove.nu\/?p=19386"},"modified":"2018-03-06T07:00:12","modified_gmt":"2018-03-06T06:00:12","slug":"19386","status":"publish","type":"post","link":"https:\/\/sven-ove.nu\/?p=19386","title":{"rendered":"Skamligt kopierat, ministern"},"content":{"rendered":"<p><a href=\"https:\/\/sven-ove.nu\/wp-content\/uploads\/2018\/03\/Ledsen-gubbe.jpg\"><img loading=\"lazy\" decoding=\"async\" class=\"size-large wp-image-19388 alignnone\" src=\"https:\/\/sven-ove.nu\/wp-content\/uploads\/2018\/03\/Ledsen-gubbe-1024x780.jpg\" alt=\"\" width=\"660\" height=\"503\" srcset=\"https:\/\/sven-ove.nu\/wp-content\/uploads\/2018\/03\/Ledsen-gubbe-1024x780.jpg 1024w, https:\/\/sven-ove.nu\/wp-content\/uploads\/2018\/03\/Ledsen-gubbe-300x229.jpg 300w, https:\/\/sven-ove.nu\/wp-content\/uploads\/2018\/03\/Ledsen-gubbe-768x585.jpg 768w, https:\/\/sven-ove.nu\/wp-content\/uploads\/2018\/03\/Ledsen-gubbe.jpg 1280w\" sizes=\"auto, (max-width: 660px) 100vw, 660px\" \/><\/a><\/p>\n<blockquote><p>Demokratisk socialist. Tv\u00e5 vackra ord tillsammans. Som smultron och gr\u00e4dde, solglitter och sn\u00f6, \u00e4nkan och hennes sk\u00e4rv, internationalism och solidaritet.<\/p><\/blockquote>\n<p>Just n\u00e4r jag f\u00f6rs\u00f6ker m\u00e5la upp min dr\u00f6mda bild av ett samh\u00e4lle klampar finansministern in och trampar p\u00e5 tavlan. F\u00e4rgen p\u00e5 m\u00e5lningen kletar ut, staffliet lossnar.<\/p>\n<p style=\"padding-left: 30px;\"><strong>Vi ska inte ha sv\u00e4ngd\u00f6rrar in i Sverige, skriver Magdalena Andersson. Ge inte pengar i tiggarens mugg, s\u00e4ger Magdalena Andersson.<\/strong><\/p>\n<p>Just d\u00e5 ser jag bara tv\u00e5 m\u00f6jligheter. Endera begriper v\u00e5r h\u00f6gt skolade finansminister inte ett dugg om vilka konsekvenser ett ministeruttalande f\u00e5r. Eller ocks\u00e5 f\u00f6rst\u00e5r hon symbolorden mycket v\u00e4l.<\/p>\n<p>B\u00e5da alternativen \u00e4r lika d\u00e5liga.<\/p>\n<p><strong>Norr om herrg\u00e5rn<br \/>\n<\/strong>En g\u00e5ng i tiden var min morfar facklig pionj\u00e4r bland byggnadsarbetarna i Karlstad. Jag beh\u00f6ver inte forska l\u00e5ngt bak\u00e5t i sl\u00e4kten f\u00f6r att hitta fattiga torpare och dagsverkskarlar och deras familjer. St\u00e4llet d\u00e4r morfar Fritiof f\u00f6ddes hette Kulan och l\u00e5g p\u00e5 berget norr om herrg\u00e5rn. Huset finns inte kvar, skogen har tagit marken tillbaka.<\/p>\n<p>Det var f\u00f6r att fattiga arbetskarlar och kvinnor skulle f\u00e5 det b\u00e4ttre som de organiserade sig, i Karlstad och p\u00e5 andra h\u00e5ll. S\u00e5 blev det ocks\u00e5. I dag \u00e4r sur sill eller lingonsylt och mj\u00f6lk ganska ovanliga huvudm\u00e5l f\u00f6r svensk arbetarklass en m\u00e5ndag i b\u00f6rjan p\u00e5 m\u00e5naden.<\/p>\n<p>Tack f\u00f6r det, pionj\u00e4rer.<\/p>\n<p><strong>Folkf\u00f6rakt<\/strong> <strong>ur<\/strong> <strong>ministermun<br \/>\n<\/strong>&#8221;Upp tr\u00e4lar uti alla stater&#8230;&#8221;. Hur ska en finansminister med finansministermakt, finansministerl\u00f6n och Harvard-utbildning kunna identifiera sig med de orden l\u00e4ngre? F\u00f6r varje dag som g\u00e5r kommer hon l\u00e4ngre bort fr\u00e5n stunden d\u00e5 den f\u00f6rsta fackf\u00f6reningen bildades, d\u00e5 det f\u00f6rsta fackliga l\u00f6ftet gavs att inte ta jobb f\u00f6r skaml\u00f6ner, d\u00e5 den f\u00f6rsta a-kassan bildades, d\u00e5 de f\u00f6rsta v\u00e4lf\u00e4rdsbesluten togs i riksdagen och det f\u00f6rsta snickrandet p\u00e5 folkhem och fackliga lagar b\u00f6rjade.<\/p>\n<p>Jag tycker inte om att beh\u00f6va skriva det, f\u00f6r jag tror fortfarande p\u00e5 Axel Danielssons demokratiska socialism. Men det \u00e4r skamligt av en r\u00f6dgr\u00f6n regering att prata om sv\u00e4ngd\u00f6rrar n\u00e4r vi vet vad symbolord betyder och att be oss v\u00e4nda ryggen till medm\u00e4nniskor som sitter p\u00e5 gatan och fryser. De kallaste dagarna vi har s\u00e4ger hon det.<\/p>\n<p>Skamligt.<br \/>\nFolkf\u00f6rakt \u00e4r illa nog n\u00e4r det kommer fr\u00e5n originalet.<\/p>\n<p>S\u00e5n skit beh\u00f6vde du inte kopiera, Magdalena.<\/p>\n<p>&nbsp;<\/p>\n<p style=\"text-align: left;\"><em><span style=\"color: #ff6600;\"><strong>L\u00e4nk<\/strong>:<\/span> <span style=\"color: #0000ff;\"><a style=\"color: #0000ff;\" href=\"https:\/\/sven-ove.nu\/?p=14031\">Pengarna i tiggarens mugg en investering f\u00f6r framtiden<\/a> <\/span>(9 febr 2016)<\/em><\/p>\n<p><a href=\"https:\/\/sven-ove.nu\/wp-content\/uploads\/2018\/03\/S-demokrat-1.jpg\"><img loading=\"lazy\" decoding=\"async\" class=\"alignleft size-full wp-image-19397\" src=\"https:\/\/sven-ove.nu\/wp-content\/uploads\/2018\/03\/S-demokrat-1.jpg\" alt=\"\" width=\"675\" height=\"369\" srcset=\"https:\/\/sven-ove.nu\/wp-content\/uploads\/2018\/03\/S-demokrat-1.jpg 675w, https:\/\/sven-ove.nu\/wp-content\/uploads\/2018\/03\/S-demokrat-1-300x164.jpg 300w\" sizes=\"auto, (max-width: 675px) 100vw, 675px\" \/><\/a><\/p>\n<p><span style=\"color: #0000ff;\"><a style=\"color: #0000ff;\" href=\"https:\/\/sven-ove.nu\/\">Hem<\/a><\/span>\u00a0|\u00a0<span style=\"color: #0000ff;\"><a style=\"color: #0000ff;\" href=\"https:\/\/sven-ove.nu\/?page_id=170\">Om mig<\/a><\/span>\u00a0|\u00a0<a href=\"https:\/\/sven-ove.nu\/?page_id=1385\"><span style=\"color: #0000ff;\">Skriva &amp; prata<\/span><\/a>\u00a0|\u00a0<span style=\"color: #0000ff;\"><a style=\"color: #0000ff;\" href=\"https:\/\/sven-ove.nu\/?page_id=100\">Politik<\/a><\/span>\u00a0|\u00a0<span style=\"color: #0000ff;\"><a style=\"color: #0000ff;\" href=\"https:\/\/sven-ove.nu\/?page_id=102\">L\u00f6pa<\/a><\/span>\u00a0|\u00a0<span style=\"color: #0000ff;\"><a style=\"color: #0000ff;\" href=\"https:\/\/sven-ove.nu\/?page_id=108\">Viktor Root<\/a><\/span><br \/>\n<em>(c) Sven-Ove Svensson (men dela g\u00e4rna)<\/em><\/p>\n","protected":false},"excerpt":{"rendered":"<p>Demokratisk socialist. Tv\u00e5 vackra ord tillsammans. Som smultron och gr\u00e4dde, solglitter och sn\u00f6, \u00e4nkan och hennes sk\u00e4rv, internationalism och solidaritet. Just n\u00e4r jag f\u00f6rs\u00f6ker m\u00e5la upp min dr\u00f6mda bild av ett samh\u00e4lle klampar finansministern in och trampar p\u00e5 tavlan. F\u00e4rgen p\u00e5 m\u00e5lningen kletar ut, staffliet lossnar. Vi ska inte ha sv\u00e4ngd\u00f6rrar in i Sverige, skriver &hellip; <a href=\"https:\/\/sven-ove.nu\/?p=19386\" class=\"more-link\">Forts\u00e4tt l\u00e4sa <span class=\"screen-reader-text\">Skamligt kopierat, ministern<\/span><\/a><\/p>\n","protected":false},"author":1,"featured_media":0,"comment_status":"open","ping_status":"open","sticky":false,"template":"","format":"standard","meta":{"_crdt_document":"","_monsterinsights_skip_tracking":false,"_monsterinsights_sitenote_active":false,"_monsterinsights_sitenote_note":"","_monsterinsights_sitenote_category":0,"footnotes":""},"categories":[9],"tags":[3,16,8,18,14,20,17],"class_list":["post-19386","post","type-post","status-publish","format-standard","hentry","category-politik","tag-arbete","tag-dumheter","tag-historia","tag-lardomar","tag-lasning","tag-rad","tag-solidaritet"],"_links":{"self":[{"href":"https:\/\/sven-ove.nu\/index.php?rest_route=\/wp\/v2\/posts\/19386","targetHints":{"allow":["GET"]}}],"collection":[{"href":"https:\/\/sven-ove.nu\/index.php?rest_route=\/wp\/v2\/posts"}],"about":[{"href":"https:\/\/sven-ove.nu\/index.php?rest_route=\/wp\/v2\/types\/post"}],"author":[{"embeddable":true,"href":"https:\/\/sven-ove.nu\/index.php?rest_route=\/wp\/v2\/users\/1"}],"replies":[{"embeddable":true,"href":"https:\/\/sven-ove.nu\/index.php?rest_route=%2Fwp%2Fv2%2Fcomments&post=19386"}],"version-history":[{"count":13,"href":"https:\/\/sven-ove.nu\/index.php?rest_route=\/wp\/v2\/posts\/19386\/revisions"}],"predecessor-version":[{"id":19411,"href":"https:\/\/sven-ove.nu\/index.php?rest_route=\/wp\/v2\/posts\/19386\/revisions\/19411"}],"wp:attachment":[{"href":"https:\/\/sven-ove.nu\/index.php?rest_route=%2Fwp%2Fv2%2Fmedia&parent=19386"}],"wp:term":[{"taxonomy":"category","embeddable":true,"href":"https:\/\/sven-ove.nu\/index.php?rest_route=%2Fwp%2Fv2%2Fcategories&post=19386"},{"taxonomy":"post_tag","embeddable":true,"href":"https:\/\/sven-ove.nu\/index.php?rest_route=%2Fwp%2Fv2%2Ftags&post=19386"}],"curies":[{"name":"wp","href":"https:\/\/api.w.org\/{rel}","templated":true}]}}