{"id":19412,"date":"2018-03-07T04:47:59","date_gmt":"2018-03-07T03:47:59","guid":{"rendered":"http:\/\/sven-ove.nu\/?p=19412"},"modified":"2018-03-06T22:17:16","modified_gmt":"2018-03-06T21:17:16","slug":"vindfallesafari-med-stativskruvning","status":"publish","type":"post","link":"https:\/\/sven-ove.nu\/?p=19412","title":{"rendered":"Vindf\u00e4llesafari med stativskruvning"},"content":{"rendered":"<p><a href=\"https:\/\/sven-ove.nu\/wp-content\/uploads\/2018\/03\/Vindf\u00e4llekrona.jpg\"><img loading=\"lazy\" decoding=\"async\" class=\"size-large wp-image-19416 alignnone\" src=\"https:\/\/sven-ove.nu\/wp-content\/uploads\/2018\/03\/Vindf\u00e4llekrona-1024x773.jpg\" alt=\"\" width=\"660\" height=\"498\" srcset=\"https:\/\/sven-ove.nu\/wp-content\/uploads\/2018\/03\/Vindf\u00e4llekrona-1024x773.jpg 1024w, https:\/\/sven-ove.nu\/wp-content\/uploads\/2018\/03\/Vindf\u00e4llekrona-300x226.jpg 300w, https:\/\/sven-ove.nu\/wp-content\/uploads\/2018\/03\/Vindf\u00e4llekrona-768x580.jpg 768w, https:\/\/sven-ove.nu\/wp-content\/uploads\/2018\/03\/Vindf\u00e4llekrona.jpg 1130w\" sizes=\"auto, (max-width: 660px) 100vw, 660px\" \/><\/a><\/p>\n<p>Jag m\u00e5ste b\u00f6rja tr\u00e4na p\u00e5 att se. <span style=\"color: #0000ff;\"><a style=\"color: #0000ff;\" href=\"https:\/\/sven-ove.nu\/?p=19077\">Osk\u00e4rpa<\/a><\/span> \u00e4r l\u00e4tt. <span style=\"color: #0000ff;\"><a style=\"color: #0000ff;\" href=\"https:\/\/sven-ove.nu\/?p=19153\">Istapp<\/a><\/span> mot ljus bakgrund kan g\u00e5. Men mulenhet? Gr\u00e5tt ljus utan djur? Jag h\u00e4nger kameran med nya l\u00e5nga objektivet p\u00e5 axeln och g\u00e5r 200 meter till en skog.<\/p>\n<p>M\u00e5let: tre bilder som jag inte vill radera direkt.<br \/>\nHimlen \u00e4r gr\u00e5, sn\u00f6n bl\u00e5gr\u00e5, det \u00e4r gr\u00e5 eftermiddag i mars.<\/p>\n<p><strong>Gubb-kursen<br \/>\n<\/strong>Du f\u00f6ljer just nu en direkts\u00e4ndning i programmet <em>Gubbe Funderar P\u00e5 Att L\u00e4ra Sig B\u00e4tterkameran Lite B\u00e4ttre<\/em>. Vi har en dyrare kamera \u00e4n mobilkamerorna i familjen, visst. Den har vi haft n\u00e5gra \u00e5r men mest anv\u00e4nt till (n\u00e5gra f\u00e5) familjefoton. Oftast g\u00f6r jag som alla andra familjefotande f\u00e4der \u00e5r 2018. Fotar med mobilen.<\/p>\n<p>Det kan bli r\u00e4tt bra bilder det med. Jag vet folk som gjort b\u00e5de bok och fotoutst\u00e4llning av sina mobilfoton.<\/p>\n<p>Nu g\u00e5r jag ut p\u00e5 trappan med dyrkameran i n\u00e4ven, provavfyrar mot fotsteg bort till garageuppfart, mot sn\u00f6h\u00f6g bredvid elhus, mot nordamerikansk bilbak ett par hus s\u00f6derut samt mot r\u00e5djurssp\u00e5r i ljusmjuk sn\u00f6. Det \u00e4r som om ingenting hade kontur.<\/p>\n<p><strong>Kall om handen<br \/>\n<\/strong>Sj\u00e4lvinstruktionskursen g\u00e5r vidare. Jag b\u00f6rjar bli b\u00e4ttre och b\u00e4ttre p\u00e5 att skruva dit nya enbensstativet, objektivl\u00e5set sitter som en sm\u00e4ck och auto- och manuella fokuset fungerar flinkare och flinkare f\u00f6r fingrarna. Vantarna har \u00e5kt av och jag fryser om v\u00e4nstern\u00e4ven som h\u00e5ller kameran.<\/p>\n<p>Med tungan i h\u00f6ger mungipa f\u00f6rs\u00f6ker jag st\u00e4lla in sk\u00e4rpan p\u00e5 en buske bredvid den mjuka konturl\u00f6sa stigen, p\u00e5 barren p\u00e5 en grangren som vinden kr\u00e5nglar med, p\u00e5 ett rufsigt vindf\u00e4lle och p\u00e5 allt m\u00f6jligt annat som bor i en t\u00e4tortsn\u00e4ra skog.<\/p>\n<p>Ljuset? Det \u00e4r t\u00e4nkt f\u00f6r portr\u00e4tt i dag.<br \/>\nKlick klick klick. I dag har jag l\u00e4rt mig lite mer. Sk\u00f4j!<\/p>\n<p><em><span style=\"color: #ff6600;\"><strong>##<\/strong><\/span> B\u00e4st \u00e4r jag p\u00e5 att hala upp stativet.<br \/>\n<\/em><em><span style=\"color: #ff6600;\"><strong>##<\/strong><\/span> D\u00e4r \u00e4r jag skarp.<\/em><\/p>\n<p><a href=\"https:\/\/sven-ove.nu\/wp-content\/uploads\/2018\/03\/Sn\u00f6stig.jpg\"><img loading=\"lazy\" decoding=\"async\" class=\"size-large wp-image-19417 alignnone\" src=\"https:\/\/sven-ove.nu\/wp-content\/uploads\/2018\/03\/Sn\u00f6stig-1024x682.jpg\" alt=\"\" width=\"660\" height=\"440\" srcset=\"https:\/\/sven-ove.nu\/wp-content\/uploads\/2018\/03\/Sn\u00f6stig-1024x682.jpg 1024w, https:\/\/sven-ove.nu\/wp-content\/uploads\/2018\/03\/Sn\u00f6stig-300x200.jpg 300w, https:\/\/sven-ove.nu\/wp-content\/uploads\/2018\/03\/Sn\u00f6stig-768x512.jpg 768w, https:\/\/sven-ove.nu\/wp-content\/uploads\/2018\/03\/Sn\u00f6stig.jpg 1280w\" sizes=\"auto, (max-width: 660px) 100vw, 660px\" \/><\/a><\/p>\n<p><a href=\"https:\/\/sven-ove.nu\/wp-content\/uploads\/2018\/03\/\u00c4nde.jpg\"><img loading=\"lazy\" decoding=\"async\" class=\"size-large wp-image-19418 alignnone\" src=\"https:\/\/sven-ove.nu\/wp-content\/uploads\/2018\/03\/\u00c4nde-1024x682.jpg\" alt=\"\" width=\"660\" height=\"440\" srcset=\"https:\/\/sven-ove.nu\/wp-content\/uploads\/2018\/03\/\u00c4nde-1024x682.jpg 1024w, https:\/\/sven-ove.nu\/wp-content\/uploads\/2018\/03\/\u00c4nde-300x200.jpg 300w, https:\/\/sven-ove.nu\/wp-content\/uploads\/2018\/03\/\u00c4nde-768x512.jpg 768w, https:\/\/sven-ove.nu\/wp-content\/uploads\/2018\/03\/\u00c4nde.jpg 1280w\" sizes=\"auto, (max-width: 660px) 100vw, 660px\" \/><\/a><\/p>\n<p><a href=\"https:\/\/sven-ove.nu\/wp-content\/uploads\/2018\/03\/Grangren.jpg\"><img loading=\"lazy\" decoding=\"async\" class=\"size-medium wp-image-19419 alignnone\" src=\"https:\/\/sven-ove.nu\/wp-content\/uploads\/2018\/03\/Grangren-300x200.jpg\" alt=\"\" width=\"300\" height=\"200\" srcset=\"https:\/\/sven-ove.nu\/wp-content\/uploads\/2018\/03\/Grangren-300x200.jpg 300w, https:\/\/sven-ove.nu\/wp-content\/uploads\/2018\/03\/Grangren-768x512.jpg 768w, https:\/\/sven-ove.nu\/wp-content\/uploads\/2018\/03\/Grangren-1024x682.jpg 1024w, https:\/\/sven-ove.nu\/wp-content\/uploads\/2018\/03\/Grangren.jpg 1280w\" sizes=\"auto, (max-width: 300px) 100vw, 300px\" \/><\/a><\/p>\n<p><span style=\"color: #0000ff;\"><a style=\"color: #0000ff;\" href=\"https:\/\/sven-ove.nu\/\">Hem<\/a><\/span>\u00a0|\u00a0<span style=\"color: #0000ff;\"><a style=\"color: #0000ff;\" href=\"https:\/\/sven-ove.nu\/?page_id=170\">Om mig<\/a><\/span>\u00a0|\u00a0<span style=\"color: #0000ff;\"><a style=\"color: #0000ff;\" href=\"https:\/\/sven-ove.nu\/?page_id=1385\">Skriva &amp; prata<\/a><\/span>\u00a0|\u00a0<span style=\"color: #0000ff;\"><a style=\"color: #0000ff;\" href=\"https:\/\/sven-ove.nu\/?page_id=100\">Politik<\/a><\/span>\u00a0|\u00a0<span style=\"color: #0000ff;\"><a style=\"color: #0000ff;\" href=\"https:\/\/sven-ove.nu\/?page_id=102\">L\u00f6pa<\/a><\/span>\u00a0|\u00a0<span style=\"color: #0000ff;\"><a style=\"color: #0000ff;\" href=\"https:\/\/sven-ove.nu\/?page_id=108\">Viktor Root<\/a><\/span><br \/>\n<em>(c) Sven-Ove Svensson (men dela g\u00e4rna)<\/em><\/p>\n","protected":false},"excerpt":{"rendered":"<p>Jag m\u00e5ste b\u00f6rja tr\u00e4na p\u00e5 att se. Osk\u00e4rpa \u00e4r l\u00e4tt. Istapp mot ljus bakgrund kan g\u00e5. Men mulenhet? Gr\u00e5tt ljus utan djur? Jag h\u00e4nger kameran med nya l\u00e5nga objektivet p\u00e5 axeln och g\u00e5r 200 meter till en skog. M\u00e5let: tre bilder som jag inte vill radera direkt. Himlen \u00e4r gr\u00e5, sn\u00f6n bl\u00e5gr\u00e5, det \u00e4r gr\u00e5 &hellip; <a href=\"https:\/\/sven-ove.nu\/?p=19412\" class=\"more-link\">Forts\u00e4tt l\u00e4sa <span class=\"screen-reader-text\">Vindf\u00e4llesafari med stativskruvning<\/span><\/a><\/p>\n","protected":false},"author":1,"featured_media":0,"comment_status":"open","ping_status":"open","sticky":false,"template":"","format":"standard","meta":{"_crdt_document":"","_monsterinsights_skip_tracking":false,"_monsterinsights_sitenote_active":false,"_monsterinsights_sitenote_note":"","_monsterinsights_sitenote_category":0,"footnotes":""},"categories":[34,6],"tags":[24,18,13],"class_list":["post-19412","post","type-post","status-publish","format-standard","hentry","category-foto","category-natur","tag-karlek","tag-lardomar","tag-utrustning"],"_links":{"self":[{"href":"https:\/\/sven-ove.nu\/index.php?rest_route=\/wp\/v2\/posts\/19412","targetHints":{"allow":["GET"]}}],"collection":[{"href":"https:\/\/sven-ove.nu\/index.php?rest_route=\/wp\/v2\/posts"}],"about":[{"href":"https:\/\/sven-ove.nu\/index.php?rest_route=\/wp\/v2\/types\/post"}],"author":[{"embeddable":true,"href":"https:\/\/sven-ove.nu\/index.php?rest_route=\/wp\/v2\/users\/1"}],"replies":[{"embeddable":true,"href":"https:\/\/sven-ove.nu\/index.php?rest_route=%2Fwp%2Fv2%2Fcomments&post=19412"}],"version-history":[{"count":9,"href":"https:\/\/sven-ove.nu\/index.php?rest_route=\/wp\/v2\/posts\/19412\/revisions"}],"predecessor-version":[{"id":19425,"href":"https:\/\/sven-ove.nu\/index.php?rest_route=\/wp\/v2\/posts\/19412\/revisions\/19425"}],"wp:attachment":[{"href":"https:\/\/sven-ove.nu\/index.php?rest_route=%2Fwp%2Fv2%2Fmedia&parent=19412"}],"wp:term":[{"taxonomy":"category","embeddable":true,"href":"https:\/\/sven-ove.nu\/index.php?rest_route=%2Fwp%2Fv2%2Fcategories&post=19412"},{"taxonomy":"post_tag","embeddable":true,"href":"https:\/\/sven-ove.nu\/index.php?rest_route=%2Fwp%2Fv2%2Ftags&post=19412"}],"curies":[{"name":"wp","href":"https:\/\/api.w.org\/{rel}","templated":true}]}}