{"id":19426,"date":"2018-03-08T04:21:54","date_gmt":"2018-03-08T03:21:54","guid":{"rendered":"http:\/\/sven-ove.nu\/?p=19426"},"modified":"2018-03-08T09:39:45","modified_gmt":"2018-03-08T08:39:45","slug":"nar-vi-var-fler-an-en-per-by","status":"publish","type":"post","link":"https:\/\/sven-ove.nu\/?p=19426","title":{"rendered":"N\u00e4r vi var fler \u00e4n en per by"},"content":{"rendered":"<p><a href=\"https:\/\/sven-ove.nu\/wp-content\/uploads\/2018\/03\/Stekpanna.jpg\"><img loading=\"lazy\" decoding=\"async\" class=\"size-large wp-image-19428 alignnone\" src=\"https:\/\/sven-ove.nu\/wp-content\/uploads\/2018\/03\/Stekpanna-1024x1024.jpg\" alt=\"\" width=\"660\" height=\"660\" srcset=\"https:\/\/sven-ove.nu\/wp-content\/uploads\/2018\/03\/Stekpanna-1024x1024.jpg 1024w, https:\/\/sven-ove.nu\/wp-content\/uploads\/2018\/03\/Stekpanna-150x150.jpg 150w, https:\/\/sven-ove.nu\/wp-content\/uploads\/2018\/03\/Stekpanna-300x300.jpg 300w, https:\/\/sven-ove.nu\/wp-content\/uploads\/2018\/03\/Stekpanna-768x768.jpg 768w, https:\/\/sven-ove.nu\/wp-content\/uploads\/2018\/03\/Stekpanna.jpg 1280w\" sizes=\"auto, (max-width: 660px) 100vw, 660px\" \/><\/a><\/p>\n<blockquote><p>Onsdag. Tittar p\u00e5 ett program om samer som lagen placerade utanf\u00f6r renbetessk\u00f6tseln. Sedan f\u00f6rlorade de samiskan.<br \/>\nD\u00e4r \u00e4r inte jag men jag \u00e4lskar ungdomarna som f\u00f6rs\u00f6ker vinna sitt spr\u00e5k tillbaka. Ett av de nio samiska spr\u00e5ken.<\/p><\/blockquote>\n<p>D\u00e4r \u00e4r inte jag. \u00c4nd\u00e5 f\u00f6rs\u00f6ker jag d\u00e5 och d\u00e5 k\u00e4mpa f\u00f6r mitt modersm\u00e5l. Den sydv\u00e4rml\u00e4ndska centralv\u00e4rml\u00e4ndska dialekten. Vi som sa t\u00f6ser om flickor tills de var ungef\u00e4r fjorton och sedan sa vi fruntimmer. Det var ett neutralt ord den g\u00e5ngen, d\u00e4r jag v\u00e4xte upp.<\/p>\n<p>Jag vet vad det betyder i dag, f\u00f6r de flesta.<\/p>\n<p>Det var v\u00e5rt samh\u00e4lle. De flesta av oss var sm\u00e5brukare. Karlarna var b\u00f6nder, vi barn likas\u00e5. Kvinnorna var starka i det samh\u00e4llet. Jag tror det berodde p\u00e5 deras st\u00e4llning i produktionen. Utan min mor och hennes v\u00e4nner hade inte v\u00e5ra f\u00f6retag fungerat. De kallades fruntimmer och vi visste vad de gjorde. H\u00f6ll hemmen vid liv men ocks\u00e5 kor, grisar och \u00e5krar. P\u00e5 m\u00f6tena hade de en r\u00f6st. En stark r\u00f6st.<\/p>\n<p>Det hade de i jordbruksf\u00f6retagen med.<\/p>\n<p>Samerna har sitt, de med renar och de utan. All respekt f\u00f6r det. Den situationen kan jag inte l\u00f6sa men jag vet vems v\u00e4n jag \u00e4r.<\/p>\n<p>Sj\u00e4lv har jag gjort en klassresa. Ibland tror jag att min resa \u00e4r v\u00e4ldigt lik m\u00e5nga samers. Upp\u00e5t eller ner\u00e5t har vi rest.<\/p>\n<p>Sm\u00e5bonde var jag inte skapt att bli. Skrivandet var min syssla, det l\u00e4rde mig mina t\u00e4nkande grannar att bli. Sm\u00e5b\u00f6nder blir g\u00e4rna filosofer som h\u00f6r skogen susa.<\/p>\n<p>Jag saknar den svenska byn.<br \/>\nD\u00e5, n\u00e4r vi var fler \u00e4n en familj per by.<\/p>\n<p>\u00c4n susar skogen. Den \u00e4r fortfarande fattigmans tr\u00f6ja.<\/p>\n<p><span style=\"color: #0000ff;\"><a style=\"color: #0000ff;\" href=\"https:\/\/sven-ove.nu\/\">Hem<\/a><\/span>\u00a0|<span style=\"color: #0000ff;\">\u00a0<a style=\"color: #0000ff;\" href=\"https:\/\/sven-ove.nu\/?page_id=170\">Om mig<\/a>\u00a0<\/span>|<span style=\"color: #0000ff;\">\u00a0<\/span><a href=\"https:\/\/sven-ove.nu\/?page_id=1385\"><span style=\"color: #0000ff;\">Skriva &amp; prata<\/span><\/a>\u00a0|\u00a0<span style=\"color: #0000ff;\"><a style=\"color: #0000ff;\" href=\"https:\/\/sven-ove.nu\/?page_id=100\">Politik<\/a><\/span>\u00a0|\u00a0<span style=\"color: #0000ff;\"><a style=\"color: #0000ff;\" href=\"https:\/\/sven-ove.nu\/?page_id=102\">L\u00f6pa<\/a><\/span>\u00a0|<span style=\"color: #0000ff;\">\u00a0<a style=\"color: #0000ff;\" href=\"https:\/\/sven-ove.nu\/?page_id=108\">Viktor Root<\/a>\u00a0<\/span><br \/>\n<em>(c) Sven-Ove Svensson (men dela g\u00e4rna)<\/em><\/p>\n","protected":false},"excerpt":{"rendered":"<p>Onsdag. Tittar p\u00e5 ett program om samer som lagen placerade utanf\u00f6r renbetessk\u00f6tseln. Sedan f\u00f6rlorade de samiskan. D\u00e4r \u00e4r inte jag men jag \u00e4lskar ungdomarna som f\u00f6rs\u00f6ker vinna sitt spr\u00e5k tillbaka. Ett av de nio samiska spr\u00e5ken. D\u00e4r \u00e4r inte jag. \u00c4nd\u00e5 f\u00f6rs\u00f6ker jag d\u00e5 och d\u00e5 k\u00e4mpa f\u00f6r mitt modersm\u00e5l. Den sydv\u00e4rml\u00e4ndska centralv\u00e4rml\u00e4ndska dialekten. Vi &hellip; <a href=\"https:\/\/sven-ove.nu\/?p=19426\" class=\"more-link\">Forts\u00e4tt l\u00e4sa <span class=\"screen-reader-text\">N\u00e4r vi var fler \u00e4n en per by<\/span><\/a><\/p>\n","protected":false},"author":1,"featured_media":0,"comment_status":"open","ping_status":"open","sticky":false,"template":"","format":"standard","meta":{"_crdt_document":"","_monsterinsights_skip_tracking":false,"_monsterinsights_sitenote_active":false,"_monsterinsights_sitenote_note":"","_monsterinsights_sitenote_category":0,"footnotes":""},"categories":[28],"tags":[8,21],"class_list":["post-19426","post","type-post","status-publish","format-standard","hentry","category-kreativt-folk","tag-historia","tag-ord"],"_links":{"self":[{"href":"https:\/\/sven-ove.nu\/index.php?rest_route=\/wp\/v2\/posts\/19426","targetHints":{"allow":["GET"]}}],"collection":[{"href":"https:\/\/sven-ove.nu\/index.php?rest_route=\/wp\/v2\/posts"}],"about":[{"href":"https:\/\/sven-ove.nu\/index.php?rest_route=\/wp\/v2\/types\/post"}],"author":[{"embeddable":true,"href":"https:\/\/sven-ove.nu\/index.php?rest_route=\/wp\/v2\/users\/1"}],"replies":[{"embeddable":true,"href":"https:\/\/sven-ove.nu\/index.php?rest_route=%2Fwp%2Fv2%2Fcomments&post=19426"}],"version-history":[{"count":9,"href":"https:\/\/sven-ove.nu\/index.php?rest_route=\/wp\/v2\/posts\/19426\/revisions"}],"predecessor-version":[{"id":19436,"href":"https:\/\/sven-ove.nu\/index.php?rest_route=\/wp\/v2\/posts\/19426\/revisions\/19436"}],"wp:attachment":[{"href":"https:\/\/sven-ove.nu\/index.php?rest_route=%2Fwp%2Fv2%2Fmedia&parent=19426"}],"wp:term":[{"taxonomy":"category","embeddable":true,"href":"https:\/\/sven-ove.nu\/index.php?rest_route=%2Fwp%2Fv2%2Fcategories&post=19426"},{"taxonomy":"post_tag","embeddable":true,"href":"https:\/\/sven-ove.nu\/index.php?rest_route=%2Fwp%2Fv2%2Ftags&post=19426"}],"curies":[{"name":"wp","href":"https:\/\/api.w.org\/{rel}","templated":true}]}}