{"id":19437,"date":"2018-03-09T04:49:46","date_gmt":"2018-03-09T03:49:46","guid":{"rendered":"http:\/\/sven-ove.nu\/?p=19437"},"modified":"2018-03-08T18:54:48","modified_gmt":"2018-03-08T17:54:48","slug":"tankar-om-sprak","status":"publish","type":"post","link":"https:\/\/sven-ove.nu\/?p=19437","title":{"rendered":"Tankar om spr\u00e5k"},"content":{"rendered":"<p><a href=\"https:\/\/sven-ove.nu\/wp-content\/uploads\/2018\/03\/Sp\u00e5r.jpg\"><img loading=\"lazy\" decoding=\"async\" class=\"size-large wp-image-19439 alignnone\" src=\"https:\/\/sven-ove.nu\/wp-content\/uploads\/2018\/03\/Sp\u00e5r-1024x1024.jpg\" alt=\"\" width=\"660\" height=\"660\" srcset=\"https:\/\/sven-ove.nu\/wp-content\/uploads\/2018\/03\/Sp\u00e5r-1024x1024.jpg 1024w, https:\/\/sven-ove.nu\/wp-content\/uploads\/2018\/03\/Sp\u00e5r-150x150.jpg 150w, https:\/\/sven-ove.nu\/wp-content\/uploads\/2018\/03\/Sp\u00e5r-300x300.jpg 300w, https:\/\/sven-ove.nu\/wp-content\/uploads\/2018\/03\/Sp\u00e5r-768x768.jpg 768w, https:\/\/sven-ove.nu\/wp-content\/uploads\/2018\/03\/Sp\u00e5r.jpg 1280w\" sizes=\"auto, (max-width: 660px) 100vw, 660px\" \/><\/a><\/p>\n<p>Spr\u00e5k \u00e4r komplicerat. Varf\u00f6r \u00e4r det l\u00e4ttare att skriva om sorg \u00e4n om gl\u00e4dje? Varf\u00f6r ser den innerligaste v\u00e4nskaplighet platt ut?<\/p>\n<p style=\"padding-left: 30px;\">***<\/p>\n<p>N\u00e4r vi h\u00f6ll kurs i Levande reportage p\u00e5 h\u00f6gskolan i Kalmar sa vi till reportrarna: &#8211; M\u00e5la hellre h\u00f6torg \u00e4n att inte m\u00e5la alls.<\/p>\n<p style=\"padding-left: 30px;\">***<\/p>\n<p>Ett av kraven om du ska ber\u00e4tta bra \u00e4r: konflikt. S\u00e5 var det vid l\u00e4gereldarna, s\u00e5 \u00e4r det i dag p\u00e5 scen och i media. Varf\u00f6r?<\/p>\n<p style=\"padding-left: 30px;\">***<\/p>\n<p>Ibland hamnar mina texter i tystnaden, ibland inte. De som m\u00e4rks har en sak gemensamt. Jag \u00e4r arg eller elak.<\/p>\n<p style=\"padding-left: 30px;\">***<\/p>\n<p>Varf\u00f6r tiger h\u00e4lsan still? Varf\u00f6r \u00e4r det s\u00e5 sv\u00e5rt att skriva uppm\u00e4rksammade reportage om allt som fungerar bra?<\/p>\n<p style=\"padding-left: 30px;\"><em><strong><span style=\"color: #ff6600;\">###<\/span><\/strong> S\u00e5h\u00e4r kan man formulera modern nyhetsv\u00e4rdering: m\u00e4nniska, konflikt, kulturell och\/eller geografisk n\u00e4rhet samt att det ska ha h\u00e4nt nyss eller helst h\u00e4nda nu.<br \/>\n<\/em><em><strong><span style=\"color: #ff6600;\">###<\/span><\/strong> Vad \u00e4r det f\u00f6r ur\u00e5ldrigt m\u00e4nskligt behov som kr\u00e4ver en konflikt f\u00f6r att vi ska bli n\u00f6jda?<\/em><\/p>\n<p><span style=\"color: #0000ff;\"><a style=\"color: #0000ff;\" href=\"https:\/\/sven-ove.nu\/\">Hem<\/a><\/span>\u00a0|\u00a0<span style=\"color: #0000ff;\"><a style=\"color: #0000ff;\" href=\"https:\/\/sven-ove.nu\/?page_id=170\">Om mig<\/a><\/span>\u00a0|\u00a0<span style=\"color: #0000ff;\"><a style=\"color: #0000ff;\" href=\"https:\/\/sven-ove.nu\/?page_id=1385\">Skriva &amp; prata<\/a><\/span>\u00a0|\u00a0<span style=\"color: #0000ff;\"><a style=\"color: #0000ff;\" href=\"https:\/\/sven-ove.nu\/?page_id=100\">Politik<\/a><\/span>\u00a0|\u00a0<span style=\"color: #0000ff;\"><a style=\"color: #0000ff;\" href=\"https:\/\/sven-ove.nu\/?page_id=102\">L\u00f6pa<\/a><\/span>\u00a0|\u00a0<a href=\"https:\/\/sven-ove.nu\/?page_id=108\"><span style=\"color: #0000ff;\">Viktor Root<\/span><\/a><br \/>\n<em>(c) Sven-Ove Svensson (men dela g\u00e4rna)<\/em><\/p>\n","protected":false},"excerpt":{"rendered":"<p>Spr\u00e5k \u00e4r komplicerat. Varf\u00f6r \u00e4r det l\u00e4ttare att skriva om sorg \u00e4n om gl\u00e4dje? Varf\u00f6r ser den innerligaste v\u00e4nskaplighet platt ut? *** N\u00e4r vi h\u00f6ll kurs i Levande reportage p\u00e5 h\u00f6gskolan i Kalmar sa vi till reportrarna: &#8211; M\u00e5la hellre h\u00f6torg \u00e4n att inte m\u00e5la alls. *** Ett av kraven om du ska ber\u00e4tta bra &hellip; <a href=\"https:\/\/sven-ove.nu\/?p=19437\" class=\"more-link\">Forts\u00e4tt l\u00e4sa <span class=\"screen-reader-text\">Tankar om spr\u00e5k<\/span><\/a><\/p>\n","protected":false},"author":1,"featured_media":0,"comment_status":"open","ping_status":"open","sticky":false,"template":"","format":"standard","meta":{"_crdt_document":"","_monsterinsights_skip_tracking":false,"_monsterinsights_sitenote_active":false,"_monsterinsights_sitenote_note":"","_monsterinsights_sitenote_category":0,"footnotes":""},"categories":[4],"tags":[18,21],"class_list":["post-19437","post","type-post","status-publish","format-standard","hentry","category-skrivande","tag-lardomar","tag-ord"],"_links":{"self":[{"href":"https:\/\/sven-ove.nu\/index.php?rest_route=\/wp\/v2\/posts\/19437","targetHints":{"allow":["GET"]}}],"collection":[{"href":"https:\/\/sven-ove.nu\/index.php?rest_route=\/wp\/v2\/posts"}],"about":[{"href":"https:\/\/sven-ove.nu\/index.php?rest_route=\/wp\/v2\/types\/post"}],"author":[{"embeddable":true,"href":"https:\/\/sven-ove.nu\/index.php?rest_route=\/wp\/v2\/users\/1"}],"replies":[{"embeddable":true,"href":"https:\/\/sven-ove.nu\/index.php?rest_route=%2Fwp%2Fv2%2Fcomments&post=19437"}],"version-history":[{"count":4,"href":"https:\/\/sven-ove.nu\/index.php?rest_route=\/wp\/v2\/posts\/19437\/revisions"}],"predecessor-version":[{"id":19442,"href":"https:\/\/sven-ove.nu\/index.php?rest_route=\/wp\/v2\/posts\/19437\/revisions\/19442"}],"wp:attachment":[{"href":"https:\/\/sven-ove.nu\/index.php?rest_route=%2Fwp%2Fv2%2Fmedia&parent=19437"}],"wp:term":[{"taxonomy":"category","embeddable":true,"href":"https:\/\/sven-ove.nu\/index.php?rest_route=%2Fwp%2Fv2%2Fcategories&post=19437"},{"taxonomy":"post_tag","embeddable":true,"href":"https:\/\/sven-ove.nu\/index.php?rest_route=%2Fwp%2Fv2%2Ftags&post=19437"}],"curies":[{"name":"wp","href":"https:\/\/api.w.org\/{rel}","templated":true}]}}