{"id":19444,"date":"2018-03-13T03:54:36","date_gmt":"2018-03-13T02:54:36","guid":{"rendered":"http:\/\/sven-ove.nu\/?p=19444"},"modified":"2018-03-13T07:27:29","modified_gmt":"2018-03-13T06:27:29","slug":"anteckning-till-mig-sjalv-om-hur-jag-bor-upptrada-pa-facebook","status":"publish","type":"post","link":"https:\/\/sven-ove.nu\/?p=19444","title":{"rendered":"Anteckning till mig sj\u00e4lv om hur jag b\u00f6r upptr\u00e4da p\u00e5 Facebook"},"content":{"rendered":"<h3><strong>\u00a0<\/strong><strong>\u2026 och annars med:<\/strong><\/h3>\n<p>1.<br \/>\nKalla aldrig n\u00e5gon m\u00e4nniska f\u00f6r idiot, inte ens den som f\u00f6rs\u00f6ker upptr\u00e4da som en.<\/p>\n<p>2.<br \/>\nG\u00f6r aldrig narr av den som har mer kroppsfett \u00e4n du. Du \u00e4r f\u00f6rresten inte det minsta mager sj\u00e4lv.<\/p>\n<p>3.<br \/>\nKalla ingen f\u00f6r mongo, cp eller andra funktionsetiketter.<\/p>\n<p>4.<br \/>\nTa reda p\u00e5 om det heter funktionsetiketter, under tiden f\u00e5r du hoppas att godhj\u00e4rtat folk vet vad du menar.<\/p>\n<p>5.<br \/>\nAnv\u00e4nd aldrig kr\u00e4k-emojin. Kr\u00e4k studsar.<\/p>\n<p>6.<br \/>\nKlicka p\u00e5 gillasymbolen n\u00e4r du gillar vad n\u00e5gon har skrivit men finns det en l\u00e4nk s\u00e5 l\u00e4s den l\u00e4nkade texten f\u00f6rst.<\/p>\n<p>7.<br \/>\nAnv\u00e4nd den arga symbolen om du tycker illa om ett inl\u00e4gg eller texten den l\u00e4nkar till. Du f\u00e5r vara arg.<\/p>\n<p>8.<br \/>\nAnv\u00e4nd hj\u00e4rtesymbolen s\u00e4llan och mena den d\u00e5 innerligt.<\/p>\n<p>9.<br \/>\nBlanda dig inte i folks privata diskussioner.<\/p>\n<p>10.<br \/>\nGe dig inte in i hatbranschen, den kan hatarna syssla med.<\/p>\n<p>11.<br \/>\nT\u00e4nk kritiskt. Det som verkar p\u00e5hittat \u00e4r ofta det.<\/p>\n<p>12.<br \/>\nProtestera mot fr\u00e4mlingsfientlighet s\u00e5 ofta du orkar.<\/p>\n<p>13.<br \/>\nTyck om m\u00e4nniskor, det \u00e4r grunden. F\u00f6rs\u00f6k s\u00e5 l\u00e4nge det g\u00e5r. Alla har vi samma m\u00e4nniskov\u00e4rde.<\/p>\n<p>14.<br \/>\nTyck inte alltid om deras \u00e5sikter och handlingar.<\/p>\n<p>15.<br \/>\nProtestera mot f\u00f6rakt riktat mot folk som k\u00e4nner hoppl\u00f6shet.<\/p>\n<p>16.<br \/>\nPrata ibland med folk som tycker tv\u00e4rt emot vad du tycker.<\/p>\n<p>17.<br \/>\nLev inte ditt liv p\u00e5 <span style=\"color: #0000ff;\"><a style=\"color: #0000ff;\" href=\"https:\/\/www.dagensmedicin.se\/artiklar\/2017\/09\/22\/tio-farska-diagnoser-som-vi-alla-behover-ha-koll-pa\/\">sk\u00e4rmen<\/a><\/span>.<\/p>\n<p>18.<br \/>\nEnda s\u00e4ttet att l\u00f6sa mots\u00e4ttningar inom folket \u00e4r att prata med varandra. Det kallas \u00f6vertygelsemetoder.<\/p>\n<p>19.<br \/>\nIbland f\u00e5r du l\u00e5ta bli att vara s\u00e5 helig som de h\u00e4r reglerna. Men det finns en du aldrig f\u00e5r bryta mot. Den om att kalla n\u00e5gon f\u00f6r idiot.<\/p>\n<p>20.<br \/>\nDet finns fler obrytbara regler ser jag nu.<\/p>\n<p>21.<br \/>\nF\u00f6rl\u00e5t den som \u00e5ngrar sig.<\/p>\n<p>22.<br \/>\nHata en sak. Or\u00e4ttvisor.<\/p>\n<p>23.<br \/>\nSkratta ofta.<\/p>\n<p><em>\u00a0<\/em><em>\u00a0<\/em><\/p>\n<p><em>(F\u00f6rslag till mig sj\u00e4lv i mars 2018).<\/em><\/p>\n<p><a href=\"https:\/\/sven-ove.nu\/wp-content\/uploads\/2015\/08\/Fb-like.jpg\"><img loading=\"lazy\" decoding=\"async\" class=\"size-large wp-image-12643 alignnone\" src=\"https:\/\/sven-ove.nu\/wp-content\/uploads\/2015\/08\/Fb-like-1024x889.jpg\" alt=\"\" width=\"660\" height=\"573\" srcset=\"https:\/\/sven-ove.nu\/wp-content\/uploads\/2015\/08\/Fb-like-1024x889.jpg 1024w, https:\/\/sven-ove.nu\/wp-content\/uploads\/2015\/08\/Fb-like-300x260.jpg 300w\" sizes=\"auto, (max-width: 660px) 100vw, 660px\" \/><\/a><\/p>\n<p><span style=\"color: #0000ff;\"><a style=\"color: #0000ff;\" href=\"https:\/\/sven-ove.nu\/\">Hem<\/a><\/span>\u00a0|\u00a0<span style=\"color: #0000ff;\"><a style=\"color: #0000ff;\" href=\"https:\/\/sven-ove.nu\/?page_id=170\">Om mig<\/a><\/span>\u00a0|\u00a0<a href=\"https:\/\/sven-ove.nu\/?page_id=1385\"><span style=\"color: #0000ff;\">Skriva &amp; prata<\/span><\/a>\u00a0|\u00a0<span style=\"color: #0000ff;\"><a style=\"color: #0000ff;\" href=\"https:\/\/sven-ove.nu\/?page_id=100\">Politik<\/a><\/span>\u00a0|\u00a0<span style=\"color: #0000ff;\"><a style=\"color: #0000ff;\" href=\"https:\/\/sven-ove.nu\/?page_id=102\">L\u00f6pa<\/a><\/span>\u00a0|\u00a0<span style=\"color: #0000ff;\"><a style=\"color: #0000ff;\" href=\"https:\/\/sven-ove.nu\/?page_id=108\">Viktor Root<\/a><br \/>\n<\/span><em>(c) Sven-Ove Svensson (men dela g\u00e4rna)<\/em><\/p>\n","protected":false},"excerpt":{"rendered":"<p>\u00a0\u2026 och annars med: 1. Kalla aldrig n\u00e5gon m\u00e4nniska f\u00f6r idiot, inte ens den som f\u00f6rs\u00f6ker upptr\u00e4da som en. 2. G\u00f6r aldrig narr av den som har mer kroppsfett \u00e4n du. Du \u00e4r f\u00f6rresten inte det minsta mager sj\u00e4lv. 3. Kalla ingen f\u00f6r mongo, cp eller andra funktionsetiketter. 4. Ta reda p\u00e5 om det heter &hellip; <a href=\"https:\/\/sven-ove.nu\/?p=19444\" class=\"more-link\">Forts\u00e4tt l\u00e4sa <span class=\"screen-reader-text\">Anteckning till mig sj\u00e4lv om hur jag b\u00f6r upptr\u00e4da p\u00e5 Facebook<\/span><\/a><\/p>\n","protected":false},"author":1,"featured_media":0,"comment_status":"open","ping_status":"open","sticky":false,"template":"","format":"standard","meta":{"_crdt_document":"","_monsterinsights_skip_tracking":false,"_monsterinsights_sitenote_active":false,"_monsterinsights_sitenote_note":"","_monsterinsights_sitenote_category":0,"footnotes":""},"categories":[4],"tags":[18,15,21],"class_list":["post-19444","post","type-post","status-publish","format-standard","hentry","category-skrivande","tag-lardomar","tag-mediedjungeln","tag-ord"],"_links":{"self":[{"href":"https:\/\/sven-ove.nu\/index.php?rest_route=\/wp\/v2\/posts\/19444","targetHints":{"allow":["GET"]}}],"collection":[{"href":"https:\/\/sven-ove.nu\/index.php?rest_route=\/wp\/v2\/posts"}],"about":[{"href":"https:\/\/sven-ove.nu\/index.php?rest_route=\/wp\/v2\/types\/post"}],"author":[{"embeddable":true,"href":"https:\/\/sven-ove.nu\/index.php?rest_route=\/wp\/v2\/users\/1"}],"replies":[{"embeddable":true,"href":"https:\/\/sven-ove.nu\/index.php?rest_route=%2Fwp%2Fv2%2Fcomments&post=19444"}],"version-history":[{"count":4,"href":"https:\/\/sven-ove.nu\/index.php?rest_route=\/wp\/v2\/posts\/19444\/revisions"}],"predecessor-version":[{"id":19448,"href":"https:\/\/sven-ove.nu\/index.php?rest_route=\/wp\/v2\/posts\/19444\/revisions\/19448"}],"wp:attachment":[{"href":"https:\/\/sven-ove.nu\/index.php?rest_route=%2Fwp%2Fv2%2Fmedia&parent=19444"}],"wp:term":[{"taxonomy":"category","embeddable":true,"href":"https:\/\/sven-ove.nu\/index.php?rest_route=%2Fwp%2Fv2%2Fcategories&post=19444"},{"taxonomy":"post_tag","embeddable":true,"href":"https:\/\/sven-ove.nu\/index.php?rest_route=%2Fwp%2Fv2%2Ftags&post=19444"}],"curies":[{"name":"wp","href":"https:\/\/api.w.org\/{rel}","templated":true}]}}