{"id":19449,"date":"2018-03-14T04:18:19","date_gmt":"2018-03-14T03:18:19","guid":{"rendered":"http:\/\/sven-ove.nu\/?p=19449"},"modified":"2018-03-13T08:22:54","modified_gmt":"2018-03-13T07:22:54","slug":"den-ar-bra-men-rolig","status":"publish","type":"post","link":"https:\/\/sven-ove.nu\/?p=19449","title":{"rendered":"&#8221;Den \u00e4r bra. Men rolig&#8221;"},"content":{"rendered":"<p><a href=\"https:\/\/sven-ove.nu\/wp-content\/uploads\/2018\/03\/Dario.jpg\"><img loading=\"lazy\" decoding=\"async\" class=\"size-large wp-image-19451 alignnone\" src=\"https:\/\/sven-ove.nu\/wp-content\/uploads\/2018\/03\/Dario-1024x1024.jpg\" alt=\"\" width=\"660\" height=\"660\" srcset=\"https:\/\/sven-ove.nu\/wp-content\/uploads\/2018\/03\/Dario-1024x1024.jpg 1024w, https:\/\/sven-ove.nu\/wp-content\/uploads\/2018\/03\/Dario-150x150.jpg 150w, https:\/\/sven-ove.nu\/wp-content\/uploads\/2018\/03\/Dario-300x300.jpg 300w, https:\/\/sven-ove.nu\/wp-content\/uploads\/2018\/03\/Dario-768x768.jpg 768w, https:\/\/sven-ove.nu\/wp-content\/uploads\/2018\/03\/Dario.jpg 1280w\" sizes=\"auto, (max-width: 660px) 100vw, 660px\" \/><\/a><\/p>\n<blockquote><p>Tacka vet jag v\u00e5rt folkbibliotek. Det l\u00e5nar mig Dario Fo &amp; Franca Rame, just nu l\u00e4ser jag pj\u00e4sen Vi betalar inte, vi betalar inte!<\/p><\/blockquote>\n<p>Paret Fo och Rame skrev stycket tillsammans med italienska arbetare som hj\u00e4lpte dem att b\u00e4ttra p\u00e5 slutet. I Italien var det kris 1974 och som alltid fick fattigt folk betala priset. Kan man skratta \u00e5t el\u00e4ndet i den stunden? Absolut. \u00c5tminstone om det \u00e4r kloka gycklare som Rame och Fo som hittar p\u00e5 dr\u00e5pligheterna.<\/p>\n<p>Carlo Barsotti inleder och kommenterar pj\u00e4sen i boken jag l\u00e5nat och han har \u00e4ven \u00f6versatt den tillsammans med Anna Barsotti. Han skriver s\u00e5h\u00e4r:<\/p>\n<p style=\"padding-left: 30px;\"><em>\u201dPuritanska reaktioner uteblev inte heller hos en del intellektuella, som tillh\u00f6rde den akademiska marxismen och vilka anklagade Dario Fo f\u00f6r att med den paradoxala och groteska farsformen ha f\u00f6rl\u00f6jligat klasskampen\u201d.<\/em><\/p>\n<p>Ha, fel! Ett och annat stycke v\u00e4lriktad humor har aldrig skadat den goda saken.<\/p>\n<p><strong>Hot mot socialismen<br \/>\n<\/strong>Samtidigt l\u00e4ser jag Jan Guillous roman 1968. P\u00e5 sidan 299 konstaterar ber\u00e4ttaren ungef\u00e4r samma sak h\u00e4r: <em>\u201dSomliga kamrater betraktade sk\u00e4mt som ett allvarligt hot mot socialismen\u201d.<\/em><\/p>\n<p>Hur var det en v\u00e4n brukade p\u00e5st\u00e5 att Folket i Bild\/Kulturfront sa, n\u00e4r de tackade nej till vissa bidrag?<\/p>\n<p>&#8211; Den \u00e4r bra. Men rolig.<\/p>\n<p>Jag hoppas innerligt att FiB-redaktionen hade b\u00e4ttre vett. Dock \u00e4r det sant att 68-upproret inte \u00e4r k\u00e4nt f\u00f6r att ha skrattat ihj\u00e4l sig.<\/p>\n<p><strong>Bullerskadad br\u00e4da?<br \/>\n<\/strong>Sj\u00e4lv hade jag tur f\u00f6r vi hade r\u00e4tt ont om pengar n\u00e4r jag gick p\u00e5 gymnasiet. D\u00e4rf\u00f6r fick jag jobba extra p\u00e5 s\u00e5gverket hemma i Molkom p\u00e5 lov och friluftsdagar. D\u00e4r l\u00e4rde ett g\u00e4ng v\u00e4rml\u00e4ndska arbetare mig sannerligen att arbeta med glimten i \u00f6gat. <em>Den jag inte kan skratta med kan jag inte tala allvar med<\/em>. S\u00e5 sa vi inte men s\u00e5 levde vi.<\/p>\n<p>N\u00e4r svetten st\u00e4nkte om oss i ackordshetsen kunde G\u00f6sta vid andrakapan sluta kapa en kort stund och sticka ut huvudet genom gluggen till mig i mottagningen.<\/p>\n<p>&#8211; Haru sett n\u00f4 br\u00e4\u2019e \u00e4n som \u00e4\u2019 bullerskadad?<\/p>\n<p><a href=\"https:\/\/sven-ove.nu\/wp-content\/uploads\/2015\/01\/G\u00f6sta.jpg\"><img loading=\"lazy\" decoding=\"async\" class=\"size-thumbnail wp-image-10439 alignnone\" src=\"https:\/\/sven-ove.nu\/wp-content\/uploads\/2015\/01\/G\u00f6sta-150x150.jpg\" alt=\"\" width=\"150\" height=\"150\" \/><\/a><\/p>\n<p>Det var hans best\u00e4mda uppfattning att den dag vi st\u00f6tte p\u00e5 en bullerskadad br\u00e4da skulle vi genast f\u00e5 ett arbetarskydd v\u00e4rt namnet p\u00e5 s\u00e5gen. Vettig arbetsmilj\u00f6. Sedan justerade vi s\u00e5 svetten st\u00e4nkte igen. D\u00e5 och d\u00e5 h\u00f6rde jag den gamle sjunga h\u00f6gt mitt i bullret p\u00e5 andra sidan v\u00e4ggen:<\/p>\n<p>&#8211; Svenss\u00f4n \u00e4\u2019 en dritlur. Svenss\u00f4n \u00e4\u2019 en dritlur. Hahaha.<\/p>\n<p><span style=\"color: #0000ff;\"><a style=\"color: #0000ff;\" href=\"https:\/\/sven-ove.nu\/\">Hem<\/a><\/span>\u00a0|\u00a0<span style=\"color: #0000ff;\"><a style=\"color: #0000ff;\" href=\"https:\/\/sven-ove.nu\/?page_id=170\">Om mig<\/a><\/span>\u00a0|\u00a0<span style=\"color: #0000ff;\"><a style=\"color: #0000ff;\" href=\"https:\/\/sven-ove.nu\/?page_id=1385\">Skriva &amp; prata<\/a><\/span>\u00a0|\u00a0<span style=\"color: #0000ff;\"><a style=\"color: #0000ff;\" href=\"https:\/\/sven-ove.nu\/?page_id=100\">Politik<\/a><\/span>\u00a0|\u00a0<span style=\"color: #0000ff;\"><a style=\"color: #0000ff;\" href=\"https:\/\/sven-ove.nu\/?page_id=102\">L\u00f6pa<\/a><\/span>\u00a0|\u00a0<span style=\"color: #0000ff;\"><a style=\"color: #0000ff;\" href=\"https:\/\/sven-ove.nu\/?page_id=108\">Viktor Root<\/a><\/span><br \/>\n<em>(c) Sven-Ove Svensson (men dela g\u00e4rna)<\/em><\/p>\n","protected":false},"excerpt":{"rendered":"<p>Tacka vet jag v\u00e5rt folkbibliotek. Det l\u00e5nar mig Dario Fo &amp; Franca Rame, just nu l\u00e4ser jag pj\u00e4sen Vi betalar inte, vi betalar inte! Paret Fo och Rame skrev stycket tillsammans med italienska arbetare som hj\u00e4lpte dem att b\u00e4ttra p\u00e5 slutet. I Italien var det kris 1974 och som alltid fick fattigt folk betala priset. &hellip; <a href=\"https:\/\/sven-ove.nu\/?p=19449\" class=\"more-link\">Forts\u00e4tt l\u00e4sa <span class=\"screen-reader-text\">&#8221;Den \u00e4r bra. Men rolig&#8221;<\/span><\/a><\/p>\n","protected":false},"author":1,"featured_media":0,"comment_status":"open","ping_status":"open","sticky":false,"template":"","format":"standard","meta":{"_crdt_document":"","_monsterinsights_skip_tracking":false,"_monsterinsights_sitenote_active":false,"_monsterinsights_sitenote_note":"","_monsterinsights_sitenote_category":0,"footnotes":""},"categories":[28],"tags":[3,18,14],"class_list":["post-19449","post","type-post","status-publish","format-standard","hentry","category-kreativt-folk","tag-arbete","tag-lardomar","tag-lasning"],"_links":{"self":[{"href":"https:\/\/sven-ove.nu\/index.php?rest_route=\/wp\/v2\/posts\/19449","targetHints":{"allow":["GET"]}}],"collection":[{"href":"https:\/\/sven-ove.nu\/index.php?rest_route=\/wp\/v2\/posts"}],"about":[{"href":"https:\/\/sven-ove.nu\/index.php?rest_route=\/wp\/v2\/types\/post"}],"author":[{"embeddable":true,"href":"https:\/\/sven-ove.nu\/index.php?rest_route=\/wp\/v2\/users\/1"}],"replies":[{"embeddable":true,"href":"https:\/\/sven-ove.nu\/index.php?rest_route=%2Fwp%2Fv2%2Fcomments&post=19449"}],"version-history":[{"count":3,"href":"https:\/\/sven-ove.nu\/index.php?rest_route=\/wp\/v2\/posts\/19449\/revisions"}],"predecessor-version":[{"id":19453,"href":"https:\/\/sven-ove.nu\/index.php?rest_route=\/wp\/v2\/posts\/19449\/revisions\/19453"}],"wp:attachment":[{"href":"https:\/\/sven-ove.nu\/index.php?rest_route=%2Fwp%2Fv2%2Fmedia&parent=19449"}],"wp:term":[{"taxonomy":"category","embeddable":true,"href":"https:\/\/sven-ove.nu\/index.php?rest_route=%2Fwp%2Fv2%2Fcategories&post=19449"},{"taxonomy":"post_tag","embeddable":true,"href":"https:\/\/sven-ove.nu\/index.php?rest_route=%2Fwp%2Fv2%2Ftags&post=19449"}],"curies":[{"name":"wp","href":"https:\/\/api.w.org\/{rel}","templated":true}]}}