{"id":19454,"date":"2018-03-15T04:32:38","date_gmt":"2018-03-15T03:32:38","guid":{"rendered":"http:\/\/sven-ove.nu\/?p=19454"},"modified":"2018-03-15T10:09:15","modified_gmt":"2018-03-15T09:09:15","slug":"nar-horde-jag-det-kara-ljudet-senast","status":"publish","type":"post","link":"https:\/\/sven-ove.nu\/?p=19454","title":{"rendered":"N\u00e4r h\u00f6rde jag det k\u00e4ra ljudet senast?"},"content":{"rendered":"<p><a href=\"https:\/\/sven-ove.nu\/wp-content\/uploads\/2018\/03\/Sp\u00e5r-i-mars.jpg\"><img loading=\"lazy\" decoding=\"async\" class=\"size-large wp-image-19456 alignnone\" src=\"https:\/\/sven-ove.nu\/wp-content\/uploads\/2018\/03\/Sp\u00e5r-i-mars-1024x1024.jpg\" alt=\"\" width=\"660\" height=\"660\" srcset=\"https:\/\/sven-ove.nu\/wp-content\/uploads\/2018\/03\/Sp\u00e5r-i-mars-1024x1024.jpg 1024w, https:\/\/sven-ove.nu\/wp-content\/uploads\/2018\/03\/Sp\u00e5r-i-mars-150x150.jpg 150w, https:\/\/sven-ove.nu\/wp-content\/uploads\/2018\/03\/Sp\u00e5r-i-mars-300x300.jpg 300w, https:\/\/sven-ove.nu\/wp-content\/uploads\/2018\/03\/Sp\u00e5r-i-mars-768x768.jpg 768w, https:\/\/sven-ove.nu\/wp-content\/uploads\/2018\/03\/Sp\u00e5r-i-mars.jpg 1280w\" sizes=\"auto, (max-width: 660px) 100vw, 660px\" \/><\/a><\/p>\n<blockquote><p>Onsdag. Pl\u00f6tsligt f\u00e5ngar mina \u00f6ron ett ljud som de inte h\u00f6rt p\u00e5 m\u00e5nga \u00e5r.<\/p>\n<p>Ett \u00e4lskat ljud.<\/p><\/blockquote>\n<p>Solen skiner \u00f6ver Grossbolstorps h\u00f6jder och det \u00e4r inte korpens s\u00e4tt att h\u00e4rma sitt namn n\u00e4r han flyger f\u00f6rbi jag t\u00e4nker p\u00e5. Inte domherrens &#8221;pjuck&#8221; och gr\u00f6nfinkens &#8221;dry&#8221; i bj\u00f6rken d\u00e4rborta heller.<\/p>\n<p>H\u00f6gt ovanf\u00f6r oss far ett flygplan runt i cirklar. Vi hoppas innerligt att det inte \u00e4r Nextjet som f\u00f6rs\u00f6ker best\u00e4mma sig om g\u00f6teborgsturen ska g\u00e5 till Lule\u00e5 eller faktiskt sikta p\u00e5 G\u00f6teborg den h\u00e4r g\u00e5ngen.<\/p>\n<p>Jag menar inte flygplansljudet heller.<\/p>\n<p>Inte den m\u00f6jliga ormvr\u00e5k vi h\u00f6rde skrika g\u00e4llt bortom granrid\u00e5n p\u00e5 motionssp\u00e5ret. Inte droppljudet fr\u00e5n samma granar. Inte n\u00e5got vinterl\u00e4te fr\u00e5n haren och m\u00e5rden vi ser sp\u00e5r av i backarna.<\/p>\n<p>Har en m\u00e5rd n\u00e5got l\u00e4te?<\/p>\n<p>St\u00f6rre hackspetten som trummar revir och har skoj? Nej. \u00c4lgen som pulsat \u00f6ver sp\u00e5ret? Nix. Surret av en fet fluga n\u00e4r vi fikade h\u00f6gst uppe p\u00e5 femkilometern? No. Inte de ljuden heller.<\/p>\n<p>Inte pension\u00e4rens stavar borta p\u00e5 v\u00e4gen mot friluftsg\u00e5rden. Inte kommunala r\u00f6jarna p\u00e5 andra sidan \u00e4ngen, de som h\u00e5ller p\u00e5 och g\u00f6r om v\u00e5r t\u00e4tortsn\u00e4ra blandskog till lerinska bj\u00f6rkdungar. Inte det porlande sm\u00e4ltvatten p\u00e5 v\u00e4g till b\u00e4cken, \u00e4lven och havet. Inte ens pyset fr\u00e5n termosen eller klucket n\u00e4r jag h\u00e4llde upp kaffe nyss heller. Kaffekluck h\u00f6r jag varje dag.<\/p>\n<p><strong>Krispigt,<\/strong> <strong>frasigt<br \/>\n<\/strong>Nej, det \u00e4lskade ljud som pl\u00f6tsligt dyker upp igen i mitt liv &#8211; \u00e4r ljudet av <em>v\u00e5rvinter<\/em>. Solen skiner \u00f6ver \u00e4ngen bortanf\u00f6r v\u00e5r gata, glittrar i varenda sn\u00f6kristall och nu h\u00f6r jag det. Tydligt. Ett krispigt frasigt ljud.<\/p>\n<p>Det jag h\u00f6r \u00e4r mina skidor som sakta glider fram \u00f6ver mellansvensk skarsn\u00f6 i mars. Skare som b\u00e4r en hel m\u00e4nniska med ryggs\u00e4ck p\u00e5 ryggen. <em>V\u00e5rvinter<\/em>. Vi har \u00e4ntligen f\u00e5tt en v\u00e5rvinter igen. N\u00e4r h\u00f6rde jag det fraset senast?<\/p>\n<p>Hurra.<\/p>\n<p style=\"padding-left: 30px;\"><a href=\"https:\/\/sven-ove.nu\/wp-content\/uploads\/2018\/03\/Selfie-i-mars.jpg\"><img loading=\"lazy\" decoding=\"async\" class=\"size-medium wp-image-19458 alignnone\" src=\"https:\/\/sven-ove.nu\/wp-content\/uploads\/2018\/03\/Selfie-i-mars-300x232.jpg\" alt=\"\" width=\"300\" height=\"232\" srcset=\"https:\/\/sven-ove.nu\/wp-content\/uploads\/2018\/03\/Selfie-i-mars-300x232.jpg 300w, https:\/\/sven-ove.nu\/wp-content\/uploads\/2018\/03\/Selfie-i-mars-768x593.jpg 768w, https:\/\/sven-ove.nu\/wp-content\/uploads\/2018\/03\/Selfie-i-mars.jpg 960w\" sizes=\"auto, (max-width: 300px) 100vw, 300px\" \/><\/a><\/p>\n<p style=\"padding-left: 30px;\"><em><strong>Regel nummer 24<\/strong>. L\u00e4gg aldrig ut selfies som framh\u00e4ver dig sj\u00e4lv positivt p\u00e5 andra m\u00e4nniskors bekostnad.<\/em><\/p>\n<p><span style=\"color: #0000ff;\"><a style=\"color: #0000ff;\" href=\"https:\/\/sven-ove.nu\/\">Hem<\/a><\/span>\u00a0|\u00a0<span style=\"color: #0000ff;\"><a style=\"color: #0000ff;\" href=\"https:\/\/sven-ove.nu\/?page_id=170\">Om mig<\/a><\/span>\u00a0|\u00a0<span style=\"color: #0000ff;\"><a style=\"color: #0000ff;\" href=\"https:\/\/sven-ove.nu\/?page_id=1385\">Skriva &amp; prata<\/a><\/span>\u00a0|\u00a0<span style=\"color: #0000ff;\"><a style=\"color: #0000ff;\" href=\"https:\/\/sven-ove.nu\/?page_id=100\">Politik<\/a><\/span>\u00a0|\u00a0<span style=\"color: #0000ff;\"><a style=\"color: #0000ff;\" href=\"https:\/\/sven-ove.nu\/?page_id=102\">L\u00f6pa<\/a><\/span>\u00a0|\u00a0<span style=\"color: #0000ff;\"><a style=\"color: #0000ff;\" href=\"https:\/\/sven-ove.nu\/?page_id=108\">Viktor Root<\/a><\/span><br \/>\n<em>(c) Sven-Ove Svensson (men dela g\u00e4rna)<\/em><\/p>\n","protected":false},"excerpt":{"rendered":"<p>Onsdag. Pl\u00f6tsligt f\u00e5ngar mina \u00f6ron ett ljud som de inte h\u00f6rt p\u00e5 m\u00e5nga \u00e5r. Ett \u00e4lskat ljud. Solen skiner \u00f6ver Grossbolstorps h\u00f6jder och det \u00e4r inte korpens s\u00e4tt att h\u00e4rma sitt namn n\u00e4r han flyger f\u00f6rbi jag t\u00e4nker p\u00e5. Inte domherrens &#8221;pjuck&#8221; och gr\u00f6nfinkens &#8221;dry&#8221; i bj\u00f6rken d\u00e4rborta heller. H\u00f6gt ovanf\u00f6r oss far ett flygplan &hellip; <a href=\"https:\/\/sven-ove.nu\/?p=19454\" class=\"more-link\">Forts\u00e4tt l\u00e4sa <span class=\"screen-reader-text\">N\u00e4r h\u00f6rde jag det k\u00e4ra ljudet senast?<\/span><\/a><\/p>\n","protected":false},"author":1,"featured_media":0,"comment_status":"open","ping_status":"open","sticky":false,"template":"","format":"standard","meta":{"_crdt_document":"","_monsterinsights_skip_tracking":false,"_monsterinsights_sitenote_active":false,"_monsterinsights_sitenote_note":"","_monsterinsights_sitenote_category":0,"footnotes":""},"categories":[6],"tags":[24],"class_list":["post-19454","post","type-post","status-publish","format-standard","hentry","category-natur","tag-karlek"],"_links":{"self":[{"href":"https:\/\/sven-ove.nu\/index.php?rest_route=\/wp\/v2\/posts\/19454","targetHints":{"allow":["GET"]}}],"collection":[{"href":"https:\/\/sven-ove.nu\/index.php?rest_route=\/wp\/v2\/posts"}],"about":[{"href":"https:\/\/sven-ove.nu\/index.php?rest_route=\/wp\/v2\/types\/post"}],"author":[{"embeddable":true,"href":"https:\/\/sven-ove.nu\/index.php?rest_route=\/wp\/v2\/users\/1"}],"replies":[{"embeddable":true,"href":"https:\/\/sven-ove.nu\/index.php?rest_route=%2Fwp%2Fv2%2Fcomments&post=19454"}],"version-history":[{"count":5,"href":"https:\/\/sven-ove.nu\/index.php?rest_route=\/wp\/v2\/posts\/19454\/revisions"}],"predecessor-version":[{"id":19470,"href":"https:\/\/sven-ove.nu\/index.php?rest_route=\/wp\/v2\/posts\/19454\/revisions\/19470"}],"wp:attachment":[{"href":"https:\/\/sven-ove.nu\/index.php?rest_route=%2Fwp%2Fv2%2Fmedia&parent=19454"}],"wp:term":[{"taxonomy":"category","embeddable":true,"href":"https:\/\/sven-ove.nu\/index.php?rest_route=%2Fwp%2Fv2%2Fcategories&post=19454"},{"taxonomy":"post_tag","embeddable":true,"href":"https:\/\/sven-ove.nu\/index.php?rest_route=%2Fwp%2Fv2%2Ftags&post=19454"}],"curies":[{"name":"wp","href":"https:\/\/api.w.org\/{rel}","templated":true}]}}