{"id":19461,"date":"2018-03-17T04:57:24","date_gmt":"2018-03-17T03:57:24","guid":{"rendered":"http:\/\/sven-ove.nu\/?p=19461"},"modified":"2018-03-15T10:47:30","modified_gmt":"2018-03-15T09:47:30","slug":"invald-bland-tragna-forklarare","status":"publish","type":"post","link":"https:\/\/sven-ove.nu\/?p=19461","title":{"rendered":"Invald bland tr\u00e4gna f\u00f6rklarare"},"content":{"rendered":"<p style=\"padding-left: 30px;\"><a href=\"https:\/\/sven-ove.nu\/wp-content\/uploads\/2018\/03\/Bokcaf\u00e9\u00e5rsm\u00f6te.jpg\"><img loading=\"lazy\" decoding=\"async\" class=\"size-medium wp-image-19462 alignnone\" src=\"https:\/\/sven-ove.nu\/wp-content\/uploads\/2018\/03\/Bokcaf\u00e9\u00e5rsm\u00f6te-300x169.jpg\" alt=\"\" width=\"300\" height=\"169\" srcset=\"https:\/\/sven-ove.nu\/wp-content\/uploads\/2018\/03\/Bokcaf\u00e9\u00e5rsm\u00f6te-300x169.jpg 300w, https:\/\/sven-ove.nu\/wp-content\/uploads\/2018\/03\/Bokcaf\u00e9\u00e5rsm\u00f6te-768x432.jpg 768w, https:\/\/sven-ove.nu\/wp-content\/uploads\/2018\/03\/Bokcaf\u00e9\u00e5rsm\u00f6te.jpg 960w\" sizes=\"auto, (max-width: 300px) 100vw, 300px\" \/><br \/>\n<\/a><em>M\u00f6tesfoto: Lennart Wettmark<\/em><\/p>\n<p>Jag hade g\u00e4rna blivit invald i ett V\u00e4rmlands Motionsl\u00f6pares Hall Of Fame om en s\u00e5dan hall hade funnits. S\u00e5 mycket som jag har tr\u00e4nat och strax d\u00e4rp\u00e5 skrivit om l\u00f6pning i svenska l\u00f6partidskrifter och lokala medier.<\/p>\n<p>Jag hade inte lika g\u00e4rna blivit invald i V\u00e4rml\u00e4ndska Akademien, om nu n\u00e5gon mot f\u00f6rmodan hade kommit p\u00e5 tanken att bjuda in mig. Monarkfj\u00e4sk \u00e4r inte min melodi, s\u00e5vida det inte g\u00e4ller <span style=\"color: #0000ff;\"><a style=\"color: #0000ff;\" href=\"http:\/\/sverigesradio.se\/sida\/artikel.aspx?programid=406&amp;artikel=5498898http:\/\/sverigesradio.se\/sida\/artikel.aspx?programid=406&amp;artikel=5498898\">fj\u00e4rilen<\/a>.<\/span><\/p>\n<p>Jag hade m\u00f6jligen kunnat bli medlem i Gustaf Fr\u00f6dings\u00e4llskapet igen, f\u00f6r den poeten \u00e4lskar jag.<\/p>\n<p>Men &#8211; nu har jag blivit invald i styrelsen f\u00f6r Karlstads Bokcaf\u00e9. Det tr\u00e4gna s\u00e4llskap som bjudit in folk f\u00f6r att f\u00f6rs\u00f6ka f\u00f6rklara v\u00e4rlden tillsammans med oss sedan 1981.<\/p>\n<p>Tjohoo!<\/p>\n<p><span style=\"color: #ff6600;\"><strong><em>###<\/em><\/strong><\/span><em> N\u00e4sta program \u00e4r v\u00e5rens andra filosofiska caf\u00e9 den 21 mars kl 18.00-20.00 p\u00e5 museicaf\u00e9et. Hans-\u00c5ke Scherp, lektor p\u00e5 Karlstads universitet, inleder och rubriken \u00e4r F\u00f6rledd skola och v\u00e4lf\u00e4rd? Diskussionen handlar om vilka id\u00e9er kring ledning och styrning som h\u00e4rskat de senaste decennierna.<\/em><\/p>\n<p><span style=\"color: #ff6600;\"><strong><em>###<\/em><\/strong><\/span><em> Den 24 mars kl 15.00 talar Rebecka Bohlin om sin och Sara Bergs bok Fem h\u00e4rskartekniker \u2013 femtio motst\u00e5ndsstrategier p\u00e5 Caf\u00e9 Gjuteriet, ocks\u00e5 i Karlstad.<\/em><\/p>\n<p><span style=\"color: #ff6600;\"><strong><em>###<\/em><\/strong><\/span><em> H\u00e4r \u00e4r webbplatsen: <span style=\"color: #0000ff;\"><a style=\"color: #0000ff;\" href=\"https:\/\/karlstadbokcafe.se\">https:\/\/karlstadbokcafe.se<\/a> <\/span><\/em><\/p>\n<p><a href=\"https:\/\/sven-ove.nu\/wp-content\/uploads\/2018\/03\/Sk\u00e4rmavbild-2018-03-15-kl.-08.28.59-1.jpg\"><img loading=\"lazy\" decoding=\"async\" class=\"size-full wp-image-19466 alignnone\" src=\"https:\/\/sven-ove.nu\/wp-content\/uploads\/2018\/03\/Sk\u00e4rmavbild-2018-03-15-kl.-08.28.59-1.jpg\" alt=\"\" width=\"565\" height=\"630\" srcset=\"https:\/\/sven-ove.nu\/wp-content\/uploads\/2018\/03\/Sk\u00e4rmavbild-2018-03-15-kl.-08.28.59-1.jpg 565w, https:\/\/sven-ove.nu\/wp-content\/uploads\/2018\/03\/Sk\u00e4rmavbild-2018-03-15-kl.-08.28.59-1-269x300.jpg 269w\" sizes=\"auto, (max-width: 565px) 100vw, 565px\" \/><\/a><\/p>\n<p><span style=\"color: #0000ff;\"><a style=\"color: #0000ff;\" href=\"https:\/\/sven-ove.nu\/\">Hem<\/a><\/span>\u00a0|\u00a0<a href=\"https:\/\/sven-ove.nu\/?page_id=170\"><span style=\"color: #0000ff;\">Om mig<\/span><\/a>\u00a0|\u00a0<span style=\"color: #0000ff;\"><a style=\"color: #0000ff;\" href=\"https:\/\/sven-ove.nu\/?page_id=1385\">Skriva &amp; prata<\/a><\/span>\u00a0|\u00a0<span style=\"color: #0000ff;\"><a style=\"color: #0000ff;\" href=\"https:\/\/sven-ove.nu\/?page_id=100\">Politik<\/a><\/span>\u00a0|\u00a0<span style=\"color: #0000ff;\"><a style=\"color: #0000ff;\" href=\"https:\/\/sven-ove.nu\/?page_id=102\">L\u00f6pa<\/a><\/span>\u00a0|\u00a0<span style=\"color: #0000ff;\"><a style=\"color: #0000ff;\" href=\"https:\/\/sven-ove.nu\/?page_id=108\">Viktor Root<\/a><\/span><br \/>\n<em>(c) Sven-Ove Svensson (men dela g\u00e4rna)<\/em><\/p>\n","protected":false},"excerpt":{"rendered":"<p>M\u00f6tesfoto: Lennart Wettmark Jag hade g\u00e4rna blivit invald i ett V\u00e4rmlands Motionsl\u00f6pares Hall Of Fame om en s\u00e5dan hall hade funnits. S\u00e5 mycket som jag har tr\u00e4nat och strax d\u00e4rp\u00e5 skrivit om l\u00f6pning i svenska l\u00f6partidskrifter och lokala medier. Jag hade inte lika g\u00e4rna blivit invald i V\u00e4rml\u00e4ndska Akademien, om nu n\u00e5gon mot f\u00f6rmodan hade &hellip; <a href=\"https:\/\/sven-ove.nu\/?p=19461\" class=\"more-link\">Forts\u00e4tt l\u00e4sa <span class=\"screen-reader-text\">Invald bland tr\u00e4gna f\u00f6rklarare<\/span><\/a><\/p>\n","protected":false},"author":1,"featured_media":0,"comment_status":"open","ping_status":"open","sticky":false,"template":"","format":"standard","meta":{"_crdt_document":"","_monsterinsights_skip_tracking":false,"_monsterinsights_sitenote_active":false,"_monsterinsights_sitenote_note":"","_monsterinsights_sitenote_category":0,"footnotes":""},"categories":[28,9,4],"tags":[8,18,14,17],"class_list":["post-19461","post","type-post","status-publish","format-standard","hentry","category-kreativt-folk","category-politik","category-skrivande","tag-historia","tag-lardomar","tag-lasning","tag-solidaritet"],"_links":{"self":[{"href":"https:\/\/sven-ove.nu\/index.php?rest_route=\/wp\/v2\/posts\/19461","targetHints":{"allow":["GET"]}}],"collection":[{"href":"https:\/\/sven-ove.nu\/index.php?rest_route=\/wp\/v2\/posts"}],"about":[{"href":"https:\/\/sven-ove.nu\/index.php?rest_route=\/wp\/v2\/types\/post"}],"author":[{"embeddable":true,"href":"https:\/\/sven-ove.nu\/index.php?rest_route=\/wp\/v2\/users\/1"}],"replies":[{"embeddable":true,"href":"https:\/\/sven-ove.nu\/index.php?rest_route=%2Fwp%2Fv2%2Fcomments&post=19461"}],"version-history":[{"count":6,"href":"https:\/\/sven-ove.nu\/index.php?rest_route=\/wp\/v2\/posts\/19461\/revisions"}],"predecessor-version":[{"id":19471,"href":"https:\/\/sven-ove.nu\/index.php?rest_route=\/wp\/v2\/posts\/19461\/revisions\/19471"}],"wp:attachment":[{"href":"https:\/\/sven-ove.nu\/index.php?rest_route=%2Fwp%2Fv2%2Fmedia&parent=19461"}],"wp:term":[{"taxonomy":"category","embeddable":true,"href":"https:\/\/sven-ove.nu\/index.php?rest_route=%2Fwp%2Fv2%2Fcategories&post=19461"},{"taxonomy":"post_tag","embeddable":true,"href":"https:\/\/sven-ove.nu\/index.php?rest_route=%2Fwp%2Fv2%2Ftags&post=19461"}],"curies":[{"name":"wp","href":"https:\/\/api.w.org\/{rel}","templated":true}]}}