{"id":19472,"date":"2018-03-19T03:54:02","date_gmt":"2018-03-19T02:54:02","guid":{"rendered":"http:\/\/sven-ove.nu\/?p=19472"},"modified":"2018-03-19T07:22:39","modified_gmt":"2018-03-19T06:22:39","slug":"se-vad-brackliga-snoflingor-kan-gora-nar-de-haller-ihop","status":"publish","type":"post","link":"https:\/\/sven-ove.nu\/?p=19472","title":{"rendered":"Se vad br\u00e4ckliga sn\u00f6flingor kan g\u00f6ra n\u00e4r de h\u00e5ller ihop"},"content":{"rendered":"<p><a href=\"https:\/\/sven-ove.nu\/wp-content\/uploads\/2018\/03\/Sn\u00f6granar.jpg\"><img loading=\"lazy\" decoding=\"async\" class=\"size-large wp-image-19474 alignnone\" src=\"https:\/\/sven-ove.nu\/wp-content\/uploads\/2018\/03\/Sn\u00f6granar-1024x720.jpg\" alt=\"\" width=\"660\" height=\"464\" srcset=\"https:\/\/sven-ove.nu\/wp-content\/uploads\/2018\/03\/Sn\u00f6granar-1024x720.jpg 1024w, https:\/\/sven-ove.nu\/wp-content\/uploads\/2018\/03\/Sn\u00f6granar-300x211.jpg 300w, https:\/\/sven-ove.nu\/wp-content\/uploads\/2018\/03\/Sn\u00f6granar-768x540.jpg 768w, https:\/\/sven-ove.nu\/wp-content\/uploads\/2018\/03\/Sn\u00f6granar.jpg 1280w\" sizes=\"auto, (max-width: 660px) 100vw, 660px\" \/><\/a><\/p>\n<blockquote><p>\u00c5r 2001 slutade han som kulturchef i Karlstad efter att ha varit kulturtj\u00e4nsteman i 31 \u00e5r. F\u00f6r tre \u00e5r sedan debuterade han vid 78 \u00e5rs \u00e5lder med boken Minnenas l\u00e5ngrev. I fjol gav han ut tre b\u00f6cker: Ny minnesl\u00e5ngrev, Stadgen\u00f6rden och F\u00f6rfattare ok\u00e4nd.<\/p>\n<p>Nyss l\u00e5g den senare boken i min brevl\u00e5da. En samling aforismer som har det gemensamt att f\u00f6rfattarna till visdomsorden \u00e4r anonyma f\u00f6r Kjell Fredriksson som samlat dem.<\/p><\/blockquote>\n<p>Visste jag det inte f\u00f6rut, s\u00e5 inser jag nu att vi inte bara \u00e4r kr\u00f6nik\u00f6rkollegor, Kjell Fredriksson och jag, vi \u00e4r aforismtypen ocks\u00e5 b\u00e5da tv\u00e5, mitt i v\u00e5ra ordstr\u00f6mmar.<\/p>\n<p>Sj\u00e4lv fick jag namn om mig att vara l\u00e5ngskrivare n\u00e4r jag skrev kr\u00f6nikor i V\u00e4rmlands Folkblad och chefredakt\u00f6ren g\u00e4rna ville att jag skrev l\u00e4ngre, s\u00e5 det fyllde hela sidan tre. Inte blev det b\u00e4ttre n\u00e4r jag skrev i Springtime\/Runners World. D\u00e4r ville redakt\u00f6ren att mina texter skulle vara sju-\u00e5tta matsedlar l\u00e5nga.<\/p>\n<p>&#8211; En kr\u00f6nika? S\u00e5 l\u00e5ng?<br \/>\n&#8211; Ja. Skriv. L\u00e5ngl\u00f6pare har t\u00e5lamod.<\/p>\n<p>Ett par kortprosab\u00f6cker senare var det fortfarande ingen som trodde mig, n\u00e4r jag f\u00f6rs\u00f6kte f\u00f6rklara att jag trivs fint i det lilla formatet.<\/p>\n<p><strong>Samlade och delade ut<br \/>\n<\/strong>I f\u00f6rordet ber\u00e4ttar Kjell Fredriksson hur han i m\u00e5nga \u00e5r roat sig sj\u00e4lv och sin omgivning med att samla aforismer under rubriken <em>Bra sagt \u2013 n\u00e5\u2019t att t\u00e4nka p\u00e5<\/em> och dela ut dem. I maj i fjol kom samling nummer 122, sedan l\u00e4nge i form av ett dubbelsidigt A4. Nu har han gjort 48-sidig bok av s\u00e5dana aforismer som han inte hittat n\u00e5gon f\u00f6rfattare till, \u00e4ven om en upphovsman naturligtvis finns.<\/p>\n<p>Denna k\u00e4nns br\u00e4nnande aktuell, kanske inte bara f\u00f6r oss solidariskt lagda vinter\u00e4lskare:<\/p>\n<p style=\"padding-left: 30px;\"><em>Sn\u00f6flingor \u00e4r n\u00e5got av naturens br\u00e4ckligaste ting, men se vad de kan g\u00f6ra, n\u00e4r de h\u00e5ller ihop!<\/em><\/p>\n<p><strong>Att uppfatta vad som inte s\u00e4gs<br \/>\n<\/strong>H\u00e4r \u00e4r n\u00e5gra andra som jag fastnat f\u00f6r ur boken:<\/p>\n<p style=\"padding-left: 30px;\"><em>Erfarenhet \u00e4r det som g\u00f6r att ens misstag k\u00e4nns s\u00e5 v\u00e4lbekanta.<\/em><em>\u00a0<\/em><\/p>\n<p style=\"padding-left: 30px;\"><em>Muskler och kondition \u00e4r f\u00e4rskvara.<\/em><em>\u00a0<\/em><\/p>\n<p style=\"padding-left: 30px;\"><em>Tecknet p\u00e5 en riktigt bra semester \u00e4r att man har gl\u00f6mt l\u00f6senordet till datorn n\u00e4r man kommer tillbaka till jobbet.<\/em><\/p>\n<p style=\"padding-left: 30px;\"><em>Hur kan du klaga p\u00e5 att det fattas tid &#8211; det kommer ju ny tid hela tiden.<\/em><\/p>\n<p style=\"padding-left: 30px;\"><em>Vi visste inte att det var om\u00f6jligt, s\u00e5 vi klarade av det.<\/em><\/p>\n<p style=\"padding-left: 30px;\"><em>Komedi \u00e4r bara ett roligt s\u00e4tt att vara allvarlig.<\/em><\/p>\n<p style=\"padding-left: 30px;\"><em>Det sv\u00e5raste i allt skapande \u00e4r att b\u00f6rja.<\/em><\/p>\n<p style=\"padding-left: 30px;\"><em>Det viktigaste p\u00e5 alla sammantr\u00e4den \u00e4r att uppfatta vad som inte s\u00e4gs.<\/em><\/p>\n<p style=\"padding-left: 30px;\"><em>Vitl\u00f6k &#8211; de intellektuellas ketchup.<\/em><\/p>\n<p style=\"padding-left: 30px;\"><em>Vi slutar inte att leka f\u00f6r att vi blir gamla; vi blir gamla f\u00f6r att vi slutar leka.<\/em><\/p>\n<p style=\"padding-left: 30px;\"><em>Tiden \u00e4r naturens s\u00e4tt att hindra allting fr\u00e5n att h\u00e4nda p\u00e5 en g\u00e5ng.<\/em><\/p>\n<p style=\"padding-left: 30px;\"><em>De b\u00e4sta sakerna h\u00e4r i livet \u00e4r i allm\u00e4nhet inte saker.<\/em><\/p>\n<p style=\"padding-left: 30px;\"><a href=\"https:\/\/sven-ove.nu\/wp-content\/uploads\/2018\/03\/F\u00f6rfattare-ok\u00e4nd.jpg\"><img loading=\"lazy\" decoding=\"async\" class=\"size-medium wp-image-19477 alignnone\" src=\"https:\/\/sven-ove.nu\/wp-content\/uploads\/2018\/03\/F\u00f6rfattare-ok\u00e4nd-249x300.jpg\" alt=\"\" width=\"249\" height=\"300\" srcset=\"https:\/\/sven-ove.nu\/wp-content\/uploads\/2018\/03\/F\u00f6rfattare-ok\u00e4nd-249x300.jpg 249w, https:\/\/sven-ove.nu\/wp-content\/uploads\/2018\/03\/F\u00f6rfattare-ok\u00e4nd-768x925.jpg 768w, https:\/\/sven-ove.nu\/wp-content\/uploads\/2018\/03\/F\u00f6rfattare-ok\u00e4nd-850x1024.jpg 850w, https:\/\/sven-ove.nu\/wp-content\/uploads\/2018\/03\/F\u00f6rfattare-ok\u00e4nd.jpg 1063w\" sizes=\"auto, (max-width: 249px) 100vw, 249px\" \/><\/a><\/p>\n<p><span style=\"color: #ff6600;\"><strong>###<\/strong><\/span> Aforism \u2013 kort och k\u00e4rnfullt formulerad fundering, g\u00e4rna med po\u00e4ng i b\u00e5de form och inneh\u00e5ll.<br \/>\n<span style=\"color: #ff6600;\"><strong>###<\/strong><\/span> I m\u00e5nga \u00e5r skrev Kjell Fredriksson kr\u00f6nikor i Karlstads-Tidningen: <span style=\"color: #0000ff;\"><a style=\"color: #0000ff;\" href=\"http:\/\/kt.se\/kronikor\/kjell-fredriksson\/\">l\u00e4nk till kr\u00f6nikorna<\/a><\/span><br \/>\n<span style=\"color: #ff6600;\"><strong>###<\/strong><\/span> F\u00f6rfattare ok\u00e4nd \u00e4r utgiven p\u00e5 f\u00f6rlaget Bild, Text &amp; Form i Karlstad.<\/p>\n<p><span style=\"color: #0000ff;\"><a style=\"color: #0000ff;\" href=\"https:\/\/sven-ove.nu\/\">Hem<\/a><\/span>\u00a0|\u00a0<span style=\"color: #0000ff;\"><a style=\"color: #0000ff;\" href=\"https:\/\/sven-ove.nu\/?page_id=170\">Om mig<\/a><\/span>\u00a0|\u00a0<span style=\"color: #0000ff;\"><a style=\"color: #0000ff;\" href=\"https:\/\/sven-ove.nu\/?page_id=1385\">Skriva &amp; prata<\/a><\/span>\u00a0|\u00a0<span style=\"color: #0000ff;\"><a style=\"color: #0000ff;\" href=\"https:\/\/sven-ove.nu\/?page_id=100\">Politik<\/a><\/span>\u00a0|\u00a0<span style=\"color: #0000ff;\"><a style=\"color: #0000ff;\" href=\"https:\/\/sven-ove.nu\/?page_id=102\">L\u00f6pa<\/a><\/span>\u00a0|\u00a0<span style=\"color: #0000ff;\"><a style=\"color: #0000ff;\" href=\"https:\/\/sven-ove.nu\/?page_id=108\">Viktor Root<\/a><\/span><br \/>\n<em>(c) Sven-Ove Svensson (men dela g\u00e4rna)<\/em><\/p>\n","protected":false},"excerpt":{"rendered":"<p>\u00c5r 2001 slutade han som kulturchef i Karlstad efter att ha varit kulturtj\u00e4nsteman i 31 \u00e5r. F\u00f6r tre \u00e5r sedan debuterade han vid 78 \u00e5rs \u00e5lder med boken Minnenas l\u00e5ngrev. I fjol gav han ut tre b\u00f6cker: Ny minnesl\u00e5ngrev, Stadgen\u00f6rden och F\u00f6rfattare ok\u00e4nd. Nyss l\u00e5g den senare boken i min brevl\u00e5da. En samling aforismer som &hellip; <a href=\"https:\/\/sven-ove.nu\/?p=19472\" class=\"more-link\">Forts\u00e4tt l\u00e4sa <span class=\"screen-reader-text\">Se vad br\u00e4ckliga sn\u00f6flingor kan g\u00f6ra n\u00e4r de h\u00e5ller ihop<\/span><\/a><\/p>\n","protected":false},"author":1,"featured_media":0,"comment_status":"open","ping_status":"open","sticky":false,"template":"","format":"standard","meta":{"_crdt_document":"","_monsterinsights_skip_tracking":false,"_monsterinsights_sitenote_active":false,"_monsterinsights_sitenote_note":"","_monsterinsights_sitenote_category":0,"footnotes":""},"categories":[28,4],"tags":[14,21],"class_list":["post-19472","post","type-post","status-publish","format-standard","hentry","category-kreativt-folk","category-skrivande","tag-lasning","tag-ord"],"_links":{"self":[{"href":"https:\/\/sven-ove.nu\/index.php?rest_route=\/wp\/v2\/posts\/19472","targetHints":{"allow":["GET"]}}],"collection":[{"href":"https:\/\/sven-ove.nu\/index.php?rest_route=\/wp\/v2\/posts"}],"about":[{"href":"https:\/\/sven-ove.nu\/index.php?rest_route=\/wp\/v2\/types\/post"}],"author":[{"embeddable":true,"href":"https:\/\/sven-ove.nu\/index.php?rest_route=\/wp\/v2\/users\/1"}],"replies":[{"embeddable":true,"href":"https:\/\/sven-ove.nu\/index.php?rest_route=%2Fwp%2Fv2%2Fcomments&post=19472"}],"version-history":[{"count":7,"href":"https:\/\/sven-ove.nu\/index.php?rest_route=\/wp\/v2\/posts\/19472\/revisions"}],"predecessor-version":[{"id":19481,"href":"https:\/\/sven-ove.nu\/index.php?rest_route=\/wp\/v2\/posts\/19472\/revisions\/19481"}],"wp:attachment":[{"href":"https:\/\/sven-ove.nu\/index.php?rest_route=%2Fwp%2Fv2%2Fmedia&parent=19472"}],"wp:term":[{"taxonomy":"category","embeddable":true,"href":"https:\/\/sven-ove.nu\/index.php?rest_route=%2Fwp%2Fv2%2Fcategories&post=19472"},{"taxonomy":"post_tag","embeddable":true,"href":"https:\/\/sven-ove.nu\/index.php?rest_route=%2Fwp%2Fv2%2Ftags&post=19472"}],"curies":[{"name":"wp","href":"https:\/\/api.w.org\/{rel}","templated":true}]}}