{"id":19482,"date":"2018-03-20T04:57:55","date_gmt":"2018-03-20T03:57:55","guid":{"rendered":"http:\/\/sven-ove.nu\/?p=19482"},"modified":"2018-03-19T17:12:27","modified_gmt":"2018-03-19T16:12:27","slug":"flytta-skarpan-fran-hacken-till-snogen","status":"publish","type":"post","link":"https:\/\/sven-ove.nu\/?p=19482","title":{"rendered":"Flytta sk\u00e4rpan till sn\u00f6gen"},"content":{"rendered":"<p><a href=\"https:\/\/sven-ove.nu\/wp-content\/uploads\/2018\/03\/H\u00e4ck-och-sn\u00f6g.jpg\"><img loading=\"lazy\" decoding=\"async\" class=\"size-large wp-image-19488 alignnone\" src=\"https:\/\/sven-ove.nu\/wp-content\/uploads\/2018\/03\/H\u00e4ck-och-sn\u00f6g-1024x682.jpg\" alt=\"\" width=\"660\" height=\"440\" srcset=\"https:\/\/sven-ove.nu\/wp-content\/uploads\/2018\/03\/H\u00e4ck-och-sn\u00f6g-1024x682.jpg 1024w, https:\/\/sven-ove.nu\/wp-content\/uploads\/2018\/03\/H\u00e4ck-och-sn\u00f6g-300x200.jpg 300w, https:\/\/sven-ove.nu\/wp-content\/uploads\/2018\/03\/H\u00e4ck-och-sn\u00f6g-768x512.jpg 768w, https:\/\/sven-ove.nu\/wp-content\/uploads\/2018\/03\/H\u00e4ck-och-sn\u00f6g.jpg 1280w\" sizes=\"auto, (max-width: 660px) 100vw, 660px\" \/><\/a><\/p>\n<p>Tr\u00e4ningen g\u00e5r vidare. Nu har jag b\u00f6rjat l\u00e4sa bruksanvisningen f\u00f6r kameran. Objektivet k\u00e4nns l\u00e5ngt som ett tr\u00e4ningspass p\u00e5 Ullevi i dis &#8211; och det \u00e4r bra.<\/p>\n<p>Det g\u00e4ller att se, f\u00f6rst och fr\u00e4mst g\u00e4ller det att se. Stadgan kommer, sk\u00e4rpan kommer, snart har vi sytt oss en risp\u00e5se med. Men blicken, den b\u00f6rjar det med.<\/p>\n<p>Jas\u00e5, d\u00f6ljer det sig en naturens egen fr\u00f6f\u00e5gel i beh\u00e5llaren av f\u00e5gelfr\u00f6? Jas\u00e5 fastnar det fruset vatten p\u00e5 k\u00e4ttingen ner i vattentunnan? Har vi treglasf\u00f6nster, syns det? Kan ett fruset buskage i kanten av \u00e4ngen bli som en hel tapet?<\/p>\n<p>Blicken. Ljuset. Tr\u00e4na p\u00e5.<br \/>\nFlytta sk\u00e4rpan fr\u00e5n h\u00e4cken till sn\u00f6gen.<\/p>\n<p>Och vila.<\/p>\n<p><a href=\"https:\/\/sven-ove.nu\/wp-content\/uploads\/2018\/03\/Isk\u00e4ttingen.jpg\"><img loading=\"lazy\" decoding=\"async\" class=\"size-large wp-image-19492 alignnone\" src=\"https:\/\/sven-ove.nu\/wp-content\/uploads\/2018\/03\/Isk\u00e4ttingen-1024x716.jpg\" alt=\"\" width=\"660\" height=\"461\" srcset=\"https:\/\/sven-ove.nu\/wp-content\/uploads\/2018\/03\/Isk\u00e4ttingen-1024x716.jpg 1024w, https:\/\/sven-ove.nu\/wp-content\/uploads\/2018\/03\/Isk\u00e4ttingen-300x210.jpg 300w, https:\/\/sven-ove.nu\/wp-content\/uploads\/2018\/03\/Isk\u00e4ttingen-768x537.jpg 768w, https:\/\/sven-ove.nu\/wp-content\/uploads\/2018\/03\/Isk\u00e4ttingen.jpg 1280w\" sizes=\"auto, (max-width: 660px) 100vw, 660px\" \/><\/a><\/p>\n<p><a href=\"https:\/\/sven-ove.nu\/wp-content\/uploads\/2018\/03\/Buskaget.jpg\"><img loading=\"lazy\" decoding=\"async\" class=\"size-large wp-image-19493 alignnone\" src=\"https:\/\/sven-ove.nu\/wp-content\/uploads\/2018\/03\/Buskaget-1024x682.jpg\" alt=\"\" width=\"660\" height=\"440\" srcset=\"https:\/\/sven-ove.nu\/wp-content\/uploads\/2018\/03\/Buskaget-1024x682.jpg 1024w, https:\/\/sven-ove.nu\/wp-content\/uploads\/2018\/03\/Buskaget-300x200.jpg 300w, https:\/\/sven-ove.nu\/wp-content\/uploads\/2018\/03\/Buskaget-768x512.jpg 768w, https:\/\/sven-ove.nu\/wp-content\/uploads\/2018\/03\/Buskaget.jpg 1280w\" sizes=\"auto, (max-width: 660px) 100vw, 660px\" \/><\/a><\/p>\n<p><a href=\"https:\/\/sven-ove.nu\/wp-content\/uploads\/2018\/03\/Fr\u00f6f\u00e5geln.jpg\"><img loading=\"lazy\" decoding=\"async\" class=\"size-large wp-image-19494 alignnone\" src=\"https:\/\/sven-ove.nu\/wp-content\/uploads\/2018\/03\/Fr\u00f6f\u00e5geln-1024x738.jpg\" alt=\"\" width=\"660\" height=\"476\" srcset=\"https:\/\/sven-ove.nu\/wp-content\/uploads\/2018\/03\/Fr\u00f6f\u00e5geln-1024x738.jpg 1024w, https:\/\/sven-ove.nu\/wp-content\/uploads\/2018\/03\/Fr\u00f6f\u00e5geln-300x216.jpg 300w, https:\/\/sven-ove.nu\/wp-content\/uploads\/2018\/03\/Fr\u00f6f\u00e5geln-768x554.jpg 768w, https:\/\/sven-ove.nu\/wp-content\/uploads\/2018\/03\/Fr\u00f6f\u00e5geln.jpg 1280w\" sizes=\"auto, (max-width: 660px) 100vw, 660px\" \/><\/a><\/p>\n<p><a href=\"https:\/\/sven-ove.nu\/wp-content\/uploads\/2018\/03\/Ljusreflexer.jpg\"><img loading=\"lazy\" decoding=\"async\" class=\"size-large wp-image-19495 alignnone\" src=\"https:\/\/sven-ove.nu\/wp-content\/uploads\/2018\/03\/Ljusreflexer-1024x672.jpg\" alt=\"\" width=\"660\" height=\"433\" srcset=\"https:\/\/sven-ove.nu\/wp-content\/uploads\/2018\/03\/Ljusreflexer-1024x672.jpg 1024w, https:\/\/sven-ove.nu\/wp-content\/uploads\/2018\/03\/Ljusreflexer-300x197.jpg 300w, https:\/\/sven-ove.nu\/wp-content\/uploads\/2018\/03\/Ljusreflexer-768x504.jpg 768w, https:\/\/sven-ove.nu\/wp-content\/uploads\/2018\/03\/Ljusreflexer.jpg 1280w\" sizes=\"auto, (max-width: 660px) 100vw, 660px\" \/><\/a><\/p>\n<p><span style=\"color: #0000ff;\"><a style=\"color: #0000ff;\" href=\"https:\/\/sven-ove.nu\/\">Hem<\/a><\/span>\u00a0|\u00a0<span style=\"color: #0000ff;\"><a style=\"color: #0000ff;\" href=\"https:\/\/sven-ove.nu\/?page_id=170\">Om mig<\/a>\u00a0<\/span>|\u00a0<span style=\"color: #0000ff;\"><a style=\"color: #0000ff;\" href=\"https:\/\/sven-ove.nu\/?page_id=1385\">Skriva &amp; prata<\/a><\/span>\u00a0|\u00a0<span style=\"color: #0000ff;\"><a style=\"color: #0000ff;\" href=\"https:\/\/sven-ove.nu\/?page_id=100\">Politik<\/a><\/span>\u00a0|\u00a0<span style=\"color: #0000ff;\"><a style=\"color: #0000ff;\" href=\"https:\/\/sven-ove.nu\/?page_id=102\">L\u00f6pa<\/a><\/span>\u00a0|\u00a0<span style=\"color: #0000ff;\"><a style=\"color: #0000ff;\" href=\"https:\/\/sven-ove.nu\/?page_id=108\">Viktor Root<\/a><\/span><br \/>\n<em>(c) Sven-Ove Svensson (men dela g\u00e4rna)<\/em><\/p>\n","protected":false},"excerpt":{"rendered":"<p>Tr\u00e4ningen g\u00e5r vidare. Nu har jag b\u00f6rjat l\u00e4sa bruksanvisningen f\u00f6r kameran. Objektivet k\u00e4nns l\u00e5ngt som ett tr\u00e4ningspass p\u00e5 Ullevi i dis &#8211; och det \u00e4r bra. Det g\u00e4ller att se, f\u00f6rst och fr\u00e4mst g\u00e4ller det att se. Stadgan kommer, sk\u00e4rpan kommer, snart har vi sytt oss en risp\u00e5se med. Men blicken, den b\u00f6rjar det med. &hellip; <a href=\"https:\/\/sven-ove.nu\/?p=19482\" class=\"more-link\">Forts\u00e4tt l\u00e4sa <span class=\"screen-reader-text\">Flytta sk\u00e4rpan till sn\u00f6gen<\/span><\/a><\/p>\n","protected":false},"author":1,"featured_media":0,"comment_status":"open","ping_status":"open","sticky":false,"template":"","format":"standard","meta":{"_crdt_document":"","_monsterinsights_skip_tracking":false,"_monsterinsights_sitenote_active":false,"_monsterinsights_sitenote_note":"","_monsterinsights_sitenote_category":0,"footnotes":""},"categories":[34],"tags":[18,13],"class_list":["post-19482","post","type-post","status-publish","format-standard","hentry","category-foto","tag-lardomar","tag-utrustning"],"_links":{"self":[{"href":"https:\/\/sven-ove.nu\/index.php?rest_route=\/wp\/v2\/posts\/19482","targetHints":{"allow":["GET"]}}],"collection":[{"href":"https:\/\/sven-ove.nu\/index.php?rest_route=\/wp\/v2\/posts"}],"about":[{"href":"https:\/\/sven-ove.nu\/index.php?rest_route=\/wp\/v2\/types\/post"}],"author":[{"embeddable":true,"href":"https:\/\/sven-ove.nu\/index.php?rest_route=\/wp\/v2\/users\/1"}],"replies":[{"embeddable":true,"href":"https:\/\/sven-ove.nu\/index.php?rest_route=%2Fwp%2Fv2%2Fcomments&post=19482"}],"version-history":[{"count":9,"href":"https:\/\/sven-ove.nu\/index.php?rest_route=\/wp\/v2\/posts\/19482\/revisions"}],"predecessor-version":[{"id":19497,"href":"https:\/\/sven-ove.nu\/index.php?rest_route=\/wp\/v2\/posts\/19482\/revisions\/19497"}],"wp:attachment":[{"href":"https:\/\/sven-ove.nu\/index.php?rest_route=%2Fwp%2Fv2%2Fmedia&parent=19482"}],"wp:term":[{"taxonomy":"category","embeddable":true,"href":"https:\/\/sven-ove.nu\/index.php?rest_route=%2Fwp%2Fv2%2Fcategories&post=19482"},{"taxonomy":"post_tag","embeddable":true,"href":"https:\/\/sven-ove.nu\/index.php?rest_route=%2Fwp%2Fv2%2Ftags&post=19482"}],"curies":[{"name":"wp","href":"https:\/\/api.w.org\/{rel}","templated":true}]}}