{"id":19508,"date":"2018-03-21T04:57:34","date_gmt":"2018-03-21T03:57:34","guid":{"rendered":"http:\/\/sven-ove.nu\/?p=19508"},"modified":"2018-03-20T22:36:10","modified_gmt":"2018-03-20T21:36:10","slug":"21-mars-vad-sa-du-sa-du-ska-vi-inte-ses","status":"publish","type":"post","link":"https:\/\/sven-ove.nu\/?p=19508","title":{"rendered":"Vad sa du, sa du? Ska vi inte ses?"},"content":{"rendered":"<p><a href=\"https:\/\/sven-ove.nu\/wp-content\/uploads\/2018\/03\/Muggen.jpg\"><img loading=\"lazy\" decoding=\"async\" class=\"size-medium wp-image-19514 alignnone\" src=\"https:\/\/sven-ove.nu\/wp-content\/uploads\/2018\/03\/Muggen-300x300.jpg\" alt=\"\" width=\"300\" height=\"300\" srcset=\"https:\/\/sven-ove.nu\/wp-content\/uploads\/2018\/03\/Muggen-300x300.jpg 300w, https:\/\/sven-ove.nu\/wp-content\/uploads\/2018\/03\/Muggen-150x150.jpg 150w, https:\/\/sven-ove.nu\/wp-content\/uploads\/2018\/03\/Muggen-768x768.jpg 768w, https:\/\/sven-ove.nu\/wp-content\/uploads\/2018\/03\/Muggen-1024x1024.jpg 1024w, https:\/\/sven-ove.nu\/wp-content\/uploads\/2018\/03\/Muggen.jpg 1280w\" sizes=\"auto, (max-width: 300px) 100vw, 300px\" \/><\/a><\/p>\n<p>En\u00a0kv\u00e4ll hamnar vi p\u00e5 konsumst\u00e4mma. Det \u00e4r trivsamma tillst\u00e4llningar. De som \u00e4r \u00e4ldre \u00e4n oss \u00e4r p\u00e5 plats l\u00e5ngt i f\u00f6rv\u00e4g och sitter redan och smaskar n\u00e4r vi kommer traskande. Sedan v\u00e4ljer vi n\u00e5gra kloka personer, kvinnor mest, till butiksr\u00e5d och ombud till l\u00e4nsf\u00f6reningen. Det \u00e4r inget konstigt med det.<\/p>\n<p>Sedan ber\u00e4ttar hon som \u00e4r chef f\u00f6r den mindre butiken p\u00e5 bortre sidan \u00e4lven hur den har g\u00e5tt och han som \u00e4r chef p\u00e5 den stora butiken p\u00e5 v\u00e5r sida ber\u00e4ttar hur den har g\u00e5tt. Efter dem rapporterar en kvinna fr\u00e5n l\u00e4nsf\u00f6reningen om l\u00e4get i l\u00e4net och eftersom det har varit ett omtumlande \u00e5r f\u00e5r hon kritiska fr\u00e5gor. \u00c4ven det h\u00f6r till det normala.<\/p>\n<p>Slutligen blir det underh\u00e5llning och lottdragning, vi vinner inget, men n\u00e4r vi g\u00e5r ut ska vi alla f\u00e5 varsin kupong p\u00e5 en falukorvring.<\/p>\n<p>Precis som det brukar vara.<\/p>\n<p><strong>\u00c4rru rent rysk?<br \/>\n<\/strong>S\u00e5 l\u00e5ngt \u00e4r inget konstigt. Att vi d\u00f6pt om oss fr\u00e5n Konsum till Coop kan jag leva med, att v\u00e5r f\u00f6rening m\u00e5ste sanera sin ekonomi f\u00e5r vi ocks\u00e5 f\u00f6rs\u00f6ka st\u00e5 ut med och att vi har s\u00e5 stor marknadsandel i V\u00e4rmland j\u00e4mf\u00f6rt med \u00f6vriga landet \u00e4r en gl\u00e4dje. I varje fall f\u00f6r oss.<\/p>\n<p>Det \u00e4r bara det d\u00e4r hon fr\u00e5n stan sa. I \u00e5r testar de att genomf\u00f6ra st\u00e4mman <em>digitalt<\/em> p\u00e5 tv\u00e5 st\u00e4llen. Digital konsumst\u00e4mma? \u00c4rru rent rysk, m\u00e4nniska?!!<\/p>\n<p>Jag \u00e4r en varm anh\u00e4ngare av konsumentkooperationen, om du inte har m\u00e4rkt det f\u00f6rut. Jag \u00e4lskar min butik och dess personal, vi handlar i princip allt som g\u00e5r d\u00e4r, p\u00e5 hemmaplan. Men s\u00e5 fanken att den h\u00e4r bloggaren, googlaren, wikipettern, Facebookn\u00f6rden, mejlfantomen och forne webbredakt\u00f6ren tror att det \u00e4r bra f\u00f6r demokratin, vi-k\u00e4nslan och f\u00f6rs\u00e4ljningen i v\u00e5r f\u00f6rening att h\u00e5lla \u00e5rsst\u00e4mmorna &#8211; per sk\u00e4rm. \u00c4ven om alla vi medlemmar kunde delta, rent tekniskt.<\/p>\n<p>Det finns en po\u00e4ng med att ses, hur bra vi \u00e4n \u00e4r p\u00e5 att facebooka, skajpa och facetajma.\u00a0Vi \u00e4r n\u00e4mligen m\u00e4nniskor, inte ettor och nollor.\u00a0Varenda medlem h\u00e4r i salen \u00e4r en m\u00e4nniska.<\/p>\n<p>Gissa vad vi m\u00e4nniskor beh\u00f6ver.<\/p>\n<p><span style=\"color: #0000ff;\"><a style=\"color: #0000ff;\" href=\"https:\/\/sven-ove.nu\/\">Hem<\/a><\/span>\u00a0|\u00a0<span style=\"color: #0000ff;\"><a style=\"color: #0000ff;\" href=\"https:\/\/sven-ove.nu\/?page_id=170\">Om mig<\/a><\/span>\u00a0|\u00a0<a href=\"https:\/\/sven-ove.nu\/?page_id=1385\"><span style=\"color: #0000ff;\">Skriva &amp; prata<\/span><\/a>\u00a0|\u00a0<span style=\"color: #0000ff;\"><a style=\"color: #0000ff;\" href=\"https:\/\/sven-ove.nu\/?page_id=100\">Politik<\/a><\/span>\u00a0|\u00a0<span style=\"color: #0000ff;\"><a style=\"color: #0000ff;\" href=\"https:\/\/sven-ove.nu\/?page_id=102\">L\u00f6pa<\/a><\/span>\u00a0|\u00a0<span style=\"color: #0000ff;\"><a style=\"color: #0000ff;\" href=\"https:\/\/sven-ove.nu\/?page_id=108\">Viktor Root<\/a><\/span><br \/>\n<em>(c) Sven-Ove Svensson (men dela g\u00e4rna)<\/em><\/p>\n","protected":false},"excerpt":{"rendered":"<p>En\u00a0kv\u00e4ll hamnar vi p\u00e5 konsumst\u00e4mma. Det \u00e4r trivsamma tillst\u00e4llningar. De som \u00e4r \u00e4ldre \u00e4n oss \u00e4r p\u00e5 plats l\u00e5ngt i f\u00f6rv\u00e4g och sitter redan och smaskar n\u00e4r vi kommer traskande. Sedan v\u00e4ljer vi n\u00e5gra kloka personer, kvinnor mest, till butiksr\u00e5d och ombud till l\u00e4nsf\u00f6reningen. Det \u00e4r inget konstigt med det. Sedan ber\u00e4ttar hon som \u00e4r &hellip; <a href=\"https:\/\/sven-ove.nu\/?p=19508\" class=\"more-link\">Forts\u00e4tt l\u00e4sa <span class=\"screen-reader-text\">Vad sa du, sa du? Ska vi inte ses?<\/span><\/a><\/p>\n","protected":false},"author":1,"featured_media":0,"comment_status":"open","ping_status":"open","sticky":false,"template":"","format":"standard","meta":{"_crdt_document":"","_monsterinsights_skip_tracking":false,"_monsterinsights_sitenote_active":false,"_monsterinsights_sitenote_note":"","_monsterinsights_sitenote_category":0,"footnotes":""},"categories":[10],"tags":[18,20,17],"class_list":["post-19508","post","type-post","status-publish","format-standard","hentry","category-familjen","tag-lardomar","tag-rad","tag-solidaritet"],"_links":{"self":[{"href":"https:\/\/sven-ove.nu\/index.php?rest_route=\/wp\/v2\/posts\/19508","targetHints":{"allow":["GET"]}}],"collection":[{"href":"https:\/\/sven-ove.nu\/index.php?rest_route=\/wp\/v2\/posts"}],"about":[{"href":"https:\/\/sven-ove.nu\/index.php?rest_route=\/wp\/v2\/types\/post"}],"author":[{"embeddable":true,"href":"https:\/\/sven-ove.nu\/index.php?rest_route=\/wp\/v2\/users\/1"}],"replies":[{"embeddable":true,"href":"https:\/\/sven-ove.nu\/index.php?rest_route=%2Fwp%2Fv2%2Fcomments&post=19508"}],"version-history":[{"count":9,"href":"https:\/\/sven-ove.nu\/index.php?rest_route=\/wp\/v2\/posts\/19508\/revisions"}],"predecessor-version":[{"id":19518,"href":"https:\/\/sven-ove.nu\/index.php?rest_route=\/wp\/v2\/posts\/19508\/revisions\/19518"}],"wp:attachment":[{"href":"https:\/\/sven-ove.nu\/index.php?rest_route=%2Fwp%2Fv2%2Fmedia&parent=19508"}],"wp:term":[{"taxonomy":"category","embeddable":true,"href":"https:\/\/sven-ove.nu\/index.php?rest_route=%2Fwp%2Fv2%2Fcategories&post=19508"},{"taxonomy":"post_tag","embeddable":true,"href":"https:\/\/sven-ove.nu\/index.php?rest_route=%2Fwp%2Fv2%2Ftags&post=19508"}],"curies":[{"name":"wp","href":"https:\/\/api.w.org\/{rel}","templated":true}]}}