{"id":19526,"date":"2018-03-23T04:11:52","date_gmt":"2018-03-23T03:11:52","guid":{"rendered":"http:\/\/sven-ove.nu\/?p=19526"},"modified":"2018-03-22T14:22:04","modified_gmt":"2018-03-22T13:22:04","slug":"sex-ar-och-tolv-dagar","status":"publish","type":"post","link":"https:\/\/sven-ove.nu\/?p=19526","title":{"rendered":"Sex \u00e5r och tolv dagar"},"content":{"rendered":"<p><a href=\"https:\/\/sven-ove.nu\/wp-content\/uploads\/2018\/03\/thumb_IMG_3643_1024.jpg\"><img loading=\"lazy\" decoding=\"async\" class=\"size-full wp-image-19530 alignnone\" src=\"https:\/\/sven-ove.nu\/wp-content\/uploads\/2018\/03\/thumb_IMG_3643_1024.jpg\" alt=\"\" width=\"1024\" height=\"1024\" srcset=\"https:\/\/sven-ove.nu\/wp-content\/uploads\/2018\/03\/thumb_IMG_3643_1024.jpg 1024w, https:\/\/sven-ove.nu\/wp-content\/uploads\/2018\/03\/thumb_IMG_3643_1024-150x150.jpg 150w, https:\/\/sven-ove.nu\/wp-content\/uploads\/2018\/03\/thumb_IMG_3643_1024-300x300.jpg 300w, https:\/\/sven-ove.nu\/wp-content\/uploads\/2018\/03\/thumb_IMG_3643_1024-768x768.jpg 768w\" sizes=\"auto, (max-width: 1024px) 100vw, 1024px\" \/><\/a><\/p>\n<p><span style=\"color: #ff6600;\"><strong>###<\/strong> <\/span><strong>\u201dI den offentliga debatten \u00e4r Sverigedemokraterna relativt subtila. P\u00e5 n\u00e4tet blir bilden en annan. H\u00e4r ges hatet och skuldbel\u00e4ggandet fritt spelrum. S\u00e4ttet att organisera sig har varit likadant \u00f6verallt och i alla tider &#8211; eliten t\u00e4njer p\u00e5 gr\u00e4nserna men h\u00e5ller sig inom dem medan anh\u00e4ngarskaran r\u00e4ttframt sprider propagandan. Pl\u00f6tsligt, en dag, har gr\u00e4nserna spr\u00e4ngts eller suddats ut. Pl\u00f6tsligt har humanismens \u00adf\u00f6rd\u00e4mningar brustit.\u201d<\/strong><\/p>\n<p><em>Moderat riksdagsman i <span style=\"color: #0000ff;\"><a style=\"color: #0000ff;\" href=\"https:\/\/www.expressen.se\/debatt\/rasismen-ar-ditt-ansvar-nu-juholt\/\">debattartikel<\/a><\/span> i Expressen 8 aug 2011.<\/em><\/p>\n<p>&nbsp;<\/p>\n<p><span style=\"color: #ff6600;\"><strong>###<\/strong><\/span> <strong>\u201dL\u00e5t dem strejka ihj\u00e4l sig.\u201d<\/strong><\/p>\n<p><em>Samma moderate riksdagsman p\u00e5 <span style=\"color: #0000ff;\"><a style=\"color: #0000ff;\" href=\"https:\/\/www.expressen.se\/nyheter\/hanif-bali-m-om-demonstranterna-pa-medis-lat-dem-strejka-ihjal-sig\/\">Twitter<\/a><\/span> 20 aug 2017.<\/em><\/p>\n<p>&nbsp;<\/p>\n<p><span style=\"color: #0000ff;\"><a style=\"color: #0000ff;\" href=\"https:\/\/sven-ove.nu\/\">Hem<\/a><\/span>\u00a0|<span style=\"color: #0000ff;\">\u00a0<\/span><a href=\"https:\/\/sven-ove.nu\/?page_id=170\"><span style=\"color: #0000ff;\">Om mig<\/span><\/a>\u00a0|\u00a0<span style=\"color: #0000ff;\"><a style=\"color: #0000ff;\" href=\"https:\/\/sven-ove.nu\/?page_id=1385\">Skriva &amp; prata<\/a><\/span>\u00a0|\u00a0<span style=\"color: #0000ff;\"><a style=\"color: #0000ff;\" href=\"https:\/\/sven-ove.nu\/?page_id=100\">Politik<\/a><\/span>\u00a0|\u00a0<span style=\"color: #0000ff;\"><a style=\"color: #0000ff;\" href=\"https:\/\/sven-ove.nu\/?page_id=102\">L\u00f6pa<\/a><\/span>\u00a0|\u00a0<span style=\"color: #0000ff;\"><a style=\"color: #0000ff;\" href=\"https:\/\/sven-ove.nu\/?page_id=108\">Viktor Root<\/a><\/span><br \/>\n<em>(c) Sven-Ove Svensson (men dela g\u00e4rna)<\/em><\/p>\n","protected":false},"excerpt":{"rendered":"<p>### \u201dI den offentliga debatten \u00e4r Sverigedemokraterna relativt subtila. P\u00e5 n\u00e4tet blir bilden en annan. H\u00e4r ges hatet och skuldbel\u00e4ggandet fritt spelrum. S\u00e4ttet att organisera sig har varit likadant \u00f6verallt och i alla tider &#8211; eliten t\u00e4njer p\u00e5 gr\u00e4nserna men h\u00e5ller sig inom dem medan anh\u00e4ngarskaran r\u00e4ttframt sprider propagandan. Pl\u00f6tsligt, en dag, har gr\u00e4nserna spr\u00e4ngts &hellip; <a href=\"https:\/\/sven-ove.nu\/?p=19526\" class=\"more-link\">Forts\u00e4tt l\u00e4sa <span class=\"screen-reader-text\">Sex \u00e5r och tolv dagar<\/span><\/a><\/p>\n","protected":false},"author":1,"featured_media":0,"comment_status":"open","ping_status":"open","sticky":false,"template":"","format":"standard","meta":{"_crdt_document":"","_monsterinsights_skip_tracking":false,"_monsterinsights_sitenote_active":false,"_monsterinsights_sitenote_note":"","_monsterinsights_sitenote_category":0,"footnotes":""},"categories":[9],"tags":[16,15],"class_list":["post-19526","post","type-post","status-publish","format-standard","hentry","category-politik","tag-dumheter","tag-mediedjungeln"],"_links":{"self":[{"href":"https:\/\/sven-ove.nu\/index.php?rest_route=\/wp\/v2\/posts\/19526","targetHints":{"allow":["GET"]}}],"collection":[{"href":"https:\/\/sven-ove.nu\/index.php?rest_route=\/wp\/v2\/posts"}],"about":[{"href":"https:\/\/sven-ove.nu\/index.php?rest_route=\/wp\/v2\/types\/post"}],"author":[{"embeddable":true,"href":"https:\/\/sven-ove.nu\/index.php?rest_route=\/wp\/v2\/users\/1"}],"replies":[{"embeddable":true,"href":"https:\/\/sven-ove.nu\/index.php?rest_route=%2Fwp%2Fv2%2Fcomments&post=19526"}],"version-history":[{"count":11,"href":"https:\/\/sven-ove.nu\/index.php?rest_route=\/wp\/v2\/posts\/19526\/revisions"}],"predecessor-version":[{"id":19538,"href":"https:\/\/sven-ove.nu\/index.php?rest_route=\/wp\/v2\/posts\/19526\/revisions\/19538"}],"wp:attachment":[{"href":"https:\/\/sven-ove.nu\/index.php?rest_route=%2Fwp%2Fv2%2Fmedia&parent=19526"}],"wp:term":[{"taxonomy":"category","embeddable":true,"href":"https:\/\/sven-ove.nu\/index.php?rest_route=%2Fwp%2Fv2%2Fcategories&post=19526"},{"taxonomy":"post_tag","embeddable":true,"href":"https:\/\/sven-ove.nu\/index.php?rest_route=%2Fwp%2Fv2%2Ftags&post=19526"}],"curies":[{"name":"wp","href":"https:\/\/api.w.org\/{rel}","templated":true}]}}