{"id":19565,"date":"2018-03-27T04:05:40","date_gmt":"2018-03-27T03:05:40","guid":{"rendered":"http:\/\/sven-ove.nu\/?p=19565"},"modified":"2018-03-26T12:10:39","modified_gmt":"2018-03-26T11:10:39","slug":"sanningen-om-prislappen","status":"publish","type":"post","link":"https:\/\/sven-ove.nu\/?p=19565","title":{"rendered":"Sanningen om prislappen"},"content":{"rendered":"<p><a href=\"https:\/\/sven-ove.nu\/wp-content\/uploads\/2018\/03\/Gris.jpg\"><img loading=\"lazy\" decoding=\"async\" class=\"size-full wp-image-19566 alignnone\" src=\"https:\/\/sven-ove.nu\/wp-content\/uploads\/2018\/03\/Gris.jpg\" alt=\"\" width=\"991\" height=\"803\" srcset=\"https:\/\/sven-ove.nu\/wp-content\/uploads\/2018\/03\/Gris.jpg 991w, https:\/\/sven-ove.nu\/wp-content\/uploads\/2018\/03\/Gris-300x243.jpg 300w, https:\/\/sven-ove.nu\/wp-content\/uploads\/2018\/03\/Gris-768x622.jpg 768w\" sizes=\"auto, (max-width: 991px) 100vw, 991px\" \/><\/a><\/p>\n<p><em>Det \u00e4r inte han p\u00e5 bilden som har skrivit dikten.<\/em><\/p>\n<p>&nbsp;<\/p>\n<p style=\"padding-left: 30px;\">S\u00e4ge va en vill om<br \/>\ndi konservative. Men di satte pris<br \/>\np\u00e5 sin historia.<\/p>\n<p style=\"padding-left: 30px;\">S\u00e4ge va en vill om<br \/>\ndi nyliberale<br \/>\nDi satte pris p\u00e5 allting.<\/p>\n<p style=\"padding-left: 30px;\"><strong><em>Viktor Root<\/em><\/strong><\/p>\n<p><strong><em>\u00a0<\/em><\/strong><strong><em>\u00a0<\/em><\/strong><\/p>\n<p><em>Ordf\u00f6rklaringar:<br \/>\n<\/em><em>S\u00e4ge &#8211; s\u00e4ga. Di &#8211; de.<\/em><\/p>\n<p><span style=\"color: #0000ff;\"><a style=\"color: #0000ff;\" href=\"https:\/\/sven-ove.nu\/\">Hem<\/a><\/span> |\u00a0<span style=\"color: #0000ff;\"><a style=\"color: #0000ff;\" href=\"https:\/\/sven-ove.nu\/?page_id=108\">Viktor Root<\/a>\u00a0<\/span><br \/>\n<em>(c) Sven-Ove Svensson (men dela g\u00e4rna)<\/em><\/p>\n","protected":false},"excerpt":{"rendered":"<p>Det \u00e4r inte han p\u00e5 bilden som har skrivit dikten. &nbsp; S\u00e4ge va en vill om di konservative. Men di satte pris p\u00e5 sin historia. S\u00e4ge va en vill om di nyliberale Di satte pris p\u00e5 allting. Viktor Root \u00a0\u00a0 Ordf\u00f6rklaringar: S\u00e4ge &#8211; s\u00e4ga. Di &#8211; de. Hem |\u00a0Viktor Root\u00a0 (c) Sven-Ove Svensson (men dela &hellip; <a href=\"https:\/\/sven-ove.nu\/?p=19565\" class=\"more-link\">Forts\u00e4tt l\u00e4sa <span class=\"screen-reader-text\">Sanningen om prislappen<\/span><\/a><\/p>\n","protected":false},"author":1,"featured_media":0,"comment_status":"open","ping_status":"open","sticky":false,"template":"","format":"standard","meta":{"_crdt_document":"","_monsterinsights_skip_tracking":false,"_monsterinsights_sitenote_active":false,"_monsterinsights_sitenote_note":"","_monsterinsights_sitenote_category":0,"footnotes":""},"categories":[11],"tags":[14],"class_list":["post-19565","post","type-post","status-publish","format-standard","hentry","category-viktor-root","tag-lasning"],"_links":{"self":[{"href":"https:\/\/sven-ove.nu\/index.php?rest_route=\/wp\/v2\/posts\/19565","targetHints":{"allow":["GET"]}}],"collection":[{"href":"https:\/\/sven-ove.nu\/index.php?rest_route=\/wp\/v2\/posts"}],"about":[{"href":"https:\/\/sven-ove.nu\/index.php?rest_route=\/wp\/v2\/types\/post"}],"author":[{"embeddable":true,"href":"https:\/\/sven-ove.nu\/index.php?rest_route=\/wp\/v2\/users\/1"}],"replies":[{"embeddable":true,"href":"https:\/\/sven-ove.nu\/index.php?rest_route=%2Fwp%2Fv2%2Fcomments&post=19565"}],"version-history":[{"count":4,"href":"https:\/\/sven-ove.nu\/index.php?rest_route=\/wp\/v2\/posts\/19565\/revisions"}],"predecessor-version":[{"id":19570,"href":"https:\/\/sven-ove.nu\/index.php?rest_route=\/wp\/v2\/posts\/19565\/revisions\/19570"}],"wp:attachment":[{"href":"https:\/\/sven-ove.nu\/index.php?rest_route=%2Fwp%2Fv2%2Fmedia&parent=19565"}],"wp:term":[{"taxonomy":"category","embeddable":true,"href":"https:\/\/sven-ove.nu\/index.php?rest_route=%2Fwp%2Fv2%2Fcategories&post=19565"},{"taxonomy":"post_tag","embeddable":true,"href":"https:\/\/sven-ove.nu\/index.php?rest_route=%2Fwp%2Fv2%2Ftags&post=19565"}],"curies":[{"name":"wp","href":"https:\/\/api.w.org\/{rel}","templated":true}]}}