{"id":19648,"date":"2018-04-11T05:21:13","date_gmt":"2018-04-11T04:21:13","guid":{"rendered":"http:\/\/sven-ove.nu\/?p=19648"},"modified":"2018-04-11T14:55:46","modified_gmt":"2018-04-11T13:55:46","slug":"19648","status":"publish","type":"post","link":"https:\/\/sven-ove.nu\/?p=19648","title":{"rendered":"St\u00e4ndig sekreterare i Forshaga f\u00e5gelakademi"},"content":{"rendered":"<p>Om valet var l\u00e4tt? Om det var enh\u00e4lligt? Om tranan h\u00f6ll med, om h\u00f6ken skrek och titan teg?<\/p>\n<p>Tyv\u00e4rr, det f\u00e5r vi inte s\u00e4ga f\u00f6rr\u00e4n efter att vi har d\u00f6tt.<br \/>\n&#8211; Men ring mig sen.<\/p>\n<p><a href=\"https:\/\/sven-ove.nu\/wp-content\/uploads\/2018\/04\/St\u00e4ndig-sekreterare.png\"><img loading=\"lazy\" decoding=\"async\" class=\"size-full wp-image-19651 alignnone\" src=\"https:\/\/sven-ove.nu\/wp-content\/uploads\/2018\/04\/St\u00e4ndig-sekreterare.png\" alt=\"\" width=\"589\" height=\"402\" srcset=\"https:\/\/sven-ove.nu\/wp-content\/uploads\/2018\/04\/St\u00e4ndig-sekreterare.png 589w, https:\/\/sven-ove.nu\/wp-content\/uploads\/2018\/04\/St\u00e4ndig-sekreterare-300x205.png 300w\" sizes=\"auto, (max-width: 589px) 100vw, 589px\" \/><\/a><\/p>\n<p style=\"padding-left: 30px;\"><em><span style=\"color: #ff6600;\"><strong>###<\/strong><\/span> G\u00e5rdagens episod:<\/em><\/p>\n<p style=\"padding-left: 30px;\"><a href=\"https:\/\/sven-ove.nu\/wp-content\/uploads\/2018\/04\/Sk\u00e4rmavbild-2018-04-10-kl.-10.51.53.png\"><img loading=\"lazy\" decoding=\"async\" class=\"size-medium wp-image-19638 alignnone\" src=\"https:\/\/sven-ove.nu\/wp-content\/uploads\/2018\/04\/Sk\u00e4rmavbild-2018-04-10-kl.-10.51.53-300x215.png\" alt=\"\" width=\"300\" height=\"215\" srcset=\"https:\/\/sven-ove.nu\/wp-content\/uploads\/2018\/04\/Sk\u00e4rmavbild-2018-04-10-kl.-10.51.53-300x215.png 300w, https:\/\/sven-ove.nu\/wp-content\/uploads\/2018\/04\/Sk\u00e4rmavbild-2018-04-10-kl.-10.51.53.png 591w\" sizes=\"auto, (max-width: 300px) 100vw, 300px\" \/><\/a><\/p>\n<p><span style=\"color: #0000ff;\"><a style=\"color: #0000ff;\" href=\"https:\/\/sven-ove.nu\/\">Hem<\/a><\/span>\u00a0|\u00a0<span style=\"color: #0000ff;\"><a style=\"color: #0000ff;\" href=\"https:\/\/sven-ove.nu\/?page_id=170\">Om mig<\/a>\u00a0<\/span>|\u00a0<span style=\"color: #0000ff;\"><a style=\"color: #0000ff;\" href=\"https:\/\/sven-ove.nu\/?page_id=1385\">Skriva &amp; prata<\/a><\/span>\u00a0|\u00a0<span style=\"color: #0000ff;\"><a style=\"color: #0000ff;\" href=\"https:\/\/sven-ove.nu\/?page_id=100\">Politik<\/a><\/span>\u00a0|\u00a0<span style=\"color: #0000ff;\"><a style=\"color: #0000ff;\" href=\"https:\/\/sven-ove.nu\/?page_id=102\">L\u00f6pa<\/a><\/span>\u00a0|\u00a0<a href=\"https:\/\/sven-ove.nu\/?page_id=108\"><span style=\"color: #0000ff;\">Viktor Root<\/span><\/a><br \/>\n<em>(c) Sven-Ove Svensson (men dela g\u00e4rna)<\/em><\/p>\n","protected":false},"excerpt":{"rendered":"<p>Om valet var l\u00e4tt? Om det var enh\u00e4lligt? Om tranan h\u00f6ll med, om h\u00f6ken skrek och titan teg? Tyv\u00e4rr, det f\u00e5r vi inte s\u00e4ga f\u00f6rr\u00e4n efter att vi har d\u00f6tt. &#8211; Men ring mig sen. ### G\u00e5rdagens episod: Hem\u00a0|\u00a0Om mig\u00a0|\u00a0Skriva &amp; prata\u00a0|\u00a0Politik\u00a0|\u00a0L\u00f6pa\u00a0|\u00a0Viktor Root (c) Sven-Ove Svensson (men dela g\u00e4rna)<\/p>\n","protected":false},"author":1,"featured_media":0,"comment_status":"open","ping_status":"open","sticky":false,"template":"","format":"standard","meta":{"_crdt_document":"","_monsterinsights_skip_tracking":false,"_monsterinsights_sitenote_active":false,"_monsterinsights_sitenote_note":"","_monsterinsights_sitenote_category":0,"footnotes":""},"categories":[28,6],"tags":[15,21],"class_list":["post-19648","post","type-post","status-publish","format-standard","hentry","category-kreativt-folk","category-natur","tag-mediedjungeln","tag-ord"],"_links":{"self":[{"href":"https:\/\/sven-ove.nu\/index.php?rest_route=\/wp\/v2\/posts\/19648","targetHints":{"allow":["GET"]}}],"collection":[{"href":"https:\/\/sven-ove.nu\/index.php?rest_route=\/wp\/v2\/posts"}],"about":[{"href":"https:\/\/sven-ove.nu\/index.php?rest_route=\/wp\/v2\/types\/post"}],"author":[{"embeddable":true,"href":"https:\/\/sven-ove.nu\/index.php?rest_route=\/wp\/v2\/users\/1"}],"replies":[{"embeddable":true,"href":"https:\/\/sven-ove.nu\/index.php?rest_route=%2Fwp%2Fv2%2Fcomments&post=19648"}],"version-history":[{"count":7,"href":"https:\/\/sven-ove.nu\/index.php?rest_route=\/wp\/v2\/posts\/19648\/revisions"}],"predecessor-version":[{"id":19656,"href":"https:\/\/sven-ove.nu\/index.php?rest_route=\/wp\/v2\/posts\/19648\/revisions\/19656"}],"wp:attachment":[{"href":"https:\/\/sven-ove.nu\/index.php?rest_route=%2Fwp%2Fv2%2Fmedia&parent=19648"}],"wp:term":[{"taxonomy":"category","embeddable":true,"href":"https:\/\/sven-ove.nu\/index.php?rest_route=%2Fwp%2Fv2%2Fcategories&post=19648"},{"taxonomy":"post_tag","embeddable":true,"href":"https:\/\/sven-ove.nu\/index.php?rest_route=%2Fwp%2Fv2%2Ftags&post=19648"}],"curies":[{"name":"wp","href":"https:\/\/api.w.org\/{rel}","templated":true}]}}