{"id":19713,"date":"2018-04-23T04:24:26","date_gmt":"2018-04-23T03:24:26","guid":{"rendered":"http:\/\/sven-ove.nu\/?p=19713"},"modified":"2018-04-23T04:31:58","modified_gmt":"2018-04-23T03:31:58","slug":"upprorens-tid","status":"publish","type":"post","link":"https:\/\/sven-ove.nu\/?p=19713","title":{"rendered":"Upprorens tid"},"content":{"rendered":"<p>M\u00e5nga facebookv\u00e4nner har l\u00e4st artikeln, d\u00e4r min v\u00e4n Louise Hamilton och jag blev intervjuade om upprors\u00e5ret 1968. Jag l\u00e4gger en l\u00e4nk till artikeln p\u00e5 bloggen f\u00f6r att ha den arkiverad. Observera att det \u00e4r en betall\u00e4nk.<\/p>\n<p>Mer kritiskt t\u00e4nkande, nya fackliga lagar, utbyggd barnomsorg. 68-upproret fick m\u00e5nga resultat.<\/p>\n<p style=\"padding-left: 30px;\"><a href=\"https:\/\/www.vf.se\/karlstad\/1968-revolternas-och-brytpunkternas-tid\/\"><img loading=\"lazy\" decoding=\"async\" class=\"size-full wp-image-19714 alignnone\" src=\"https:\/\/sven-ove.nu\/wp-content\/uploads\/2018\/04\/VF-21-april-2018.png\" alt=\"\" width=\"178\" height=\"252\" \/><\/a><\/p>\n<p style=\"padding-left: 30px;\">L\u00e4nk till VF-artikeln (betall\u00e4nk):<br \/>\n<strong><span style=\"color: #0000ff;\"><a style=\"color: #0000ff;\" href=\"https:\/\/www.vf.se\/karlstad\/1968-revolternas-och-brytpunkternas-tid\/\">1968: Revolternas och brytpunkternas tid<\/a><\/span><\/strong><\/p>\n<p><span style=\"color: #0000ff;\"><a style=\"color: #0000ff;\" href=\"https:\/\/sven-ove.nu\/\">Hem<\/a><\/span>\u00a0|\u00a0<a href=\"https:\/\/sven-ove.nu\/?page_id=170\"><span style=\"color: #0000ff;\">Om mig<\/span><\/a>\u00a0|\u00a0<span style=\"color: #0000ff;\"><a style=\"color: #0000ff;\" href=\"https:\/\/sven-ove.nu\/?page_id=1385\">Skriva &amp; prata<\/a>\u00a0<\/span>|\u00a0<span style=\"color: #0000ff;\"><a style=\"color: #0000ff;\" href=\"https:\/\/sven-ove.nu\/?page_id=100\">Politik<\/a><\/span>\u00a0|\u00a0<span style=\"color: #0000ff;\"><a style=\"color: #0000ff;\" href=\"https:\/\/sven-ove.nu\/?page_id=102\">L\u00f6pa<\/a><\/span>\u00a0|\u00a0<span style=\"color: #0000ff;\"><a style=\"color: #0000ff;\" href=\"https:\/\/sven-ove.nu\/?page_id=108\">Viktor Root<\/a>\u00a0<\/span><br \/>\n<em>(c) Sven-Ove Svensson (men dela g\u00e4rna)<\/em><\/p>\n","protected":false},"excerpt":{"rendered":"<p>M\u00e5nga facebookv\u00e4nner har l\u00e4st artikeln, d\u00e4r min v\u00e4n Louise Hamilton och jag blev intervjuade om upprors\u00e5ret 1968. Jag l\u00e4gger en l\u00e4nk till artikeln p\u00e5 bloggen f\u00f6r att ha den arkiverad. Observera att det \u00e4r en betall\u00e4nk. Mer kritiskt t\u00e4nkande, nya fackliga lagar, utbyggd barnomsorg. 68-upproret fick m\u00e5nga resultat. L\u00e4nk till VF-artikeln (betall\u00e4nk): 1968: Revolternas och &hellip; <a href=\"https:\/\/sven-ove.nu\/?p=19713\" class=\"more-link\">Forts\u00e4tt l\u00e4sa <span class=\"screen-reader-text\">Upprorens tid<\/span><\/a><\/p>\n","protected":false},"author":1,"featured_media":0,"comment_status":"open","ping_status":"open","sticky":false,"template":"","format":"standard","meta":{"_crdt_document":"","_monsterinsights_skip_tracking":false,"_monsterinsights_sitenote_active":false,"_monsterinsights_sitenote_note":"","_monsterinsights_sitenote_category":0,"footnotes":""},"categories":[9],"tags":[8,17],"class_list":["post-19713","post","type-post","status-publish","format-standard","hentry","category-politik","tag-historia","tag-solidaritet"],"_links":{"self":[{"href":"https:\/\/sven-ove.nu\/index.php?rest_route=\/wp\/v2\/posts\/19713","targetHints":{"allow":["GET"]}}],"collection":[{"href":"https:\/\/sven-ove.nu\/index.php?rest_route=\/wp\/v2\/posts"}],"about":[{"href":"https:\/\/sven-ove.nu\/index.php?rest_route=\/wp\/v2\/types\/post"}],"author":[{"embeddable":true,"href":"https:\/\/sven-ove.nu\/index.php?rest_route=\/wp\/v2\/users\/1"}],"replies":[{"embeddable":true,"href":"https:\/\/sven-ove.nu\/index.php?rest_route=%2Fwp%2Fv2%2Fcomments&post=19713"}],"version-history":[{"count":4,"href":"https:\/\/sven-ove.nu\/index.php?rest_route=\/wp\/v2\/posts\/19713\/revisions"}],"predecessor-version":[{"id":19718,"href":"https:\/\/sven-ove.nu\/index.php?rest_route=\/wp\/v2\/posts\/19713\/revisions\/19718"}],"wp:attachment":[{"href":"https:\/\/sven-ove.nu\/index.php?rest_route=%2Fwp%2Fv2%2Fmedia&parent=19713"}],"wp:term":[{"taxonomy":"category","embeddable":true,"href":"https:\/\/sven-ove.nu\/index.php?rest_route=%2Fwp%2Fv2%2Fcategories&post=19713"},{"taxonomy":"post_tag","embeddable":true,"href":"https:\/\/sven-ove.nu\/index.php?rest_route=%2Fwp%2Fv2%2Ftags&post=19713"}],"curies":[{"name":"wp","href":"https:\/\/api.w.org\/{rel}","templated":true}]}}