{"id":19745,"date":"2018-05-03T06:26:54","date_gmt":"2018-05-03T05:26:54","guid":{"rendered":"http:\/\/sven-ove.nu\/?p=19745"},"modified":"2018-05-03T06:36:15","modified_gmt":"2018-05-03T05:36:15","slug":"efter-att-ha-vantat-in-orden","status":"publish","type":"post","link":"https:\/\/sven-ove.nu\/?p=19745","title":{"rendered":"Efter att ha v\u00e4ntat in orden"},"content":{"rendered":"<p><a href=\"https:\/\/sven-ove.nu\/wp-content\/uploads\/2018\/01\/Stadsryggs\u00e4cken.jpg\"><img loading=\"lazy\" decoding=\"async\" class=\"size-large wp-image-19042 alignnone\" src=\"https:\/\/sven-ove.nu\/wp-content\/uploads\/2018\/01\/Stadsryggs\u00e4cken-1024x1024.jpg\" alt=\"\" width=\"660\" height=\"660\" srcset=\"https:\/\/sven-ove.nu\/wp-content\/uploads\/2018\/01\/Stadsryggs\u00e4cken-1024x1024.jpg 1024w, https:\/\/sven-ove.nu\/wp-content\/uploads\/2018\/01\/Stadsryggs\u00e4cken-150x150.jpg 150w, https:\/\/sven-ove.nu\/wp-content\/uploads\/2018\/01\/Stadsryggs\u00e4cken-300x300.jpg 300w, https:\/\/sven-ove.nu\/wp-content\/uploads\/2018\/01\/Stadsryggs\u00e4cken-768x768.jpg 768w, https:\/\/sven-ove.nu\/wp-content\/uploads\/2018\/01\/Stadsryggs\u00e4cken.jpg 1280w\" sizes=\"auto, (max-width: 660px) 100vw, 660px\" \/><\/a><\/p>\n<p>Ibland m\u00e5ste du v\u00e4nta in orden.<\/p>\n<p>Livet springer intervall eller provar l\u00e5ng sakta distans, det spelar ingen roll vilket. Ibland har verkligheten fullt med sitt.<\/p>\n<p>Det \u00e4r d\u00e4rf\u00f6r det finns s\u00e5 f\u00e5 bra s\u00e5nger om lycklig k\u00e4rlek men s\u00e5 m\u00e5nga om olycklig. H\u00e4lsan tiger still. Vem hinner dikta n\u00e4r man ska pussas?<\/p>\n<p><strong>Den invandringsfientliga invandringen<br \/>\n<\/strong>S\u00e5 l\u00e5t mig s\u00e4ga det nu, det jag inte talade om p\u00e5 f\u00f6rsta maj, eftersom ingen bad mig:<\/p>\n<p>Alla m\u00e4nniskor \u00e4r lika mycket v\u00e4rda.<br \/>\nF\u00f6r tio-tolvtusen \u00e5r sedan var det tv\u00e5 kilometer tjock is h\u00e4r \u00f6ver Grossbolstorps h\u00f6jder. Vi \u00e4r alla invandrare.<br \/>\nVi h\u00e4rstammar fr\u00e5n Afrika, b\u00e5de somalier och nazist, och detta tycker jag \u00e4r en aning galghumoristiskt.<\/p>\n<p>Detta har jag talat om f\u00f6rr.<\/p>\n<p>Precis som det \u00e4r vansinnigt roligt n\u00e4r invandrarfientliga avhoppare fr\u00e5n invandringsfientliga Sverigedemokraterna g\u00e4rna vill invandra i Ungern, eftersom de som invandrande invandringskritiker gillar att invandra i ett land som inte vill ta emot invandrare.<\/p>\n<p>Regimen d\u00e4r gillar inte heller n\u00e4r folk r\u00f6r p\u00e5 sig.<\/p>\n<p><strong>Tankarna du v\u00e4ntat in<br \/>\n<\/strong>\u00c4r Ungern med i Europeiska Unionen? \u00c4r EU ett projekt f\u00f6r att st\u00e4rka demokratin i Europa och \u00f6ka f\u00f6rst\u00e5elsen mellan folken? P\u00e5 s\u00e5 vis. Hur tycker du det har lyckats hittills? Hur tycker du det har g\u00e5tt med klyftorna mellan m\u00e4nniskor?<\/p>\n<p>Ibland m\u00e5ste du v\u00e5ga erk\u00e4nna de tankar du har v\u00e4ntat in.<\/p>\n<p>EU \u00e4r en f\u00e4stning med h\u00f6ga murar.<br \/>\nSverige har inte varit oj\u00e4mlikare sedan 1950-talet.<\/p>\n<p>Alla m\u00e4nniskor \u00e4r lika mycket v\u00e4rda.<br \/>\nAll politik \u00e4r inte det.<\/p>\n<p>Vi beh\u00f6ver mer solidaritet, inte mindre.<\/p>\n<p><span style=\"color: #0000ff;\"><a style=\"color: #0000ff;\" href=\"https:\/\/sven-ove.nu\/\">Hem<\/a><\/span>\u00a0|\u00a0<a href=\"https:\/\/sven-ove.nu\/?page_id=170\"><span style=\"color: #0000ff;\">Om mig<\/span><\/a>\u00a0|\u00a0<span style=\"color: #0000ff;\"><a style=\"color: #0000ff;\" href=\"https:\/\/sven-ove.nu\/?page_id=1385\">Skriva &amp; prata<\/a><\/span>\u00a0|\u00a0<span style=\"color: #0000ff;\"><a style=\"color: #0000ff;\" href=\"https:\/\/sven-ove.nu\/?page_id=100\">Politik<\/a><\/span>\u00a0|\u00a0<span style=\"color: #0000ff;\"><a style=\"color: #0000ff;\" href=\"https:\/\/sven-ove.nu\/?page_id=102\">L\u00f6pa<\/a><\/span>\u00a0|\u00a0<span style=\"color: #0000ff;\"><a style=\"color: #0000ff;\" href=\"https:\/\/sven-ove.nu\/?page_id=108\">Viktor Root<\/a><\/span><br \/>\n<em>(c) Sven-Ove Svensson (men dela g\u00e4rna)<\/em><\/p>\n","protected":false},"excerpt":{"rendered":"<p>Ibland m\u00e5ste du v\u00e4nta in orden. Livet springer intervall eller provar l\u00e5ng sakta distans, det spelar ingen roll vilket. Ibland har verkligheten fullt med sitt. Det \u00e4r d\u00e4rf\u00f6r det finns s\u00e5 f\u00e5 bra s\u00e5nger om lycklig k\u00e4rlek men s\u00e5 m\u00e5nga om olycklig. H\u00e4lsan tiger still. Vem hinner dikta n\u00e4r man ska pussas? Den invandringsfientliga invandringen &hellip; <a href=\"https:\/\/sven-ove.nu\/?p=19745\" class=\"more-link\">Forts\u00e4tt l\u00e4sa <span class=\"screen-reader-text\">Efter att ha v\u00e4ntat in orden<\/span><\/a><\/p>\n","protected":false},"author":1,"featured_media":0,"comment_status":"open","ping_status":"open","sticky":false,"template":"","format":"standard","meta":{"_crdt_document":"","_monsterinsights_skip_tracking":false,"_monsterinsights_sitenote_active":false,"_monsterinsights_sitenote_note":"","_monsterinsights_sitenote_category":0,"footnotes":""},"categories":[9],"tags":[16,18,21,17],"class_list":["post-19745","post","type-post","status-publish","format-standard","hentry","category-politik","tag-dumheter","tag-lardomar","tag-ord","tag-solidaritet"],"_links":{"self":[{"href":"https:\/\/sven-ove.nu\/index.php?rest_route=\/wp\/v2\/posts\/19745","targetHints":{"allow":["GET"]}}],"collection":[{"href":"https:\/\/sven-ove.nu\/index.php?rest_route=\/wp\/v2\/posts"}],"about":[{"href":"https:\/\/sven-ove.nu\/index.php?rest_route=\/wp\/v2\/types\/post"}],"author":[{"embeddable":true,"href":"https:\/\/sven-ove.nu\/index.php?rest_route=\/wp\/v2\/users\/1"}],"replies":[{"embeddable":true,"href":"https:\/\/sven-ove.nu\/index.php?rest_route=%2Fwp%2Fv2%2Fcomments&post=19745"}],"version-history":[{"count":9,"href":"https:\/\/sven-ove.nu\/index.php?rest_route=\/wp\/v2\/posts\/19745\/revisions"}],"predecessor-version":[{"id":19754,"href":"https:\/\/sven-ove.nu\/index.php?rest_route=\/wp\/v2\/posts\/19745\/revisions\/19754"}],"wp:attachment":[{"href":"https:\/\/sven-ove.nu\/index.php?rest_route=%2Fwp%2Fv2%2Fmedia&parent=19745"}],"wp:term":[{"taxonomy":"category","embeddable":true,"href":"https:\/\/sven-ove.nu\/index.php?rest_route=%2Fwp%2Fv2%2Fcategories&post=19745"},{"taxonomy":"post_tag","embeddable":true,"href":"https:\/\/sven-ove.nu\/index.php?rest_route=%2Fwp%2Fv2%2Ftags&post=19745"}],"curies":[{"name":"wp","href":"https:\/\/api.w.org\/{rel}","templated":true}]}}