{"id":19764,"date":"2018-05-06T06:29:37","date_gmt":"2018-05-06T05:29:37","guid":{"rendered":"http:\/\/sven-ove.nu\/?p=19764"},"modified":"2018-05-06T06:44:36","modified_gmt":"2018-05-06T05:44:36","slug":"det-finns-for-manga-opinionsundersokningskravlare","status":"publish","type":"post","link":"https:\/\/sven-ove.nu\/?p=19764","title":{"rendered":"Det finns f\u00f6r m\u00e5nga opinionsunders\u00f6kningskravlare"},"content":{"rendered":"<p><a href=\"https:\/\/sven-ove.nu\/wp-content\/uploads\/2015\/02\/Bilen-flyger.jpg\"><img loading=\"lazy\" decoding=\"async\" class=\"size-large wp-image-10722 alignnone\" src=\"https:\/\/sven-ove.nu\/wp-content\/uploads\/2015\/02\/Bilen-flyger-1024x570.jpg\" alt=\"\" width=\"660\" height=\"367\" srcset=\"https:\/\/sven-ove.nu\/wp-content\/uploads\/2015\/02\/Bilen-flyger-1024x570.jpg 1024w, https:\/\/sven-ove.nu\/wp-content\/uploads\/2015\/02\/Bilen-flyger-300x167.jpg 300w, https:\/\/sven-ove.nu\/wp-content\/uploads\/2015\/02\/Bilen-flyger.jpg 1602w\" sizes=\"auto, (max-width: 660px) 100vw, 660px\" \/><\/a><\/p>\n<blockquote><p>Vinter f\u00f6r n\u00e5gra \u00e5r sedan, hamnar p\u00e5 Colins crest, Svenska rallyts mest ber\u00f6mda nedf\u00f6rsbacke. Medan bilarna flyger sl\u00e5s jag av folkvimlet. Detta \u00e4r som \u00e4lgjakten utan vapen.<\/p><\/blockquote>\n<p>Jag skriver f\u00f6rst\u00e5s om saken, skriver inspirerat:<em>\u00a0<\/em><\/p>\n<p><em>\u201dDet \u00e4r <\/em><em>finnar med bl\u00e5vita v\u00e4star, det \u00e4r tv\u00e5 h\u00e5riga gorillor och sju gula k\u00e4ngurur, det \u00e4r ropande norskar och polacker med skogens h\u00f6gsta flaggst\u00e4nger, det \u00e4r vedsl\u00e4pare, det \u00e4r vedb\u00e4rare, det \u00e4r veddragare, det \u00e4r vedskjutare, det \u00e4r vedeldare. M\u00e5nga vedeldare. Det \u00e4r banderoller, det \u00e4r visselpipare, det \u00e4r knallskott, det \u00e4r pressfotografer, det \u00e4r sydeuropeiska motorskribenter i dyra l\u00e5gskor i 25 centimeter mellanv\u00e4rml\u00e4ndsk bl\u00f6tsn\u00f6, det \u00e4r h\u00f6gtalare, det \u00e4r j\u00e4ttetevesk\u00e4rm p\u00e5 lyftkran, det \u00e4r norsk och svensk speaker som pratar ikapp. Det \u00e4r 15 000 hitresta, hitg\u00e5dda, kommunen \u00e4r dubblerad.\u201d<\/em><\/p>\n<p>Texten forts\u00e4tter, vill du l\u00e4sa hela finns den h\u00e4r: <strong><span style=\"color: #0000ff;\"><a style=\"color: #0000ff;\" href=\"https:\/\/sven-ove.nu\/?p=10720\">P\u00e5 Colins kulle<\/a><\/span><\/strong><\/p>\n<p>Sedan fotograferar jag en bil som flyger \u00f6ver Colins kr\u00f6n. En v\u00e4n som kommer f\u00f6rbi skrattar \u00e5t bilden.<\/p>\n<p>&#8211; Suddig bil men skarp bakgrund, borde det inte vara tv\u00e4rt om?<\/p>\n<p><strong>Vimlet viktigast<br \/>\n<\/strong>Det h\u00e4nder att jag t\u00e4nker p\u00e5 den kommentaren n\u00e4r politiken g\u00f6r mig ledsen och de ledare jag vill v\u00e4l sviker sina ideal. Det finns f\u00f6r m\u00e5nga teknokrater, opinionsunders\u00f6kningskravlare och historiel\u00f6sa pappersb\u00e4rare utan ideologi d\u00e4r jag vill vara.<\/p>\n<p>Teknokrater som aldrig kommer att fatta att det \u00e4r folket mellan tallarna som st\u00e5r f\u00f6r livet, det \u00e4r dem vi m\u00e5ste v\u00e5ga lita p\u00e5. Pl\u00e5t \u00e4r bara pl\u00e5t, det \u00e4r folket som g\u00f6r historien. Ge oss chansen, nog kan vi sl\u00e4pa ved till brasor.<\/p>\n<p>Min v\u00e4n f\u00f6rstod inte hur sann min bild var.<br \/>\nF\u00f6r mig var vimlet viktigast.<\/p>\n<p><span style=\"color: #0000ff;\"><a style=\"color: #0000ff;\" href=\"https:\/\/sven-ove.nu\/\">Hem<\/a><\/span>\u00a0|\u00a0<a href=\"https:\/\/sven-ove.nu\/?page_id=170\"><span style=\"color: #0000ff;\">Om mig<\/span><\/a>\u00a0|\u00a0<span style=\"color: #0000ff;\"><a style=\"color: #0000ff;\" href=\"https:\/\/sven-ove.nu\/?page_id=1385\">Skriva &amp; prata<\/a><\/span>\u00a0|\u00a0<span style=\"color: #0000ff;\"><a style=\"color: #0000ff;\" href=\"https:\/\/sven-ove.nu\/?page_id=100\">Politik<\/a><\/span>\u00a0|\u00a0<span style=\"color: #0000ff;\"><a style=\"color: #0000ff;\" href=\"https:\/\/sven-ove.nu\/?page_id=102\">L\u00f6pa<\/a><\/span>\u00a0|\u00a0<span style=\"color: #0000ff;\"><a style=\"color: #0000ff;\" href=\"https:\/\/sven-ove.nu\/?page_id=108\">Viktor Root<\/a><\/span><br \/>\n<em>(c) Sven-Ove Svensson (men dela g\u00e4rna)<\/em><\/p>\n","protected":false},"excerpt":{"rendered":"<p>Vinter f\u00f6r n\u00e5gra \u00e5r sedan, hamnar p\u00e5 Colins crest, Svenska rallyts mest ber\u00f6mda nedf\u00f6rsbacke. Medan bilarna flyger sl\u00e5s jag av folkvimlet. Detta \u00e4r som \u00e4lgjakten utan vapen. Jag skriver f\u00f6rst\u00e5s om saken, skriver inspirerat:\u00a0 \u201dDet \u00e4r finnar med bl\u00e5vita v\u00e4star, det \u00e4r tv\u00e5 h\u00e5riga gorillor och sju gula k\u00e4ngurur, det \u00e4r ropande norskar och polacker &hellip; <a href=\"https:\/\/sven-ove.nu\/?p=19764\" class=\"more-link\">Forts\u00e4tt l\u00e4sa <span class=\"screen-reader-text\">Det finns f\u00f6r m\u00e5nga opinionsunders\u00f6kningskravlare<\/span><\/a><\/p>\n","protected":false},"author":1,"featured_media":0,"comment_status":"open","ping_status":"open","sticky":false,"template":"","format":"standard","meta":{"_crdt_document":"","_monsterinsights_skip_tracking":false,"_monsterinsights_sitenote_active":false,"_monsterinsights_sitenote_note":"","_monsterinsights_sitenote_category":0,"footnotes":""},"categories":[34,9],"tags":[18,20,17],"class_list":["post-19764","post","type-post","status-publish","format-standard","hentry","category-foto","category-politik","tag-lardomar","tag-rad","tag-solidaritet"],"_links":{"self":[{"href":"https:\/\/sven-ove.nu\/index.php?rest_route=\/wp\/v2\/posts\/19764","targetHints":{"allow":["GET"]}}],"collection":[{"href":"https:\/\/sven-ove.nu\/index.php?rest_route=\/wp\/v2\/posts"}],"about":[{"href":"https:\/\/sven-ove.nu\/index.php?rest_route=\/wp\/v2\/types\/post"}],"author":[{"embeddable":true,"href":"https:\/\/sven-ove.nu\/index.php?rest_route=\/wp\/v2\/users\/1"}],"replies":[{"embeddable":true,"href":"https:\/\/sven-ove.nu\/index.php?rest_route=%2Fwp%2Fv2%2Fcomments&post=19764"}],"version-history":[{"count":5,"href":"https:\/\/sven-ove.nu\/index.php?rest_route=\/wp\/v2\/posts\/19764\/revisions"}],"predecessor-version":[{"id":19769,"href":"https:\/\/sven-ove.nu\/index.php?rest_route=\/wp\/v2\/posts\/19764\/revisions\/19769"}],"wp:attachment":[{"href":"https:\/\/sven-ove.nu\/index.php?rest_route=%2Fwp%2Fv2%2Fmedia&parent=19764"}],"wp:term":[{"taxonomy":"category","embeddable":true,"href":"https:\/\/sven-ove.nu\/index.php?rest_route=%2Fwp%2Fv2%2Fcategories&post=19764"},{"taxonomy":"post_tag","embeddable":true,"href":"https:\/\/sven-ove.nu\/index.php?rest_route=%2Fwp%2Fv2%2Ftags&post=19764"}],"curies":[{"name":"wp","href":"https:\/\/api.w.org\/{rel}","templated":true}]}}