{"id":19770,"date":"2018-05-07T04:41:37","date_gmt":"2018-05-07T03:41:37","guid":{"rendered":"http:\/\/sven-ove.nu\/?p=19770"},"modified":"2018-05-06T21:22:06","modified_gmt":"2018-05-06T20:22:06","slug":"sa-lattlurade-var-herr-lofven-och-hans-vanner","status":"publish","type":"post","link":"https:\/\/sven-ove.nu\/?p=19770","title":{"rendered":"S\u00e5 l\u00e4ttlurade var herr L\u00f6fven och hans v\u00e4nner"},"content":{"rendered":"<blockquote><p><strong>\u00a0<\/strong>Nu ska jag ber\u00e4tta om n\u00e5gra som heter SD och deras ledare.<br \/>\nDe \u00e4r kloka som skator.<\/p><\/blockquote>\n<p>F\u00f6r n\u00e5gra somrar sedan s\u00e5g jag vad skator kan g\u00f6ra. En skatunge var precis nyutflugen och satt f\u00f6rvirrad i v\u00e5r vinb\u00e4rsbuske n\u00e4r grannens katt kom glidande.<\/p>\n<p>Innan katten hann uppt\u00e4cka den d\u00e5ligt flygkunnige i busken kom fem vuxna skator och tog \u00f6ver. Retfulla st\u00e4llde de sig p\u00e5 gr\u00e4smattan, i ring runt katten. En i taget fick de katten att n\u00e4rma sig.<\/p>\n<p>&#8211; Kom \u00e5 ta mej d\u00e5! Ha-ha-ha, du kan inte ta mej! ropade inte skatan, men n\u00e5t i den stilen. L\u00e5ngsamt och metodiskt lockade de katten bort fr\u00e5n busken, meter efter meter i samma riktning, n\u00e4r han f\u00f6rs\u00f6kte g\u00e5 n\u00e4ra den som skrek h\u00f6gst.<\/p>\n<p>I fyrtiofem minuter stod jag i sovrumsf\u00f6nstret och tittade p\u00e5 f\u00f6rest\u00e4llningen. Skata skriker, katt drar sig n\u00e4ra hennes position, skata ser n\u00f6jd ut och flyttar vidare dit hon egentligen har t\u00e4nkt sig. Katt flyttar efter, dit\u00e5t.<\/p>\n<p>Till slut var katten s\u00e5 f\u00f6rvirrad att han dr\u00f6p av p\u00e5 darriga ben, fullst\u00e4ndigt desorienterad.<\/p>\n<p><strong>SD gjorde likadant<br \/>\n<\/strong>Lika klok som mina skator har den sverigedemokratiska ledningen varit de senaste \u00e5ren. F\u00f6rst jamade Reinfeldt om \u00f6ppna hj\u00e4rtan, men skatorna i SD skrek sitt \u201dKom \u00e5 ta oss!\u201d som de redan gjort i m\u00e5nga \u00e5r. D\u00e5 jamade L\u00f6fven om att Sverige minsann inte bygger n\u00e5gra murar. Skatorna skrek igen: \u201dKom \u00e5 ta oss!\u201d.<\/p>\n<p>Nu flyttade b\u00e5de moderater och socialdemokrater n\u00e4rmare, \u00e5t det sverigedemokratiska skath\u00e5llet till. Inte var skatorna i SD:s ledning n\u00f6jda f\u00f6r det. De ville vidare.<\/p>\n<p>&#8211; Kom \u00e5 ta oss! Ha-ha-ha! Ni kan inte ta oss!<\/p>\n<p>L\u00e5ngsamt l\u00e5ngsamt flyttade parti efter parti \u00f6ver skamgr\u00e4ns efter skamgr\u00e4ns. Inte nog med att Sverige har f\u00f6r m\u00e5nga mittenpartier, inte nog med att flera av dem \u00e4r mer och mer p\u00e5 glid h\u00f6gerut, inte nog med att hj\u00e4rtana sakta har slutat vara \u00f6ppna och murarna v\u00e4xt.<\/p>\n<p>Under tiden har skatorna blivit fetare och fetare, fr\u00e4ckare och fr\u00e4ckare. S\u00e5 l\u00e4ttlurade var herr L\u00f6fven och hans v\u00e4nner. L\u00e4ttlurade och desorienterade.<\/p>\n<p>Det \u00e4r det v\u00e4rsta.<\/p>\n<p><span style=\"color: #0000ff;\"><a style=\"color: #0000ff;\" href=\"https:\/\/sven-ove.nu\/\">Hem<\/a><\/span>\u00a0|\u00a0<a href=\"https:\/\/sven-ove.nu\/?page_id=170\"><span style=\"color: #0000ff;\">Om mig<\/span><\/a>\u00a0|\u00a0<span style=\"color: #0000ff;\"><a style=\"color: #0000ff;\" href=\"https:\/\/sven-ove.nu\/?page_id=1385\">Skriva &amp; prata<\/a><\/span>\u00a0|\u00a0<span style=\"color: #0000ff;\"><a style=\"color: #0000ff;\" href=\"https:\/\/sven-ove.nu\/?page_id=100\">Politik<\/a><\/span>\u00a0|\u00a0<span style=\"color: #0000ff;\"><a style=\"color: #0000ff;\" href=\"https:\/\/sven-ove.nu\/?page_id=102\">L\u00f6pa<\/a><\/span>\u00a0|\u00a0<span style=\"color: #0000ff;\"><a style=\"color: #0000ff;\" href=\"https:\/\/sven-ove.nu\/?page_id=108\">Viktor Root<\/a><\/span><br \/>\n<em>(c) Sven-Ove Svensson (men dela g\u00e4rna)<\/em><\/p>\n","protected":false},"excerpt":{"rendered":"<p>\u00a0Nu ska jag ber\u00e4tta om n\u00e5gra som heter SD och deras ledare. De \u00e4r kloka som skator. F\u00f6r n\u00e5gra somrar sedan s\u00e5g jag vad skator kan g\u00f6ra. En skatunge var precis nyutflugen och satt f\u00f6rvirrad i v\u00e5r vinb\u00e4rsbuske n\u00e4r grannens katt kom glidande. Innan katten hann uppt\u00e4cka den d\u00e5ligt flygkunnige i busken kom fem vuxna &hellip; <a href=\"https:\/\/sven-ove.nu\/?p=19770\" class=\"more-link\">Forts\u00e4tt l\u00e4sa <span class=\"screen-reader-text\">S\u00e5 l\u00e4ttlurade var herr L\u00f6fven och hans v\u00e4nner<\/span><\/a><\/p>\n","protected":false},"author":1,"featured_media":19772,"comment_status":"open","ping_status":"open","sticky":false,"template":"","format":"standard","meta":{"_crdt_document":"","_monsterinsights_skip_tracking":false,"_monsterinsights_sitenote_active":false,"_monsterinsights_sitenote_note":"","_monsterinsights_sitenote_category":0,"footnotes":""},"categories":[6,9],"tags":[16,18],"class_list":["post-19770","post","type-post","status-publish","format-standard","has-post-thumbnail","hentry","category-natur","category-politik","tag-dumheter","tag-lardomar"],"_links":{"self":[{"href":"https:\/\/sven-ove.nu\/index.php?rest_route=\/wp\/v2\/posts\/19770","targetHints":{"allow":["GET"]}}],"collection":[{"href":"https:\/\/sven-ove.nu\/index.php?rest_route=\/wp\/v2\/posts"}],"about":[{"href":"https:\/\/sven-ove.nu\/index.php?rest_route=\/wp\/v2\/types\/post"}],"author":[{"embeddable":true,"href":"https:\/\/sven-ove.nu\/index.php?rest_route=\/wp\/v2\/users\/1"}],"replies":[{"embeddable":true,"href":"https:\/\/sven-ove.nu\/index.php?rest_route=%2Fwp%2Fv2%2Fcomments&post=19770"}],"version-history":[{"count":5,"href":"https:\/\/sven-ove.nu\/index.php?rest_route=\/wp\/v2\/posts\/19770\/revisions"}],"predecessor-version":[{"id":19776,"href":"https:\/\/sven-ove.nu\/index.php?rest_route=\/wp\/v2\/posts\/19770\/revisions\/19776"}],"wp:featuredmedia":[{"embeddable":true,"href":"https:\/\/sven-ove.nu\/index.php?rest_route=\/wp\/v2\/media\/19772"}],"wp:attachment":[{"href":"https:\/\/sven-ove.nu\/index.php?rest_route=%2Fwp%2Fv2%2Fmedia&parent=19770"}],"wp:term":[{"taxonomy":"category","embeddable":true,"href":"https:\/\/sven-ove.nu\/index.php?rest_route=%2Fwp%2Fv2%2Fcategories&post=19770"},{"taxonomy":"post_tag","embeddable":true,"href":"https:\/\/sven-ove.nu\/index.php?rest_route=%2Fwp%2Fv2%2Ftags&post=19770"}],"curies":[{"name":"wp","href":"https:\/\/api.w.org\/{rel}","templated":true}]}}