{"id":19786,"date":"2018-05-14T04:42:00","date_gmt":"2018-05-14T03:42:00","guid":{"rendered":"http:\/\/sven-ove.nu\/?p=19786"},"modified":"2018-09-25T17:34:54","modified_gmt":"2018-09-25T16:34:54","slug":"19786","status":"publish","type":"post","link":"https:\/\/sven-ove.nu\/?p=19786","title":{"rendered":"Kallar du folk \u201dcp\u201d och \u201didiot\u201d \u00e4r du ocks\u00e5 fr\u00e4mlingsfientlig"},"content":{"rendered":"<p><a href=\"https:\/\/sven-ove.nu\/wp-content\/uploads\/2018\/05\/Skogstrappan.jpg\"><img loading=\"lazy\" decoding=\"async\" class=\"size-large wp-image-19788 alignnone\" src=\"https:\/\/sven-ove.nu\/wp-content\/uploads\/2018\/05\/Skogstrappan-1024x768.jpg\" alt=\"\" width=\"660\" height=\"495\" srcset=\"https:\/\/sven-ove.nu\/wp-content\/uploads\/2018\/05\/Skogstrappan-1024x768.jpg 1024w, https:\/\/sven-ove.nu\/wp-content\/uploads\/2018\/05\/Skogstrappan-300x225.jpg 300w, https:\/\/sven-ove.nu\/wp-content\/uploads\/2018\/05\/Skogstrappan-768x576.jpg 768w, https:\/\/sven-ove.nu\/wp-content\/uploads\/2018\/05\/Skogstrappan.jpg 1280w\" sizes=\"auto, (max-width: 660px) 100vw, 660px\" \/><\/a><\/p>\n<blockquote><p>Jag tycker illa om n\u00e4r mina v\u00e4nner kallar motst\u00e5ndare f\u00f6r &#8221;sv\u00e4rjev\u00e4nner&#8221;. Jag tycker illa om n\u00e4r de driver med den som har sv\u00e5rt f\u00f6r att stava. Jag avskyr n\u00e4r de kallar politiska motst\u00e5ndare f\u00f6r \u201dcp\u201d, \u201didiot\u201d och \u201dmongo\u201d eller liknande \u00f6knamn.<\/p>\n<p>Sluta. Annars \u00e4r du ocks\u00e5 fr\u00e4mlingsfientlig.<\/p><\/blockquote>\n<p>Personligen \u00e4r jag n\u00e4rsynt. Den k\u00e4ra v\u00e4nnen misst\u00e4nker dessutom p\u00e5 vissa grunder att jag har en sl\u00e4ng av asperger. Inte \u00e4r jag byggd med l\u00e4ckert ljusbrun afrikansk l\u00f6parkropp heller, trots att jag provade att p\u00e5st\u00e5 det en entusiastisk stund, nysprungen och nyduschad framf\u00f6r stora spegeln. H\u00f6rde jag inte en k\u00e4r kommentar fr\u00e5n henne som jag \u00e4lskar?<\/p>\n<p>&#8211; Min lelle mandelkubb!<\/p>\n<p>Hon var n\u00e4rmast sanningen, ty som en mandelkubb \u00e4r jag byggd.<\/p>\n<p>Det finns inga perfekta m\u00e4nniskor. F\u00f6r mig \u00e4r det ett av sk\u00e4len till att h\u00e4vda att alla vi, med alla v\u00e5ra olikheter, har samma m\u00e4nniskov\u00e4rde.<\/p>\n<p><strong>Min bygd byggd av inflyttade<br \/>\n<\/strong>N\u00e5, nu \u00e4r jag antirasist ocks\u00e5. Gillar m\u00e5ngfald, v\u00e4lkomnar fr\u00e4mlingar och \u00e4r tillr\u00e4ckligt p\u00e5l\u00e4st f\u00f6r att veta att vi h\u00e4rstammar fr\u00e5n Afrika och att mitt \u00e4lskade V\u00e4rmland byggdes och forts\u00e4tter att byggas av hitflyttat folk. Finnar, valloner, norskar, v\u00e4stg\u00f6tar, kurder, holl\u00e4ndare, syrier och en massa andra individer i sk\u00f6n och nyttig blandning.<\/p>\n<p>Det var inte j\u00e4rnet som br\u00f6t bygd. Det var hj\u00e4rnor och n\u00e4var. M\u00e5nga goda tankar fr\u00e5n m\u00e5nga h\u00e5ll i v\u00e4rlden som m\u00f6ttes. M\u00e5nga envetna h\u00e4nder som tog itu med att prova om inte dessa tankar fr\u00e5n n\u00e4ra och fj\u00e4rran h\u00e5ll skulle fungera i verkligheten ocks\u00e5.<\/p>\n<p>Men s\u00e5 kom rasismen. Fr\u00e4mlingsfientlighet hade redan funnits h\u00e4r och d\u00e4r, n\u00e4r byarna och socknarna stundom slogs fram\u00e5t l\u00f6rdagskv\u00e4llarna. V\u00e4rre blev det p\u00e5 1930-talet, v\u00e4rre nu igen n\u00e4r rasismen f\u00e5tt nytt liv.<\/p>\n<p>Den ska vi bek\u00e4mpa. Alla m\u00e4nniskor har samma m\u00e4nniskov\u00e4rde, dessutom beh\u00f6ver vi v\u00e5r inflyttning om v\u00e4lf\u00e4rden ska leva vidare.<\/p>\n<p><strong>T\u00e5l ingen funkofobi<br \/>\n<\/strong>Ibland blir emellertid kampen desperat och missriktad. Orden f\u00e5r f\u00f6r br\u00e5ttom. Om detta har min facebookv\u00e4n Maria Robsahm skrivit ett inl\u00e4gg som m\u00e5ngen antirasist borde bet\u00e4nka.<\/p>\n<p>Maria skriver att hon inte &#8221;t\u00e5l minsta antydan till funkofobi&#8221;. Funkofobi \u00e4r f\u00f6rdomar mot personer med funktionsvariationer. Hon forts\u00e4tter:<\/p>\n<p style=\"padding-left: 30px;\"><em>&#8221;Jag tror att m\u00e5nga fungerar ungef\u00e4r som jag. Om n\u00e5gon \u00e4r elak mot mig s\u00e5 kan jag bli b\u00e5de ledsen, arg och besviken. Men om n\u00e5gon \u00e4r elak mot en m\u00e4nniska jag \u00e4lskar och ska skydda s\u00e5 blir jag rasande. Vreden \u00e4r av ett helt annat slag. <\/em><em>\u00a0<\/em><\/p>\n<p style=\"padding-left: 30px;\"><em>Och \u00f6ppen funkofobi v\u00e4cker denna vrede.&#8221;<\/em><\/p>\n<p>I detta har min v\u00e4n r\u00e4tt. Sedan n\u00e4mner hon hur en bekant fick l\u00e4sa i en politisk debatt att honom beh\u00f6vde de inte svara, f\u00f6r &#8221;han har bara omaka sockor i l\u00e5dan&#8221;. Uttrycket refererar till Rocka Sockan, dagen n\u00e4r vi b\u00e4r olikf\u00e4rgade sockor av respekt f\u00f6r m\u00e4nniskor med Downs syndrom.<\/p>\n<p>Maria Robsahm igen:<\/p>\n<p style=\"padding-left: 30px;\"><em>&#8221;Alla med minsta kunskap om de nazistiska fasorna k\u00e4nner till T4 och dess roll i F\u00f6rintelsen. Funkofobi \u00e4r lika illa som rasism och den \u00e4r en del av nazismen. Och den \u00e4r lika v\u00e5ldsam och vidrig.&#8221;<\/em><\/p>\n<p>Aktion T4 var namnet p\u00e5 Nazitysklands systematiska m\u00f6rdande av vuxna m\u00e4nniskor med fysisk och psykisk funktionsneds\u00e4ttning. Den p\u00e5gick mellan januari 1940 och augusti 1941.<\/p>\n<p><strong>Det \u00e4r folkf\u00f6rakt<br \/>\n<\/strong>Jag ska inte referera debatten, varken den som gjorde henne rasande eller allt det medh\u00e5ll hon fick efter sitt eget inl\u00e4gg. Men Maria Robsahm har r\u00e4tt. Jag har l\u00e4nge irriterat mig p\u00e5 hur l\u00e4tt en del medm\u00e4nskligt folk trillar dit sj\u00e4lva, utan att inse det n\u00e4r orden har fastnat.<\/p>\n<p>Det \u00e4r aldrig r\u00e4tt att kritisera den som \u00e4r d\u00e5lig p\u00e5 att stava, \u00e4ven om han r\u00e5kar vara fr\u00e4mlingsfientlig eller v\u00e4rre.<br \/>\nDet \u00e4r aldrig r\u00e4tt att anv\u00e4nda uttryck som \u201dcp\u201d, \u201didiot\u201d, \u201dmongo\u201d eller \u00e4n mer ogenomt\u00e4nkta etiketter p\u00e5 politiska motst\u00e5ndare.<br \/>\nDet \u00e4r folkf\u00f6rakt.<\/p>\n<p>Vi ska inte s\u00e4nka oss till funkofobernas, homofobernas och rasisternas niv\u00e5.<br \/>\nD\u00e5 \u00e4r vi inte b\u00e4ttre sj\u00e4lva.<\/p>\n<p><strong><em><span style=\"color: #ff6600;\">###<\/span>\u00a0<\/em><\/strong><em>N\u00e4r jag kommit hit uppt\u00e4cker jag debatt\u00f6ren Torbj\u00f6rn Jerlerup. Han l\u00e4nkar till ett blogginl\u00e4gg i \u00e4mnet.<br \/>\n<\/em><strong><em><span style=\"color: #ff6600;\">###<\/span>\u00a0<\/em><\/strong><em>Det kan vara p\u00e5 sin plats, p\u00e5pekar han, att vi p\u00e5minner oss om att antinazister p\u00e5 20- och 30-talet begick m\u00e5nga felsteg i sin kamp mot nazismen. Den var inte befriad fr\u00e5n funkofobi, homofobi eller rasism.<br \/>\n<\/em><strong><em><span style=\"color: #ff6600;\">###<\/span>\u00a0<\/em><\/strong><em>L\u00e4s hans mycket intressanta inl\u00e4gg, det \u00e4r du v\u00e4rd: <\/em><span style=\"color: #0000ff;\"><a style=\"color: #0000ff;\" href=\"https:\/\/ligator.wordpress.com\/2017\/10\/27\/nar-lytesretorik-homofobi-och-funkofobi-sags-som-god-antinazism\/\"><em>N\u00e4r lytesretorik, homofobi och funkofobi s\u00e5gs som \u201dgod antinazism\u201d<\/em><\/a><\/span><\/p>\n<p>L\u00e4s nu.<br \/>\nDra l\u00e4rdom &#8211; om du beh\u00f6vde det.<\/p>\n<p><span style=\"color: #0000ff;\"><a style=\"color: #0000ff;\" href=\"https:\/\/sven-ove.nu\/\">Hem<\/a><\/span>\u00a0|\u00a0<span style=\"color: #0000ff;\"><a style=\"color: #0000ff;\" href=\"https:\/\/sven-ove.nu\/?page_id=170\">Om mig<\/a>\u00a0<\/span>|\u00a0<a href=\"https:\/\/sven-ove.nu\/?page_id=1385\"><span style=\"color: #0000ff;\">Skriva &amp; prata<\/span><\/a>\u00a0|\u00a0<span style=\"color: #0000ff;\"><a style=\"color: #0000ff;\" href=\"https:\/\/sven-ove.nu\/?page_id=100\">Politik<\/a><\/span>\u00a0|\u00a0<span style=\"color: #0000ff;\"><a style=\"color: #0000ff;\" href=\"https:\/\/sven-ove.nu\/?page_id=102\">L\u00f6pa<\/a><\/span>\u00a0|\u00a0<span style=\"color: #0000ff;\"><a style=\"color: #0000ff;\" href=\"https:\/\/sven-ove.nu\/?page_id=108\">Viktor Root<\/a><\/span><br \/>\n<em>(c) Sven-Ove Svensson (men dela g\u00e4rna)<\/em><\/p>\n","protected":false},"excerpt":{"rendered":"<p>Jag tycker illa om n\u00e4r mina v\u00e4nner kallar motst\u00e5ndare f\u00f6r &#8221;sv\u00e4rjev\u00e4nner&#8221;. Jag tycker illa om n\u00e4r de driver med den som har sv\u00e5rt f\u00f6r att stava. Jag avskyr n\u00e4r de kallar politiska motst\u00e5ndare f\u00f6r \u201dcp\u201d, \u201didiot\u201d och \u201dmongo\u201d eller liknande \u00f6knamn. Sluta. Annars \u00e4r du ocks\u00e5 fr\u00e4mlingsfientlig. Personligen \u00e4r jag n\u00e4rsynt. Den k\u00e4ra v\u00e4nnen misst\u00e4nker &hellip; <a href=\"https:\/\/sven-ove.nu\/?p=19786\" class=\"more-link\">Forts\u00e4tt l\u00e4sa <span class=\"screen-reader-text\">Kallar du folk \u201dcp\u201d och \u201didiot\u201d \u00e4r du ocks\u00e5 fr\u00e4mlingsfientlig<\/span><\/a><\/p>\n","protected":false},"author":1,"featured_media":0,"comment_status":"open","ping_status":"open","sticky":false,"template":"","format":"standard","meta":{"_crdt_document":"","_monsterinsights_skip_tracking":false,"_monsterinsights_sitenote_active":false,"_monsterinsights_sitenote_note":"","_monsterinsights_sitenote_category":0,"footnotes":""},"categories":[9],"tags":[16,8,18,14,15,21,17],"class_list":["post-19786","post","type-post","status-publish","format-standard","hentry","category-politik","tag-dumheter","tag-historia","tag-lardomar","tag-lasning","tag-mediedjungeln","tag-ord","tag-solidaritet"],"_links":{"self":[{"href":"https:\/\/sven-ove.nu\/index.php?rest_route=\/wp\/v2\/posts\/19786","targetHints":{"allow":["GET"]}}],"collection":[{"href":"https:\/\/sven-ove.nu\/index.php?rest_route=\/wp\/v2\/posts"}],"about":[{"href":"https:\/\/sven-ove.nu\/index.php?rest_route=\/wp\/v2\/types\/post"}],"author":[{"embeddable":true,"href":"https:\/\/sven-ove.nu\/index.php?rest_route=\/wp\/v2\/users\/1"}],"replies":[{"embeddable":true,"href":"https:\/\/sven-ove.nu\/index.php?rest_route=%2Fwp%2Fv2%2Fcomments&post=19786"}],"version-history":[{"count":10,"href":"https:\/\/sven-ove.nu\/index.php?rest_route=\/wp\/v2\/posts\/19786\/revisions"}],"predecessor-version":[{"id":19957,"href":"https:\/\/sven-ove.nu\/index.php?rest_route=\/wp\/v2\/posts\/19786\/revisions\/19957"}],"wp:attachment":[{"href":"https:\/\/sven-ove.nu\/index.php?rest_route=%2Fwp%2Fv2%2Fmedia&parent=19786"}],"wp:term":[{"taxonomy":"category","embeddable":true,"href":"https:\/\/sven-ove.nu\/index.php?rest_route=%2Fwp%2Fv2%2Fcategories&post=19786"},{"taxonomy":"post_tag","embeddable":true,"href":"https:\/\/sven-ove.nu\/index.php?rest_route=%2Fwp%2Fv2%2Ftags&post=19786"}],"curies":[{"name":"wp","href":"https:\/\/api.w.org\/{rel}","templated":true}]}}