{"id":19811,"date":"2018-06-01T05:08:21","date_gmt":"2018-06-01T04:08:21","guid":{"rendered":"http:\/\/sven-ove.nu\/?p=19811"},"modified":"2018-05-31T22:18:45","modified_gmt":"2018-05-31T21:18:45","slug":"pionjaren-pa-baltzarsgatan-13","status":"publish","type":"post","link":"https:\/\/sven-ove.nu\/?p=19811","title":{"rendered":"Pionj\u00e4ren p\u00e5 Baltzarsgatan 13"},"content":{"rendered":"<p><a href=\"https:\/\/sven-ove.nu\/wp-content\/uploads\/2018\/05\/Palm.jpg\"><img loading=\"lazy\" decoding=\"async\" class=\"size-large wp-image-19812 alignnone\" src=\"https:\/\/sven-ove.nu\/wp-content\/uploads\/2018\/05\/Palm-1024x1024.jpg\" alt=\"\" width=\"660\" height=\"660\" srcset=\"https:\/\/sven-ove.nu\/wp-content\/uploads\/2018\/05\/Palm-1024x1024.jpg 1024w, https:\/\/sven-ove.nu\/wp-content\/uploads\/2018\/05\/Palm-150x150.jpg 150w, https:\/\/sven-ove.nu\/wp-content\/uploads\/2018\/05\/Palm-300x300.jpg 300w, https:\/\/sven-ove.nu\/wp-content\/uploads\/2018\/05\/Palm-768x768.jpg 768w, https:\/\/sven-ove.nu\/wp-content\/uploads\/2018\/05\/Palm.jpg 1280w\" sizes=\"auto, (max-width: 660px) 100vw, 660px\" \/><\/a><\/p>\n<blockquote><p>Det h\u00e4nder att jag vallf\u00e4rdar, jag \u00e4r den typen. Nu senast till Baltzarsgatan 31 i Malm\u00f6.<\/p>\n<p>H\u00e4r var det.<\/p><\/blockquote>\n<p>Skr\u00e4ddare August Palm kom hem till Sverige efter att ha l\u00e4rt om socialismen i Tyskland. Nu bokade han salen p\u00e5 hotell Stockholm, det l\u00e5g p\u00e5 nummer 13 fast det st\u00e5r 31 p\u00e5 platsen numera. D\u00e4r innanf\u00f6r porten h\u00e4nger hans bild, ty m\u00f6tet blev historiskt och Palm pionj\u00e4r.<\/p>\n<p>6 november 1881. Entr\u00e9 20 \u00f6re. Stora salen full av l\u00e4rare, fabrik\u00f6rer, hantverksm\u00e4stare och tidningsfolk. I M\u00e4ster Palms manus lyder rubriken:<\/p>\n<p><strong>&#8221;Hvad vilja socialdemokraterna?&#8221;.<\/strong><\/p>\n<p>Den fr\u00e5gan \u00e4r vi m\u00e5nga som st\u00e4ller oss i dag. Vad vill ni egentligen? Menar ni det som ledningen s\u00e4ger eller det som SSU och kvinnof\u00f6rbundet och de andra s\u00e4ger? Menar ni det ni s\u00e4ger i \u00e5r eller det ni sa f\u00f6r n\u00e5gra \u00e5r sedan eller det ni kommer att s\u00e4ga om ytterligare n\u00e5gra \u00e5r?<\/p>\n<p>Jag l\u00e4ngtar efter en M\u00e4ster Palm och en Axel Danielsson.<br \/>\nHelst en av varje.<\/p>\n<p style=\"padding-left: 30px;\"><em><span style=\"color: #ff9900;\"><strong>###<\/strong><\/span> Att ett parti &#8221;har velat&#8221; var bara roligt att s\u00e4ga om andra.<br \/>\n<\/em><em><span style=\"color: #ff9900;\"><strong>###<\/strong><\/span> F\u00f6rr.<br \/>\n<\/em><em><span style=\"color: #ff9900;\"><strong>###<\/strong><\/span> Nu har fulvelandet kommit f\u00f6r n\u00e4ra.<\/em><\/p>\n<p>F\u00f6r \u00f6vrigt har jag \u00e4tit pizza i Ystad p\u00e5 min sk\u00e5nska resa, smakat angusburgare i V\u00e4stra hamnen i Malm\u00f6 med havet ett stenkast bort och bron inom synh\u00e5ll, l\u00e5tit mig fotograferas p\u00e5 fosterlandets sydligaste udde, fr\u00e5gat Zlatan om v\u00e4gen till Turning Torso och sprungit l\u00e5ngpass via vackra Pildammsparken b\u00e5de en och tv\u00e5 g\u00e5nger.<\/p>\n<p>N\u00e4mnde jag den goda och m\u00e4ttande falaffelrullen med Raml\u00f6sa f\u00f6r totalt 29 kronor? Eller tapasen i g\u00e5r p\u00e5 uteservering, n\u00e4r solen sken \u00f6ver Lilla torg?<\/p>\n<p>Det \u00e4r tur att \u00e5tminstone inte v\u00e5r matkultur bygger n\u00e5gra murar.<\/p>\n<p><a href=\"https:\/\/sven-ove.nu\/wp-content\/uploads\/2018\/06\/Huksmygare.jpg\"><img loading=\"lazy\" decoding=\"async\" class=\"size-large wp-image-19815 alignnone\" src=\"https:\/\/sven-ove.nu\/wp-content\/uploads\/2018\/06\/Huksmygare-1024x1024.jpg\" alt=\"\" width=\"660\" height=\"660\" srcset=\"https:\/\/sven-ove.nu\/wp-content\/uploads\/2018\/06\/Huksmygare-1024x1024.jpg 1024w, https:\/\/sven-ove.nu\/wp-content\/uploads\/2018\/06\/Huksmygare-150x150.jpg 150w, https:\/\/sven-ove.nu\/wp-content\/uploads\/2018\/06\/Huksmygare-300x300.jpg 300w, https:\/\/sven-ove.nu\/wp-content\/uploads\/2018\/06\/Huksmygare-768x768.jpg 768w, https:\/\/sven-ove.nu\/wp-content\/uploads\/2018\/06\/Huksmygare.jpg 1280w\" sizes=\"auto, (max-width: 660px) 100vw, 660px\" \/><\/a><\/p>\n<p><a href=\"https:\/\/sven-ove.nu\/wp-content\/uploads\/2018\/06\/Visar-v\u00e4g.jpg\"><img loading=\"lazy\" decoding=\"async\" class=\"size-large wp-image-19816 alignnone\" src=\"https:\/\/sven-ove.nu\/wp-content\/uploads\/2018\/06\/Visar-v\u00e4g-1024x1024.jpg\" alt=\"\" width=\"660\" height=\"660\" srcset=\"https:\/\/sven-ove.nu\/wp-content\/uploads\/2018\/06\/Visar-v\u00e4g-1024x1024.jpg 1024w, https:\/\/sven-ove.nu\/wp-content\/uploads\/2018\/06\/Visar-v\u00e4g-150x150.jpg 150w, https:\/\/sven-ove.nu\/wp-content\/uploads\/2018\/06\/Visar-v\u00e4g-300x300.jpg 300w, https:\/\/sven-ove.nu\/wp-content\/uploads\/2018\/06\/Visar-v\u00e4g-768x768.jpg 768w, https:\/\/sven-ove.nu\/wp-content\/uploads\/2018\/06\/Visar-v\u00e4g.jpg 1280w\" sizes=\"auto, (max-width: 660px) 100vw, 660px\" \/><\/a><\/p>\n<p style=\"padding-left: 30px;\"><em>&#8211; D\u00e4r\u00e5t, mannen.<\/em><\/p>\n<p><span style=\"color: #0000ff;\"><a style=\"color: #0000ff;\" href=\"https:\/\/sven-ove.nu\/\">Hem<\/a><\/span>\u00a0|\u00a0<a href=\"https:\/\/sven-ove.nu\/?page_id=170\"><span style=\"color: #0000ff;\">Om mig<\/span><\/a>\u00a0|\u00a0<a href=\"https:\/\/sven-ove.nu\/?page_id=1385\"><span style=\"color: #0000ff;\">Skriva &amp; prata<\/span><\/a>\u00a0|\u00a0<span style=\"color: #0000ff;\"><a style=\"color: #0000ff;\" href=\"https:\/\/sven-ove.nu\/?page_id=100\">Politik<\/a><\/span>\u00a0|\u00a0<span style=\"color: #0000ff;\"><a style=\"color: #0000ff;\" href=\"https:\/\/sven-ove.nu\/?page_id=102\">L\u00f6pa<\/a><\/span>\u00a0|\u00a0<span style=\"color: #0000ff;\"><a style=\"color: #0000ff;\" href=\"https:\/\/sven-ove.nu\/?page_id=108\">Viktor Root<\/a><\/span><br \/>\n<em>(c) Sven-Ove Svensson (men dela g\u00e4rna)<\/em><\/p>\n","protected":false},"excerpt":{"rendered":"<p>Det h\u00e4nder att jag vallf\u00e4rdar, jag \u00e4r den typen. Nu senast till Baltzarsgatan 31 i Malm\u00f6. H\u00e4r var det. Skr\u00e4ddare August Palm kom hem till Sverige efter att ha l\u00e4rt om socialismen i Tyskland. Nu bokade han salen p\u00e5 hotell Stockholm, det l\u00e5g p\u00e5 nummer 13 fast det st\u00e5r 31 p\u00e5 platsen numera. D\u00e4r innanf\u00f6r &hellip; <a href=\"https:\/\/sven-ove.nu\/?p=19811\" class=\"more-link\">Forts\u00e4tt l\u00e4sa <span class=\"screen-reader-text\">Pionj\u00e4ren p\u00e5 Baltzarsgatan 13<\/span><\/a><\/p>\n","protected":false},"author":1,"featured_media":0,"comment_status":"open","ping_status":"open","sticky":false,"template":"","format":"standard","meta":{"_crdt_document":"","_monsterinsights_skip_tracking":false,"_monsterinsights_sitenote_active":false,"_monsterinsights_sitenote_note":"","_monsterinsights_sitenote_category":0,"footnotes":""},"categories":[5,9],"tags":[8,21,17],"class_list":["post-19811","post","type-post","status-publish","format-standard","hentry","category-lopning","category-politik","tag-historia","tag-ord","tag-solidaritet"],"_links":{"self":[{"href":"https:\/\/sven-ove.nu\/index.php?rest_route=\/wp\/v2\/posts\/19811","targetHints":{"allow":["GET"]}}],"collection":[{"href":"https:\/\/sven-ove.nu\/index.php?rest_route=\/wp\/v2\/posts"}],"about":[{"href":"https:\/\/sven-ove.nu\/index.php?rest_route=\/wp\/v2\/types\/post"}],"author":[{"embeddable":true,"href":"https:\/\/sven-ove.nu\/index.php?rest_route=\/wp\/v2\/users\/1"}],"replies":[{"embeddable":true,"href":"https:\/\/sven-ove.nu\/index.php?rest_route=%2Fwp%2Fv2%2Fcomments&post=19811"}],"version-history":[{"count":4,"href":"https:\/\/sven-ove.nu\/index.php?rest_route=\/wp\/v2\/posts\/19811\/revisions"}],"predecessor-version":[{"id":19818,"href":"https:\/\/sven-ove.nu\/index.php?rest_route=\/wp\/v2\/posts\/19811\/revisions\/19818"}],"wp:attachment":[{"href":"https:\/\/sven-ove.nu\/index.php?rest_route=%2Fwp%2Fv2%2Fmedia&parent=19811"}],"wp:term":[{"taxonomy":"category","embeddable":true,"href":"https:\/\/sven-ove.nu\/index.php?rest_route=%2Fwp%2Fv2%2Fcategories&post=19811"},{"taxonomy":"post_tag","embeddable":true,"href":"https:\/\/sven-ove.nu\/index.php?rest_route=%2Fwp%2Fv2%2Ftags&post=19811"}],"curies":[{"name":"wp","href":"https:\/\/api.w.org\/{rel}","templated":true}]}}