{"id":19819,"date":"2018-06-02T08:58:33","date_gmt":"2018-06-02T07:58:33","guid":{"rendered":"http:\/\/sven-ove.nu\/?p=19819"},"modified":"2018-06-02T09:08:36","modified_gmt":"2018-06-02T08:08:36","slug":"brajobbat-gamla-arbetskamrater","status":"publish","type":"post","link":"https:\/\/sven-ove.nu\/?p=19819","title":{"rendered":"Bra jobbat, gamla\u00a0arbetskamrater"},"content":{"rendered":"<p><a href=\"https:\/\/sven-ove.nu\/wp-content\/uploads\/2018\/06\/Om-krisen-kommer.jpg\"><img loading=\"lazy\" decoding=\"async\" class=\"size-large wp-image-19820 alignnone\" src=\"https:\/\/sven-ove.nu\/wp-content\/uploads\/2018\/06\/Om-krisen-kommer-1024x1024.jpg\" alt=\"\" width=\"660\" height=\"660\" srcset=\"https:\/\/sven-ove.nu\/wp-content\/uploads\/2018\/06\/Om-krisen-kommer-1024x1024.jpg 1024w, https:\/\/sven-ove.nu\/wp-content\/uploads\/2018\/06\/Om-krisen-kommer-150x150.jpg 150w, https:\/\/sven-ove.nu\/wp-content\/uploads\/2018\/06\/Om-krisen-kommer-300x300.jpg 300w, https:\/\/sven-ove.nu\/wp-content\/uploads\/2018\/06\/Om-krisen-kommer-768x768.jpg 768w, https:\/\/sven-ove.nu\/wp-content\/uploads\/2018\/06\/Om-krisen-kommer.jpg 1280w\" sizes=\"auto, (max-width: 660px) 100vw, 660px\" \/><\/a><\/p>\n<p>Kommer hem efter en fin vecka i Malm\u00f6 med omgivningar. Den staden trivs jag i. Pildammsparken, tr\u00e4d\u00e4cket intill havet vid V\u00e4stra hamnen, folklivet och finmaten vid Lilla torg. Malm\u00f6bilisternas lugn n\u00e4r de stannar till f\u00f6r korsande cyklister och fotg\u00e4ngare.<\/p>\n<p>H\u00e4r hemma ligger broschyren p\u00e5 k\u00f6ksbordet. &#8221;<strong>Om krisen eller kriget kommer<\/strong>&#8221;.<\/p>\n<p>Nu \u00e4r jag visserligen part i m\u00e5let. I \u00e5tta \u00e5r arbetade jag med information \u00e5t statliga R\u00e4ddningsverket. Det som nu \u00e4r omorganiserat till MSB och gett ut krisbroschyren. Inte f\u00f6r att jag vet vilka men f\u00f6rmodligen har forna arbetskamrater varit med och formulerat texten.<\/p>\n<p>D\u00e4r \u00e4r jag m\u00f6jligen partisk &#8211; men framf\u00f6r allt som medborgare, medm\u00e4nniska, pappa och morfar.<\/p>\n<p><strong>Folk blir r\u00e4dda<br \/>\n<\/strong>I diverse medier ser jag att somliga skojar med broschyren. Jag anar varf\u00f6r. Det \u00e4r en f\u00f6rsvarsmekanism. Folk blir medvetet eller omedvetet r\u00e4dda och d\u00e5 f\u00f6rs\u00f6ker de skoja bort sin r\u00e4dsla. Inte ska v\u00e4l vi ha n\u00e5gon kris eller \u00e4nnu v\u00e4rre &#8211; krig.<\/p>\n<p>Nej det \u00e4r klart att vi inte ska. Vi skulle inte ha n\u00e5got krig n\u00e4r jag gjorde lumpen heller och fienden anf\u00f6ll I2 v\u00e4sterifr\u00e5n. V\u00e4sterifr\u00e5n? Jo, faktiskt, V\u00e4rmland ligger d\u00e4r det ligger. Vi gr\u00e4vde v\u00e5ra st\u00e5v\u00e4rn i alla fall och pickade p\u00e5 v\u00e5ra telegrafnycklar. Vi t\u00e4nkte f\u00f6rbaske mig inte sl\u00e4ppa en j\u00e4kel f\u00f6rbi Trang\u00e4rd och S\u00f6dra Sanna.<\/p>\n<p>Vi var beredda. Torvan ska f\u00f6rsvaras, demokratin likas\u00e5.<\/p>\n<p><strong>Ficklampsberedskap<br \/>\n<\/strong>Den beredskapen handlar MSB:s kloka broschyr om. Matberedskap, informationsberedskap, ficklampsberedskap.<\/p>\n<p>N\u00e5gon \u00f6versp\u00e4nd prepper t\u00e4nker jag inte bli. Vi bygger ingen betongbunker p\u00e5 v\u00e5r tomt, det finns andra s\u00e4tt. Men broschyren har jag l\u00e4st och nyss hade vi familjer\u00e5d om saken.<\/p>\n<p>En bra broschyr med goda r\u00e5d. Jag gillar mina forna arbetskamraters verk. Bra jobbat., v\u00e4nner. Vi f\u00e5r skaffa fler batterier. Maten, hur g\u00f6r vi med den? Borde vi ta ut lite kontanter ocks\u00e5?<\/p>\n<p><strong>Mera\u00a0<\/strong><strong>fj\u00e4rilar?<br \/>\n<\/strong>Borde vi t\u00e4nka (\u00e4nnu) mer kritiskt om vilka meddelanden vi sprider?Asch, d\u00e4r \u00e4r vi redan f\u00f6rsiktiga. K\u00e4llor har en annan granskat, minst sedan 1968.<\/p>\n<p>N\u00e4rmsta skyddsrum? Visst var det d\u00e4r ungdomarna spelade schack?<\/p>\n<p>Demokratin m\u00e5ste st\u00e4ndigt f\u00f6rsvaras. Ibland kanske det betyder att handla hem lite mer fj\u00e4rilspasta.<\/p>\n<p>Kamp l\u00f6nar sig.<\/p>\n<p><span style=\"color: #0000ff;\"><a style=\"color: #0000ff;\" href=\"https:\/\/sven-ove.nu\/\">Hem<\/a><\/span>\u00a0|\u00a0<a href=\"https:\/\/sven-ove.nu\/?page_id=170\"><span style=\"color: #0000ff;\">Om mig<\/span><\/a>\u00a0|\u00a0<span style=\"color: #0000ff;\"><a style=\"color: #0000ff;\" href=\"https:\/\/sven-ove.nu\/?page_id=1385\">Skriva &amp; prata<\/a>\u00a0<\/span>|\u00a0<span style=\"color: #0000ff;\"><a style=\"color: #0000ff;\" href=\"https:\/\/sven-ove.nu\/?page_id=100\">Politik<\/a><\/span>\u00a0|\u00a0<span style=\"color: #0000ff;\"><a style=\"color: #0000ff;\" href=\"https:\/\/sven-ove.nu\/?page_id=102\">L\u00f6pa<\/a><\/span>\u00a0|\u00a0<span style=\"color: #0000ff;\"><a style=\"color: #0000ff;\" href=\"https:\/\/sven-ove.nu\/?page_id=108\">Viktor Root<\/a>\u00a0<\/span><br \/>\n<em>(c) Sven-Ove Svensson (men dela g\u00e4rna)<\/em><\/p>\n","protected":false},"excerpt":{"rendered":"<p>Kommer hem efter en fin vecka i Malm\u00f6 med omgivningar. Den staden trivs jag i. Pildammsparken, tr\u00e4d\u00e4cket intill havet vid V\u00e4stra hamnen, folklivet och finmaten vid Lilla torg. Malm\u00f6bilisternas lugn n\u00e4r de stannar till f\u00f6r korsande cyklister och fotg\u00e4ngare. H\u00e4r hemma ligger broschyren p\u00e5 k\u00f6ksbordet. &#8221;Om krisen eller kriget kommer&#8221;. Nu \u00e4r jag visserligen part &hellip; <a href=\"https:\/\/sven-ove.nu\/?p=19819\" class=\"more-link\">Forts\u00e4tt l\u00e4sa <span class=\"screen-reader-text\">Bra jobbat, gamla\u00a0arbetskamrater<\/span><\/a><\/p>\n","protected":false},"author":1,"featured_media":0,"comment_status":"open","ping_status":"open","sticky":false,"template":"","format":"standard","meta":{"_crdt_document":"","_monsterinsights_skip_tracking":false,"_monsterinsights_sitenote_active":false,"_monsterinsights_sitenote_note":"","_monsterinsights_sitenote_category":0,"footnotes":""},"categories":[10,9],"tags":[18,14,20,17,13],"class_list":["post-19819","post","type-post","status-publish","format-standard","hentry","category-familjen","category-politik","tag-lardomar","tag-lasning","tag-rad","tag-solidaritet","tag-utrustning"],"_links":{"self":[{"href":"https:\/\/sven-ove.nu\/index.php?rest_route=\/wp\/v2\/posts\/19819","targetHints":{"allow":["GET"]}}],"collection":[{"href":"https:\/\/sven-ove.nu\/index.php?rest_route=\/wp\/v2\/posts"}],"about":[{"href":"https:\/\/sven-ove.nu\/index.php?rest_route=\/wp\/v2\/types\/post"}],"author":[{"embeddable":true,"href":"https:\/\/sven-ove.nu\/index.php?rest_route=\/wp\/v2\/users\/1"}],"replies":[{"embeddable":true,"href":"https:\/\/sven-ove.nu\/index.php?rest_route=%2Fwp%2Fv2%2Fcomments&post=19819"}],"version-history":[{"count":2,"href":"https:\/\/sven-ove.nu\/index.php?rest_route=\/wp\/v2\/posts\/19819\/revisions"}],"predecessor-version":[{"id":19822,"href":"https:\/\/sven-ove.nu\/index.php?rest_route=\/wp\/v2\/posts\/19819\/revisions\/19822"}],"wp:attachment":[{"href":"https:\/\/sven-ove.nu\/index.php?rest_route=%2Fwp%2Fv2%2Fmedia&parent=19819"}],"wp:term":[{"taxonomy":"category","embeddable":true,"href":"https:\/\/sven-ove.nu\/index.php?rest_route=%2Fwp%2Fv2%2Fcategories&post=19819"},{"taxonomy":"post_tag","embeddable":true,"href":"https:\/\/sven-ove.nu\/index.php?rest_route=%2Fwp%2Fv2%2Ftags&post=19819"}],"curies":[{"name":"wp","href":"https:\/\/api.w.org\/{rel}","templated":true}]}}