{"id":19823,"date":"2018-06-06T04:38:14","date_gmt":"2018-06-06T03:38:14","guid":{"rendered":"http:\/\/sven-ove.nu\/?p=19823"},"modified":"2018-06-05T20:16:19","modified_gmt":"2018-06-05T19:16:19","slug":"krispig-kornknarr-eller-skrivare-lindgren","status":"publish","type":"post","link":"https:\/\/sven-ove.nu\/?p=19823","title":{"rendered":"Krispig kornknarr eller skrivare Lindgren?"},"content":{"rendered":"<p><a href=\"https:\/\/sven-ove.nu\/wp-content\/uploads\/2018\/06\/\u00c4t-gr\u00f6nt.jpg\"><img loading=\"lazy\" decoding=\"async\" class=\"size-large wp-image-19825 alignnone\" src=\"https:\/\/sven-ove.nu\/wp-content\/uploads\/2018\/06\/\u00c4t-gr\u00f6nt-966x1024.jpg\" alt=\"\" width=\"660\" height=\"700\" srcset=\"https:\/\/sven-ove.nu\/wp-content\/uploads\/2018\/06\/\u00c4t-gr\u00f6nt-966x1024.jpg 966w, https:\/\/sven-ove.nu\/wp-content\/uploads\/2018\/06\/\u00c4t-gr\u00f6nt-283x300.jpg 283w, https:\/\/sven-ove.nu\/wp-content\/uploads\/2018\/06\/\u00c4t-gr\u00f6nt-768x814.jpg 768w, https:\/\/sven-ove.nu\/wp-content\/uploads\/2018\/06\/\u00c4t-gr\u00f6nt.jpg 1208w\" sizes=\"auto, (max-width: 660px) 100vw, 660px\" \/><\/a><\/p>\n<blockquote><p>Ibland beh\u00f6ver jag en talgoxe, ibland en krispig kornknarr.\u00a0Ibland beh\u00f6ver jag Jo Nesb\u00f6, ibland Steve Sem-Sandberg.<br \/>\nDet varierar.<br \/>\nMen komplicerat \u00e4r det inte.<\/p><\/blockquote>\n<p>Talgoxen och hans v\u00e4n pilfinken \u00e4r l\u00e4ttillg\u00e4ngliga, kornknarren och f\u00f6r all del nattsk\u00e4rran kr\u00e4ver mer av en. Upplevelserna ska inte j\u00e4mf\u00f6ras men alla fyra g\u00f6r mitt liv rikare.<\/p>\n<p>Varf\u00f6r skulle jag fnysa \u00e5t han som l\u00e5ter som en cykelpump bara f\u00f6r att han som l\u00e5ter som ett blixtl\u00e5s \u00e4r s\u00e4llsyntare och d\u00e4rmed i n\u00e5gon mening exklusivare?<\/p>\n<p><strong>Jag \u00e4r m\u00e5nga l\u00e4sare<br \/>\n<\/strong>Natur och kultur h\u00e4nger ihop i mitt liv. Etiketter bryr jag mig mindre om. Astrid Lindgren och en bra deckarf\u00f6rfattare \u00e4r lika &#8221;fina&#8221; som Herman Melville och Torgny Lindgren. Kvalitet f\u00f6rs\u00f6ker jag v\u00e4lja men det \u00e4r kvalitet p\u00e5 talgoxen med.<\/p>\n<p>Jag \u00e4r dessutom inte samma l\u00e4sare p\u00e5 m\u00e5ndag f\u00f6rmiddag som p\u00e5 fredag kv\u00e4ll, inte samma n\u00e4r jag f\u00f6rs\u00f6ker somna som n\u00e4r jag druckit dagens f\u00f6rsta slatt kaffe efter frukost.<\/p>\n<p>S\u00e5 \u00e4r de flesta av oss skapta.<\/p>\n<p><strong>Beh\u00f6ver \u00e4ven trams<br \/>\n<\/strong>Dessutom \u00e4r vi m\u00e5nga som beh\u00f6ver trams ibland f\u00f6r att h\u00e5lla skrattmuskulaturen fr\u00e4sch, fast det \u00e4r en annan historia.<\/p>\n<p>H\u00e4r \u00e4r tre l\u00e4nkar jag rekommenderar i sommarskuggan, med eller utan skratt:<\/p>\n<p><strong><span style=\"color: #ff9900;\">###<\/span> Kulturmagasinet Opulens<\/strong><br \/>\n<a href=\"http:\/\/www.opulens.se\"><span style=\"color: #0000ff;\">http:\/\/www.opulens.se<\/span><\/a><\/p>\n<p><strong><span style=\"color: #ff9900;\">###<\/span> P2-f\u00e5geln<\/strong><br \/>\n<a href=\"https:\/\/sverigesradio.se\/p2fageln\"><span style=\"color: #0000ff;\">https:\/\/sverigesradio.se\/p2fageln<\/span><\/a><\/p>\n<p><strong><span style=\"color: #ff9900;\">###<\/span> Henrik Dorsin reser jorden runt<\/strong><\/p>\n<p><iframe loading=\"lazy\" title=\"Henrik Dorsin reser jorden runt\" width=\"660\" height=\"371\" src=\"https:\/\/www.youtube.com\/embed\/S5Gg_MBHaJY?feature=oembed\" frameborder=\"0\" allow=\"accelerometer; autoplay; clipboard-write; encrypted-media; gyroscope; picture-in-picture; web-share\" referrerpolicy=\"strict-origin-when-cross-origin\" allowfullscreen><\/iframe><\/p>\n<p>B\u00f6rja med Dorsin. S\u00e4tt p\u00e5 ljudet. Lyssna efter svensken p\u00e5 solsemester.<br \/>\nTrevlig resa.<\/p>\n<p><span style=\"color: #0000ff;\"><a style=\"color: #0000ff;\" href=\"https:\/\/sven-ove.nu\/\">Hem<\/a><\/span>\u00a0|<span style=\"color: #0000ff;\">\u00a0<a style=\"color: #0000ff;\" href=\"https:\/\/sven-ove.nu\/?page_id=170\">Om mig<\/a><\/span>\u00a0|\u00a0<a href=\"https:\/\/sven-ove.nu\/?page_id=1385\"><span style=\"color: #0000ff;\">Skriva &amp; prata<\/span><\/a>\u00a0|\u00a0<span style=\"color: #0000ff;\"><a style=\"color: #0000ff;\" href=\"https:\/\/sven-ove.nu\/?page_id=100\">Politik<\/a><\/span>\u00a0|\u00a0<span style=\"color: #0000ff;\"><a style=\"color: #0000ff;\" href=\"https:\/\/sven-ove.nu\/?page_id=102\">L\u00f6pa<\/a><\/span>\u00a0|\u00a0<span style=\"color: #0000ff;\"><a style=\"color: #0000ff;\" href=\"https:\/\/sven-ove.nu\/?page_id=108\">Viktor Root<\/a><\/span><br \/>\n<em>(c) Sven-Ove Svensson (men dela g\u00e4rna)<\/em><\/p>\n","protected":false},"excerpt":{"rendered":"<p>Ibland beh\u00f6ver jag en talgoxe, ibland en krispig kornknarr.\u00a0Ibland beh\u00f6ver jag Jo Nesb\u00f6, ibland Steve Sem-Sandberg. Det varierar. Men komplicerat \u00e4r det inte. Talgoxen och hans v\u00e4n pilfinken \u00e4r l\u00e4ttillg\u00e4ngliga, kornknarren och f\u00f6r all del nattsk\u00e4rran kr\u00e4ver mer av en. Upplevelserna ska inte j\u00e4mf\u00f6ras men alla fyra g\u00f6r mitt liv rikare. Varf\u00f6r skulle jag fnysa &hellip; <a href=\"https:\/\/sven-ove.nu\/?p=19823\" class=\"more-link\">Forts\u00e4tt l\u00e4sa <span class=\"screen-reader-text\">Krispig kornknarr eller skrivare Lindgren?<\/span><\/a><\/p>\n","protected":false},"author":1,"featured_media":0,"comment_status":"open","ping_status":"open","sticky":false,"template":"","format":"standard","meta":{"_crdt_document":"","_monsterinsights_skip_tracking":false,"_monsterinsights_sitenote_active":false,"_monsterinsights_sitenote_note":"","_monsterinsights_sitenote_category":0,"footnotes":""},"categories":[28,6],"tags":[14],"class_list":["post-19823","post","type-post","status-publish","format-standard","hentry","category-kreativt-folk","category-natur","tag-lasning"],"_links":{"self":[{"href":"https:\/\/sven-ove.nu\/index.php?rest_route=\/wp\/v2\/posts\/19823","targetHints":{"allow":["GET"]}}],"collection":[{"href":"https:\/\/sven-ove.nu\/index.php?rest_route=\/wp\/v2\/posts"}],"about":[{"href":"https:\/\/sven-ove.nu\/index.php?rest_route=\/wp\/v2\/types\/post"}],"author":[{"embeddable":true,"href":"https:\/\/sven-ove.nu\/index.php?rest_route=\/wp\/v2\/users\/1"}],"replies":[{"embeddable":true,"href":"https:\/\/sven-ove.nu\/index.php?rest_route=%2Fwp%2Fv2%2Fcomments&post=19823"}],"version-history":[{"count":4,"href":"https:\/\/sven-ove.nu\/index.php?rest_route=\/wp\/v2\/posts\/19823\/revisions"}],"predecessor-version":[{"id":19831,"href":"https:\/\/sven-ove.nu\/index.php?rest_route=\/wp\/v2\/posts\/19823\/revisions\/19831"}],"wp:attachment":[{"href":"https:\/\/sven-ove.nu\/index.php?rest_route=%2Fwp%2Fv2%2Fmedia&parent=19823"}],"wp:term":[{"taxonomy":"category","embeddable":true,"href":"https:\/\/sven-ove.nu\/index.php?rest_route=%2Fwp%2Fv2%2Fcategories&post=19823"},{"taxonomy":"post_tag","embeddable":true,"href":"https:\/\/sven-ove.nu\/index.php?rest_route=%2Fwp%2Fv2%2Ftags&post=19823"}],"curies":[{"name":"wp","href":"https:\/\/api.w.org\/{rel}","templated":true}]}}