{"id":1998,"date":"2012-05-01T05:00:08","date_gmt":"2012-05-01T04:00:08","guid":{"rendered":"http:\/\/sven-ove.nu\/?p=1998"},"modified":"2012-04-30T17:08:57","modified_gmt":"2012-04-30T16:08:57","slug":"dar-har-hon-aldrig-majat-forr","status":"publish","type":"post","link":"https:\/\/sven-ove.nu\/?p=1998","title":{"rendered":"D\u00e4r har hon aldrig majat f\u00f6rr"},"content":{"rendered":"<p>I dag ska jag ta min k\u00e4ra v\u00e4n p\u00e5 en majning hon aldrig varit med om f\u00f6rut. Jag har ingen aning om ifall hon kommer att gilla den, men jag hoppas det. Jag vet inte ens om st\u00e4llet vi ska till \u00e4r ig\u00e5ng, s\u00e5 som jag har t\u00e4nkt.<\/p>\n<p>Det b\u00f6rjade med att Radio V\u00e4rmland st\u00e4llde fr\u00e5gan: brukar ni maja, d\u00e4r du bor? Snart hade de f\u00e5tt svar fr\u00e5n Karlstadsomr\u00e5det, Grums, S\u00e4ffle, \u00d6lme, \u00c5rj\u00e4ng, Dalsland, Filipstad, Edane och Lesj\u00f6fors. Jod\u00e5, h\u00e4r p\u00e5 trakten majar vi.<\/p>\n<p>D\u00e5 gjorde jag samma unders\u00f6kning p\u00e5 jobbet. Visst, vi majade n\u00e4r jag var liten. Nej, inte vi, vad \u00e4r det?<\/p>\n<p><strong><a href=\"https:\/\/sven-ove.nu\/wp-content\/uploads\/2012\/05\/rigi.jpg\"><img loading=\"lazy\" decoding=\"async\" class=\"alignleft size-thumbnail wp-image-2002\" title=\"rigi\" src=\"https:\/\/sven-ove.nu\/wp-content\/uploads\/2012\/05\/rigi-150x121.jpg\" alt=\"\" width=\"150\" height=\"121\" \/><\/a>Maja \u00e4r n\u00e4r du p\u00e5 f\u00f6rsta maj g\u00e5r ut p\u00e5 utflykt och har picnic, helst i skogen. I ryggs\u00e4cken ska du ha sockerdricka, chokladbit av m\u00e4rket Rigi och ett \u00e4pple. Det \u00e4r helt till\u00e5tet att ta med ostsm\u00f6rg\u00e5s ocks\u00e5 och kanske n\u00e5gon mer godisbit, men \u00e4pple, sockerdricka och Rigi, det \u00e4r de tre m\u00e5stena.<\/strong><\/p>\n<p>S\u00e5 gjorde vi n\u00e4r jag barn vid Almar och senare i \u00f6stra Nyed. Till skogarna vid Almar kom f\u00f6rresten halva Karlstad cyklande med sina filtar och sitt godis.<\/p>\n<p>Vi har l\u00e4rt v\u00e5ra barn den d\u00e4r seden. N\u00e5got \u00e5r fick vi maja under altantaket, f\u00f6r att det regnade f\u00f6r mycket. En g\u00e5ng satt vi till och med i en snedgarderob, den g\u00e5ngen minns de s\u00e4rskilt.<\/p>\n<p>I dag \u00e4r det dags igen. Den h\u00e4r g\u00e5ngen \u00e4r barnen utflugna, men inte v\u00e5ra traditioner. Klart att den k\u00e4ra v\u00e4nnen och jag ska ut i skogen, filten och sockerdrickan \u00e4r redan packad. Hon har ingen aning om vart vi \u00e4r p\u00e5 v\u00e4g.<\/p>\n<p>&#8211; Nej, majar g\u00f6r vi inte d\u00e4r jag kommer fr\u00e5n, var det en arbetskamrat som sa. Men d\u00e4remot brukar folk \u00e5ka till \u2026 och titta p\u00e5 \u2026<\/p>\n<p>Mer s\u00e4ger jag inte. Det \u00e4r en \u00f6verraskning. Hon tror vi ska till sisuskogen. Vi ska mycket l\u00e4ngre.<\/p>\n","protected":false},"excerpt":{"rendered":"<p>I dag ska jag ta min k\u00e4ra v\u00e4n p\u00e5 en majning hon aldrig varit med om f\u00f6rut. Jag har ingen aning om ifall hon kommer att gilla den, men jag hoppas det. Jag vet inte ens om st\u00e4llet vi ska till \u00e4r ig\u00e5ng, s\u00e5 som jag har t\u00e4nkt. Det b\u00f6rjade med att Radio V\u00e4rmland st\u00e4llde &hellip; <a href=\"https:\/\/sven-ove.nu\/?p=1998\" class=\"more-link\">Forts\u00e4tt l\u00e4sa <span class=\"screen-reader-text\">D\u00e4r har hon aldrig majat f\u00f6rr<\/span><\/a><\/p>\n","protected":false},"author":1,"featured_media":0,"comment_status":"open","ping_status":"open","sticky":false,"template":"","format":"standard","meta":{"_crdt_document":"","_monsterinsights_skip_tracking":false,"_monsterinsights_sitenote_active":false,"_monsterinsights_sitenote_note":"","_monsterinsights_sitenote_category":0,"footnotes":""},"categories":[10],"tags":[8,24,26],"class_list":["post-1998","post","type-post","status-publish","format-standard","hentry","category-familjen","tag-historia","tag-karlek","tag-natur-2"],"_links":{"self":[{"href":"https:\/\/sven-ove.nu\/index.php?rest_route=\/wp\/v2\/posts\/1998","targetHints":{"allow":["GET"]}}],"collection":[{"href":"https:\/\/sven-ove.nu\/index.php?rest_route=\/wp\/v2\/posts"}],"about":[{"href":"https:\/\/sven-ove.nu\/index.php?rest_route=\/wp\/v2\/types\/post"}],"author":[{"embeddable":true,"href":"https:\/\/sven-ove.nu\/index.php?rest_route=\/wp\/v2\/users\/1"}],"replies":[{"embeddable":true,"href":"https:\/\/sven-ove.nu\/index.php?rest_route=%2Fwp%2Fv2%2Fcomments&post=1998"}],"version-history":[{"count":9,"href":"https:\/\/sven-ove.nu\/index.php?rest_route=\/wp\/v2\/posts\/1998\/revisions"}],"predecessor-version":[{"id":2009,"href":"https:\/\/sven-ove.nu\/index.php?rest_route=\/wp\/v2\/posts\/1998\/revisions\/2009"}],"wp:attachment":[{"href":"https:\/\/sven-ove.nu\/index.php?rest_route=%2Fwp%2Fv2%2Fmedia&parent=1998"}],"wp:term":[{"taxonomy":"category","embeddable":true,"href":"https:\/\/sven-ove.nu\/index.php?rest_route=%2Fwp%2Fv2%2Fcategories&post=1998"},{"taxonomy":"post_tag","embeddable":true,"href":"https:\/\/sven-ove.nu\/index.php?rest_route=%2Fwp%2Fv2%2Ftags&post=1998"}],"curies":[{"name":"wp","href":"https:\/\/api.w.org\/{rel}","templated":true}]}}