{"id":20031,"date":"2018-10-17T09:51:55","date_gmt":"2018-10-17T08:51:55","guid":{"rendered":"http:\/\/sven-ove.nu\/?p=20031"},"modified":"2018-10-17T10:37:06","modified_gmt":"2018-10-17T09:37:06","slug":"20031","status":"publish","type":"post","link":"https:\/\/sven-ove.nu\/?p=20031","title":{"rendered":"Ett rej\u00e4lt stavfel"},"content":{"rendered":"<blockquote><p>Det \u00e4r ett h\u00e5rt jobb att vara ordningsman p\u00e5 n\u00e4tet. F\u00f6r tv\u00e5 \u00e5r sedan uppt\u00e4ckte jag att den livligt trafikerade Karl IX:s gata i v\u00e5r s\u00f6dra kranskommun blivit omd\u00f6pt av n\u00e5gon humorist p\u00e5 Google Maps. S\u00f6dra Gata stod det.<\/p>\n<p>\u201dS\u00f6dra Gata\u201d?<\/p><\/blockquote>\n<p>D\u00e5 lovade Karlstads kommun se till att det blev \u00e4ndrat.<br \/>\nDe skrev inte n\u00e4r.<\/p>\n<p>H\u00e4rom dagen uppt\u00e4ckte jag att det stod fel fortfarande. Jas\u00e5 stavfel? tyckte kommunen n\u00e4r jag p\u00e5minde. &#8221;Stavfel&#8221;? F\u00f6r all del.<br \/>\nAllt ska en ordna sj\u00e4lv.<\/p>\n<p>Kom igen, dags f\u00f6r nya v\u00e4derkvarnar. Tjohoo!<\/p>\n<p><strong>F\u00f6re<\/strong>:<br \/>\n<a href=\"https:\/\/sven-ove.nu\/wp-content\/uploads\/2018\/10\/S\u00f6dra-Gata.jpg\"><img loading=\"lazy\" decoding=\"async\" class=\"size-full wp-image-20035 alignnone\" src=\"https:\/\/sven-ove.nu\/wp-content\/uploads\/2018\/10\/S\u00f6dra-Gata.jpg\" alt=\"\" width=\"383\" height=\"338\" srcset=\"https:\/\/sven-ove.nu\/wp-content\/uploads\/2018\/10\/S\u00f6dra-Gata.jpg 383w, https:\/\/sven-ove.nu\/wp-content\/uploads\/2018\/10\/S\u00f6dra-Gata-300x265.jpg 300w\" sizes=\"auto, (max-width: 383px) 100vw, 383px\" \/><\/a><\/p>\n<p><em><strong>Efter<\/strong>:<\/em><a href=\"https:\/\/sven-ove.nu\/wp-content\/uploads\/2018\/10\/Karl-IX.jpg\"><img loading=\"lazy\" decoding=\"async\" class=\"alignleft size-full wp-image-20036\" src=\"https:\/\/sven-ove.nu\/wp-content\/uploads\/2018\/10\/Karl-IX.jpg\" alt=\"\" width=\"640\" height=\"482\" srcset=\"https:\/\/sven-ove.nu\/wp-content\/uploads\/2018\/10\/Karl-IX.jpg 640w, https:\/\/sven-ove.nu\/wp-content\/uploads\/2018\/10\/Karl-IX-300x226.jpg 300w\" sizes=\"auto, (max-width: 640px) 100vw, 640px\" \/><\/a><\/p>\n<p><em><span style=\"color: #ff6600;\"><strong>###<\/strong><\/span> Jag \u00e4r gammal SOS-operat\u00f6r och kartn\u00f6rd med livlig fantasi.<br \/>\n<\/em><em><span style=\"color: #ff6600;\"><strong>###<\/strong><\/span> D\u00e5 finns det fullt av h\u00e4ndelser man kan t\u00e4nka sig skulle kunna intr\u00e4ffa, om v\u00e5r vanligaste karta d\u00f6per om en huvudgata.<br \/>\n<\/em><em><span style=\"color: #ff6600;\"><strong>###<\/strong><\/span> Det \u00e4r den allvarliga sidan av saken. Bra att Google \u00e4ndrade.<\/em><\/p>\n<p><span style=\"color: #0000ff;\"><a style=\"color: #0000ff;\" href=\"https:\/\/sven-ove.nu\/\">Hem<\/a><\/span>\u00a0|\u00a0<span style=\"color: #0000ff;\"><a style=\"color: #0000ff;\" href=\"https:\/\/sven-ove.nu\/?page_id=170\">Om mig<\/a>\u00a0<\/span>|\u00a0<span style=\"color: #0000ff;\"><a style=\"color: #0000ff;\" href=\"https:\/\/sven-ove.nu\/?page_id=1385\">Skriva &amp; prata<\/a><\/span>\u00a0|\u00a0<span style=\"color: #0000ff;\"><a style=\"color: #0000ff;\" href=\"https:\/\/sven-ove.nu\/?page_id=100\">Politik<\/a><\/span>\u00a0|\u00a0<span style=\"color: #0000ff;\"><a style=\"color: #0000ff;\" href=\"https:\/\/sven-ove.nu\/?page_id=102\">L\u00f6pa<\/a><\/span>\u00a0|\u00a0<span style=\"color: #0000ff;\"><a style=\"color: #0000ff;\" href=\"https:\/\/sven-ove.nu\/?page_id=108\">Viktor Root<\/a><\/span><br \/>\n<em>Inl\u00e4gg nr 1\u00a0878. (c) Sven-Ove Svensson (men dela g\u00e4rna) <\/em><\/p>\n","protected":false},"excerpt":{"rendered":"<p>Det \u00e4r ett h\u00e5rt jobb att vara ordningsman p\u00e5 n\u00e4tet. F\u00f6r tv\u00e5 \u00e5r sedan uppt\u00e4ckte jag att den livligt trafikerade Karl IX:s gata i v\u00e5r s\u00f6dra kranskommun blivit omd\u00f6pt av n\u00e5gon humorist p\u00e5 Google Maps. S\u00f6dra Gata stod det. \u201dS\u00f6dra Gata\u201d? D\u00e5 lovade Karlstads kommun se till att det blev \u00e4ndrat. De skrev inte n\u00e4r. &hellip; <a href=\"https:\/\/sven-ove.nu\/?p=20031\" class=\"more-link\">Forts\u00e4tt l\u00e4sa <span class=\"screen-reader-text\">Ett rej\u00e4lt stavfel<\/span><\/a><\/p>\n","protected":false},"author":1,"featured_media":0,"comment_status":"open","ping_status":"open","sticky":false,"template":"","format":"standard","meta":{"_crdt_document":"","_monsterinsights_skip_tracking":false,"_monsterinsights_sitenote_active":false,"_monsterinsights_sitenote_note":"","_monsterinsights_sitenote_category":0,"footnotes":""},"categories":[4],"tags":[16,25,21],"class_list":["post-20031","post","type-post","status-publish","format-standard","hentry","category-skrivande","tag-dumheter","tag-kartan","tag-ord"],"_links":{"self":[{"href":"https:\/\/sven-ove.nu\/index.php?rest_route=\/wp\/v2\/posts\/20031","targetHints":{"allow":["GET"]}}],"collection":[{"href":"https:\/\/sven-ove.nu\/index.php?rest_route=\/wp\/v2\/posts"}],"about":[{"href":"https:\/\/sven-ove.nu\/index.php?rest_route=\/wp\/v2\/types\/post"}],"author":[{"embeddable":true,"href":"https:\/\/sven-ove.nu\/index.php?rest_route=\/wp\/v2\/users\/1"}],"replies":[{"embeddable":true,"href":"https:\/\/sven-ove.nu\/index.php?rest_route=%2Fwp%2Fv2%2Fcomments&post=20031"}],"version-history":[{"count":8,"href":"https:\/\/sven-ove.nu\/index.php?rest_route=\/wp\/v2\/posts\/20031\/revisions"}],"predecessor-version":[{"id":20041,"href":"https:\/\/sven-ove.nu\/index.php?rest_route=\/wp\/v2\/posts\/20031\/revisions\/20041"}],"wp:attachment":[{"href":"https:\/\/sven-ove.nu\/index.php?rest_route=%2Fwp%2Fv2%2Fmedia&parent=20031"}],"wp:term":[{"taxonomy":"category","embeddable":true,"href":"https:\/\/sven-ove.nu\/index.php?rest_route=%2Fwp%2Fv2%2Fcategories&post=20031"},{"taxonomy":"post_tag","embeddable":true,"href":"https:\/\/sven-ove.nu\/index.php?rest_route=%2Fwp%2Fv2%2Ftags&post=20031"}],"curies":[{"name":"wp","href":"https:\/\/api.w.org\/{rel}","templated":true}]}}