{"id":2010,"date":"2012-05-02T04:59:23","date_gmt":"2012-05-02T03:59:23","guid":{"rendered":"http:\/\/sven-ove.nu\/?p=2010"},"modified":"2012-05-02T04:58:35","modified_gmt":"2012-05-02T03:58:35","slug":"knappar-knatter-och-spokrost","status":"publish","type":"post","link":"https:\/\/sven-ove.nu\/?p=2010","title":{"rendered":"Knappar, knatter och sp\u00f6kr\u00f6st"},"content":{"rendered":"<p>En g\u00e5ng fanns <a href=\"http:\/\/sv.wikipedia.org\/wiki\/Tio_i_topp\">Tio i topp<\/a>. Radio-programmet med topplistan som styrde v\u00e5ra unga liv och v\u00e5r smak. F\u00f6rst lyssnade vi p\u00e5 l\u00e5ten, sedan p\u00e5 knattret n\u00e4r de lyckligt utvalda fick r\u00f6sta, sedan p\u00e5 sp\u00f6kr\u00f6sten som ber\u00e4ttade hur m\u00e5nga r\u00f6ster l\u00e5ten f\u00e5tt. Jag k\u00e4nner en som var med och r\u00f6stade n\u00e4r programmet kom till Hagfors. Stort.<\/p>\n<p>Veckan efter\u00e5t l\u00e4ste vi i Bildjournalen om gruppen som vann.<\/p>\n<p>Ungdomarna i juryerna hade <a href=\"http:\/\/sverigesradio.se\/sida\/artikel.aspx?programid=1602&amp;artikel=802701\">mentometerknappar<\/a> att r\u00f6sta med. Sin tids gilla-knapp i direkts\u00e4ndning. Just s\u00e5 \u00e4r det att driva en blogg med gilla-knapp. Varje dag kan du r\u00e4kna in dina l\u00e4sares knapptryckningar i realtid om du vill. Knatter finns inget och sp\u00f6kr\u00f6st f\u00e5r du vara sj\u00e4lv:<\/p>\n<p style=\"padding-left: 30px;\"><em>Sorgsenhet n\u00e4r Lillemor Arvidsson d\u00f6r, 17 r\u00f6ster.<br \/>\n<\/em><em>Stor\u00f6gd f\u00f6rundran \u00f6ver \u00e4nnu en bl\u00e5sippsv\u00e5r, 21 r\u00f6ster.<br \/>\n<\/em><em>Bitter ilska \u00f6ver det europeiska klassamh\u00e4llets utslagning av inflyttade st\u00e4derskor, 33 r\u00f6ster.<\/em><\/p>\n<p>Jag tycker s\u00e5 mycket om de d\u00e4r knapptryckningarna och delningarna. K\u00e4nner s\u00e5dan respekt inf\u00f6r vad som gillas och inte gillas.<\/p>\n<p><em>Jamen, skriv bra varenda g\u00e5ng d\u00e5, g\u00f4bbe!<\/em><\/p>\n<p><a href=\"https:\/\/sven-ove.nu\/wp-content\/uploads\/2012\/05\/Du-gillar7.jpg\"><img loading=\"lazy\" decoding=\"async\" class=\"alignright size-full wp-image-2028\" title=\"Du gillar\" src=\"https:\/\/sven-ove.nu\/wp-content\/uploads\/2012\/05\/Du-gillar7.jpg\" alt=\"\" width=\"231\" height=\"111\" \/><\/a>Riktigt s\u00e5 enkelt \u00e4r det inte. Ibland kr\u00e4vs det distans f\u00f6r att se vad som ska bli bra. Ibland har vi helt enkelt olika smak. Det f\u00e5r man ocks\u00e5 respektera. Dessutom l\u00e4gger jag inte ner mycket tid p\u00e5 att sprida bloggen. Det finns annat som \u00e4r viktigare i livet.<\/p>\n<p>En sak har jag f\u00e5tt bekr\u00e4ftad de senaste veckorna. Du ska skriva personligt om folk ska l\u00e4sa. Det visste jag f\u00f6rut, fast inte att det var s\u00e5 v\u00e4ldigt tydligt avg\u00f6rande.<\/p>\n<p>*<\/p>\n<p>Vi gick inte p\u00e5 f\u00f6rsta maj-m\u00f6tet i \u00e5r. Jag klarar inte <strong>godisregn<\/strong>. Den starkes seger \u00f6ver den svage. Det \u00e4r det minst arbetarr\u00f6relsem\u00e4ssiga jag vet.<\/p>\n<p>Syftet var s\u00e4kert gott. Det \u00e4r goda m\u00e4nniskor som ordnade det, folk som jag g\u00e4rna hamnar p\u00e5 en \u00f6de \u00f6 med. Resultatet \u2013 \u00e4r \u00e4nd\u00e5 som vilket \u00f6r\u00e5d som helst:<br \/>\n<em><br \/>\n\u201dDu duger inte. Du fick inget. Du var f\u00f6r klen. Hej d\u00e5\u201d.<\/em><\/p>\n","protected":false},"excerpt":{"rendered":"<p>En g\u00e5ng fanns Tio i topp. Radio-programmet med topplistan som styrde v\u00e5ra unga liv och v\u00e5r smak. F\u00f6rst lyssnade vi p\u00e5 l\u00e5ten, sedan p\u00e5 knattret n\u00e4r de lyckligt utvalda fick r\u00f6sta, sedan p\u00e5 sp\u00f6kr\u00f6sten som ber\u00e4ttade hur m\u00e5nga r\u00f6ster l\u00e5ten f\u00e5tt. Jag k\u00e4nner en som var med och r\u00f6stade n\u00e4r programmet kom till Hagfors. Stort. &hellip; <a href=\"https:\/\/sven-ove.nu\/?p=2010\" class=\"more-link\">Forts\u00e4tt l\u00e4sa <span class=\"screen-reader-text\">Knappar, knatter och sp\u00f6kr\u00f6st<\/span><\/a><\/p>\n","protected":false},"author":1,"featured_media":0,"comment_status":"open","ping_status":"open","sticky":false,"template":"","format":"standard","meta":{"_crdt_document":"","_monsterinsights_skip_tracking":false,"_monsterinsights_sitenote_active":false,"_monsterinsights_sitenote_note":"","_monsterinsights_sitenote_category":0,"footnotes":""},"categories":[4],"tags":[17],"class_list":["post-2010","post","type-post","status-publish","format-standard","hentry","category-skrivande","tag-solidaritet"],"_links":{"self":[{"href":"https:\/\/sven-ove.nu\/index.php?rest_route=\/wp\/v2\/posts\/2010","targetHints":{"allow":["GET"]}}],"collection":[{"href":"https:\/\/sven-ove.nu\/index.php?rest_route=\/wp\/v2\/posts"}],"about":[{"href":"https:\/\/sven-ove.nu\/index.php?rest_route=\/wp\/v2\/types\/post"}],"author":[{"embeddable":true,"href":"https:\/\/sven-ove.nu\/index.php?rest_route=\/wp\/v2\/users\/1"}],"replies":[{"embeddable":true,"href":"https:\/\/sven-ove.nu\/index.php?rest_route=%2Fwp%2Fv2%2Fcomments&post=2010"}],"version-history":[{"count":15,"href":"https:\/\/sven-ove.nu\/index.php?rest_route=\/wp\/v2\/posts\/2010\/revisions"}],"predecessor-version":[{"id":2034,"href":"https:\/\/sven-ove.nu\/index.php?rest_route=\/wp\/v2\/posts\/2010\/revisions\/2034"}],"wp:attachment":[{"href":"https:\/\/sven-ove.nu\/index.php?rest_route=%2Fwp%2Fv2%2Fmedia&parent=2010"}],"wp:term":[{"taxonomy":"category","embeddable":true,"href":"https:\/\/sven-ove.nu\/index.php?rest_route=%2Fwp%2Fv2%2Fcategories&post=2010"},{"taxonomy":"post_tag","embeddable":true,"href":"https:\/\/sven-ove.nu\/index.php?rest_route=%2Fwp%2Fv2%2Ftags&post=2010"}],"curies":[{"name":"wp","href":"https:\/\/api.w.org\/{rel}","templated":true}]}}