{"id":20169,"date":"2018-11-15T03:58:07","date_gmt":"2018-11-15T02:58:07","guid":{"rendered":"http:\/\/sven-ove.nu\/?p=20169"},"modified":"2018-11-15T06:45:10","modified_gmt":"2018-11-15T05:45:10","slug":"jubileet-fortsatter","status":"publish","type":"post","link":"https:\/\/sven-ove.nu\/?p=20169","title":{"rendered":"Jubileet forts\u00e4tter"},"content":{"rendered":"<blockquote><p><span style=\"color: #000000; font-size: 20px; font-weight: 400;\">I morgon fyller bloggen \u00e5r. H\u00e4r \u00e4r jubileumsskrift nummer tv\u00e5. Tjugofem dikter av v\u00e5r l\u00e4tt lyriske medarbetare, Viktor Root, f\u00f6r f\u00f6rsta g\u00e5ngen samlade i ett h\u00e4fte.\u00a0Klicka p\u00e5 l\u00e4nken, l\u00e4s och skriv g\u00e4rna ut. Tjohoo!<\/span><\/p><\/blockquote>\n<p><a href=\"https:\/\/sven-ove.nu\/wp-content\/uploads\/2018\/11\/Front-Sanningen.001.jpg\"><img loading=\"lazy\" decoding=\"async\" class=\"size-medium wp-image-20171 alignnone\" src=\"https:\/\/sven-ove.nu\/wp-content\/uploads\/2018\/11\/Front-Sanningen.001-226x300.jpg\" alt=\"\" width=\"226\" height=\"300\" srcset=\"https:\/\/sven-ove.nu\/wp-content\/uploads\/2018\/11\/Front-Sanningen.001-226x300.jpg 226w, https:\/\/sven-ove.nu\/wp-content\/uploads\/2018\/11\/Front-Sanningen.001.jpg 466w\" sizes=\"auto, (max-width: 226px) 100vw, 226px\" \/><\/a><\/p>\n<p><strong><span style=\"color: #3366ff;\"><a style=\"color: #3366ff;\" href=\"https:\/\/sven-ove.nu\/wp-content\/uploads\/2018\/11\/Sanningen-25.pdf\">Sanningen<br \/>\n&#8211; 25 dikter fr\u00e5n en bit in i skogen<\/a><\/span><\/strong><\/p>\n<h2>Sanningen om en pseudonym<\/h2>\n<p>Det h\u00e4nde sig att jag fick ansvaret f\u00f6r l\u00e4tta sidan p\u00e5 den lilla tidningen V\u00e4rmlands-Bygden. Efter ett tag tyckte b\u00e5de l\u00e4sekretsen och jag sj\u00e4lv att det s\u00e5g dumt ut med mitt namn under allting. K\u00e5serier, sk\u00e4mtteckningar, dagsverser \u2013 \u00f6verallt stod det Sven-Ove Svensson. D\u00e5 d\u00f6pte jag om tecknaren till Persson och dagsverspoeten till Viktor Root.<\/p>\n<p>Var jag nu fick de namnen ifr\u00e5n.<\/p>\n<p>Efter ett tag blev Viktor s\u00e5 verklig f\u00f6r familjen, att n\u00e4r en \u00e4ldre herre fr\u00e5n Deje ibland ringde trodde barnen det var Viktor Root. N\u00e4r jag stod p\u00e5 scenen och l\u00e4ste hans verser trodde jag sj\u00e4lv att jag var han.<\/p>\n<p>Klicka p\u00e5 l\u00e4nken ovan om du vill l\u00e4sa Viktors dikter, f\u00f6r f\u00f6rsta g\u00e5ngen samlade i ett brett urval f\u00f6r utskrift.<\/p>\n<p><a href=\"https:\/\/sven-ove.nu\/wp-content\/uploads\/2018\/11\/Vinjett-Jubileum.png\"><img loading=\"lazy\" decoding=\"async\" class=\"size-full wp-image-20122 alignnone\" src=\"https:\/\/sven-ove.nu\/wp-content\/uploads\/2018\/11\/Vinjett-Jubileum.png\" alt=\"\" width=\"234\" height=\"65\" \/><\/a><\/p>\n<p>L\u00e4s mer om jubilerande Svenssons sl\u00e4ng:<br \/>\n<span style=\"color: #3366ff;\"><a style=\"color: #3366ff;\" href=\"https:\/\/sven-ove.nu\/?p=20154\"><strong>7 \u00e5rs kl\u00e5da<\/strong><\/a><\/span><\/p>\n<p>L\u00e4nk direkt till f\u00f6rsta jubileumsskriften, femton favoriter fr\u00e5n bloggen, klara f\u00f6r utskrift:<br \/>\n<span style=\"color: #3366ff;\"><strong><a style=\"color: #3366ff;\" href=\"https:\/\/sven-ove.nu\/wp-content\/uploads\/2018\/11\/Hur-mycket-hade-mamma-varit-v\u00e4rd-1.pdf\">H<\/a><\/strong><strong><a style=\"color: #3366ff;\" href=\"https:\/\/sven-ove.nu\/wp-content\/uploads\/2018\/11\/Hur-mycket-hade-mamma-varit-v\u00e4rd-1.pdf\">ur mycket hade mamma varit v\u00e4rd?<br \/>\n\u2013 femton favoriter fr\u00e5n de sju \u00e5ren<\/a><\/strong><\/span><\/p>\n<p><span style=\"color: #0000ff;\"><a style=\"color: #0000ff;\" href=\"https:\/\/sven-ove.nu\/\">Hem<\/a><\/span>\u00a0|\u00a0<span style=\"color: #0000ff;\"><a style=\"color: #0000ff;\" href=\"https:\/\/sven-ove.nu\/?page_id=170\">Om mig<\/a><\/span>\u00a0|\u00a0<span style=\"color: #0000ff;\"><a style=\"color: #0000ff;\" href=\"https:\/\/sven-ove.nu\/?page_id=1385\">Skriva &amp; prata<\/a><\/span>\u00a0|\u00a0<span style=\"color: #0000ff;\"><a style=\"color: #0000ff;\" href=\"https:\/\/sven-ove.nu\/?page_id=100\">Politik<\/a><\/span>\u00a0|\u00a0<span style=\"color: #0000ff;\"><a style=\"color: #0000ff;\" href=\"https:\/\/sven-ove.nu\/?page_id=102\">L\u00f6pa<\/a><\/span>\u00a0|\u00a0<span style=\"color: #0000ff;\"><a style=\"color: #0000ff;\" href=\"https:\/\/sven-ove.nu\/?page_id=108\">Viktor Root<\/a><\/span><br \/>\n<em>Inl\u00e4gg nr 1\u00a0886. (c) Sven-Ove Svensson (men dela g\u00e4rna)<\/em><\/p>\n","protected":false},"excerpt":{"rendered":"<p>I morgon fyller bloggen \u00e5r. H\u00e4r \u00e4r jubileumsskrift nummer tv\u00e5. Tjugofem dikter av v\u00e5r l\u00e4tt lyriske medarbetare, Viktor Root, f\u00f6r f\u00f6rsta g\u00e5ngen samlade i ett h\u00e4fte.\u00a0Klicka p\u00e5 l\u00e4nken, l\u00e4s och skriv g\u00e4rna ut. Tjohoo! Sanningen &#8211; 25 dikter fr\u00e5n en bit in i skogen Sanningen om en pseudonym Det h\u00e4nde sig att jag fick ansvaret &hellip; <a href=\"https:\/\/sven-ove.nu\/?p=20169\" class=\"more-link\">Forts\u00e4tt l\u00e4sa <span class=\"screen-reader-text\">Jubileet forts\u00e4tter<\/span><\/a><\/p>\n","protected":false},"author":1,"featured_media":0,"comment_status":"open","ping_status":"open","sticky":false,"template":"","format":"standard","meta":{"_crdt_document":"","_monsterinsights_skip_tracking":false,"_monsterinsights_sitenote_active":false,"_monsterinsights_sitenote_note":"","_monsterinsights_sitenote_category":0,"footnotes":""},"categories":[4,11],"tags":[8,14],"class_list":["post-20169","post","type-post","status-publish","format-standard","hentry","category-skrivande","category-viktor-root","tag-historia","tag-lasning"],"_links":{"self":[{"href":"https:\/\/sven-ove.nu\/index.php?rest_route=\/wp\/v2\/posts\/20169","targetHints":{"allow":["GET"]}}],"collection":[{"href":"https:\/\/sven-ove.nu\/index.php?rest_route=\/wp\/v2\/posts"}],"about":[{"href":"https:\/\/sven-ove.nu\/index.php?rest_route=\/wp\/v2\/types\/post"}],"author":[{"embeddable":true,"href":"https:\/\/sven-ove.nu\/index.php?rest_route=\/wp\/v2\/users\/1"}],"replies":[{"embeddable":true,"href":"https:\/\/sven-ove.nu\/index.php?rest_route=%2Fwp%2Fv2%2Fcomments&post=20169"}],"version-history":[{"count":28,"href":"https:\/\/sven-ove.nu\/index.php?rest_route=\/wp\/v2\/posts\/20169\/revisions"}],"predecessor-version":[{"id":20202,"href":"https:\/\/sven-ove.nu\/index.php?rest_route=\/wp\/v2\/posts\/20169\/revisions\/20202"}],"wp:attachment":[{"href":"https:\/\/sven-ove.nu\/index.php?rest_route=%2Fwp%2Fv2%2Fmedia&parent=20169"}],"wp:term":[{"taxonomy":"category","embeddable":true,"href":"https:\/\/sven-ove.nu\/index.php?rest_route=%2Fwp%2Fv2%2Fcategories&post=20169"},{"taxonomy":"post_tag","embeddable":true,"href":"https:\/\/sven-ove.nu\/index.php?rest_route=%2Fwp%2Fv2%2Ftags&post=20169"}],"curies":[{"name":"wp","href":"https:\/\/api.w.org\/{rel}","templated":true}]}}