{"id":20298,"date":"2018-12-05T03:49:28","date_gmt":"2018-12-05T02:49:28","guid":{"rendered":"http:\/\/sven-ove.nu\/?p=20298"},"modified":"2018-12-04T09:04:21","modified_gmt":"2018-12-04T08:04:21","slug":"karlek-vid-andra-ogonkastet","status":"publish","type":"post","link":"https:\/\/sven-ove.nu\/?p=20298","title":{"rendered":"K\u00e4rlek vid andra \u00f6gonkastet"},"content":{"rendered":"<p><a href=\"https:\/\/sven-ove.nu\/wp-content\/uploads\/2018\/12\/Tiberg-F\u00e5glar-i-f\u00e4lt.jpg\"><img loading=\"lazy\" decoding=\"async\" class=\"size-large wp-image-20300 alignnone\" src=\"https:\/\/sven-ove.nu\/wp-content\/uploads\/2018\/12\/Tiberg-F\u00e5glar-i-f\u00e4lt-1024x1024.jpg\" alt=\"\" width=\"660\" height=\"660\" srcset=\"https:\/\/sven-ove.nu\/wp-content\/uploads\/2018\/12\/Tiberg-F\u00e5glar-i-f\u00e4lt-1024x1024.jpg 1024w, https:\/\/sven-ove.nu\/wp-content\/uploads\/2018\/12\/Tiberg-F\u00e5glar-i-f\u00e4lt-150x150.jpg 150w, https:\/\/sven-ove.nu\/wp-content\/uploads\/2018\/12\/Tiberg-F\u00e5glar-i-f\u00e4lt-300x300.jpg 300w, https:\/\/sven-ove.nu\/wp-content\/uploads\/2018\/12\/Tiberg-F\u00e5glar-i-f\u00e4lt-768x768.jpg 768w, https:\/\/sven-ove.nu\/wp-content\/uploads\/2018\/12\/Tiberg-F\u00e5glar-i-f\u00e4lt.jpg 1280w\" sizes=\"auto, (max-width: 660px) 100vw, 660px\" \/><\/a><\/p>\n<blockquote><p>Tror jag p\u00e5 k\u00e4rlek vid f\u00f6rsta \u00f6gonkastet? Ja, \u00e5tminstone n\u00e4r det g\u00e4ller b\u00f6cker.<br \/>\nFast med denna var det tv\u00e4rt om.<\/p><\/blockquote>\n<p>Varf\u00f6r skulle jag annars st\u00e5 i bokhandel och p\u00e5 bibliotek och l\u00e4sa f\u00f6rstameningar om jag inte trodde? Varf\u00f6r skulle jag ta till Sara Lidmans gamla knep och bl\u00e4ddra fram slumpm\u00e4ssigt vald sida och l\u00e4sa f\u00f6rsta b\u00e4sta stycke d\u00e4r? Jag vet ju att ibland s\u00e4ger det klick.<\/p>\n<p>Direkt.<\/p>\n<p>Nu \u00e4r det emellertid drygt 60 \u00e5r sedan jag l\u00e4rde mig l\u00e4sa. D\u00e5 har man hunnit l\u00e4ra sig att det inte \u00e4r vackrast omslag som vinner. Inte alltid b\u00e4sta f\u00f6rstamening eller mest sp\u00e4nnande slumpmening n\u00e5gonstans inuti heller. En del lyckas inte leva upp till f\u00f6rsta f\u00f6rtjusningen.<\/p>\n<p><strong>D\u00e5 teg jag artigt<br \/>\n<\/strong>Med Joar Tibergs bok <strong>F\u00e5glar i f\u00e4rg\u00a0<\/strong>\u00e4r det precis tv\u00e4rtom. Saken \u00e4r den att jag f\u00f6ljde med min v\u00e4n B p\u00e5 v\u00e4rml\u00e4ndsk bokfestival h\u00e4rom helgen. Givetvis klev vi fram till v\u00e5ra v\u00e4nner, Heidruns f\u00f6rlag. D\u00e4r b\u00f6rjade B bl\u00e4ddra i Tibergs bok med de sk\u00f6nlitter\u00e4ra f\u00e5gelbetraktelserna. Strax d\u00e4rp\u00e5 var den k\u00f6pt. Jag \u00e4r en artig v\u00e4n och avsl\u00f6jade inte att jag sj\u00e4lv skaffat den f\u00f6r n\u00e5gra \u00e5r sedan och att den d\u00e5 studsade fort in i bokhyllan d\u00e4r hemma. Fort l\u00e4st, utan gl\u00e4djeskutt.<\/p>\n<p>N\u00e5gra dagar senare var det dags f\u00f6r morgonvandring. Vi \u00e4r tre \u00e4ldre herrar som stundom promenerar i skog och park. D\u00e5 kan det h\u00e4nda att n\u00e5gon av oss l\u00e4ser h\u00f6gt vid fikat.<\/p>\n<p>Nu tog B fram F\u00e5glar i f\u00e4rg och b\u00f6rjade l\u00e4sa. F\u00f6rst skruvade jag diskret p\u00e5 mig, men d\u00e5 h\u00e4nde n\u00e5got d\u00e4r vid Klar\u00e4lven. Texten fick liv, jag h\u00f6rde ju hur Tiberg kan sina svenska f\u00e5glar men ocks\u00e5 \u00e4r duktig p\u00e5 att gestalta dem.<\/p>\n<p><strong>Alltid en kr\u00e5kblick<br \/>\n<\/strong>Efter\u00e5t g\u00e5r jag till bokhyllan h\u00e4r hemma och letar fram den beh\u00e4ndiga volymen. Bl\u00e4ddrar slumpm\u00e4ssigt, k\u00e4nner spr\u00e5ket spraka.<\/p>\n<p>Nu d\u00e4remot s\u00e4ger det klick.<\/p>\n<p>Sidan 48:<br \/>\n<em>Man har alltid en kr\u00e5kblick p\u00e5 sig.<\/em><\/p>\n<p>Sidan 21:<br \/>\n<em>Han kom idag. Han jublar. Han jublar sin absolut enkla strof, tre stavelser, inte mer, och s\u00e5 lyfter han n\u00e5gra meter upp i den glasklara morgonen &#8211; och faller &#8211; leksaksflygplansaktigt, stelt, en papperssvala, ner i bj\u00f6rktoppen.<\/em><\/p>\n<p>Sidan 52:<br \/>\n<em>Man kanske g\u00e5r i n\u00e5n skog som har kn\u00e4ppt \u00f6versta knappen, den st\u00e5r och tiger och h\u00e4nger med armarna och vilar, vintervilar.<\/em><\/p>\n<p><em>D\u00e5 kommer alltid kungsf\u00e5glarna.<\/em><\/p>\n<p>Sidan 101:<br \/>\n<em>Morkullan syr samman dag och natt, var det en som sa, ocks\u00e5 detta \u00e4r sant och ger en vink om hennes r\u00e4ckvidd.<\/em><\/p>\n<p>Sidan 104:<br \/>\n<em>Kungs\u00f6rnen cirklar \u00f6ver tunet.<\/em><\/p>\n<p><em>Han \u00e4r utmarkens dr\u00f6nare, han ser allt vi g\u00f6r.<\/em><\/p>\n<p><span style=\"color: #0000ff;\"><a style=\"color: #0000ff;\" href=\"https:\/\/sven-ove.nu\/?page_id=170\">Om mig<\/a><\/span>\u00a0|\u00a0<span style=\"color: #0000ff;\"><a style=\"color: #0000ff;\" href=\"https:\/\/sven-ove.nu\/?p=20276\">Vi m\u00e5ste b\u00f6rja tala om klass<\/a><\/span><br \/>\n<em>Inl\u00e4gg nr 1\u00a0895. (c) Sven-Ove Svensson (men dela g\u00e4rna)<\/em><\/p>\n","protected":false},"excerpt":{"rendered":"<p>Tror jag p\u00e5 k\u00e4rlek vid f\u00f6rsta \u00f6gonkastet? Ja, \u00e5tminstone n\u00e4r det g\u00e4ller b\u00f6cker. Fast med denna var det tv\u00e4rt om. Varf\u00f6r skulle jag annars st\u00e5 i bokhandel och p\u00e5 bibliotek och l\u00e4sa f\u00f6rstameningar om jag inte trodde? Varf\u00f6r skulle jag ta till Sara Lidmans gamla knep och bl\u00e4ddra fram slumpm\u00e4ssigt vald sida och l\u00e4sa f\u00f6rsta &hellip; <a href=\"https:\/\/sven-ove.nu\/?p=20298\" class=\"more-link\">Forts\u00e4tt l\u00e4sa <span class=\"screen-reader-text\">K\u00e4rlek vid andra \u00f6gonkastet<\/span><\/a><\/p>\n","protected":false},"author":1,"featured_media":0,"comment_status":"open","ping_status":"open","sticky":false,"template":"","format":"standard","meta":{"_crdt_document":"","_monsterinsights_skip_tracking":false,"_monsterinsights_sitenote_active":false,"_monsterinsights_sitenote_note":"","_monsterinsights_sitenote_category":0,"footnotes":""},"categories":[6],"tags":[24,14,21],"class_list":["post-20298","post","type-post","status-publish","format-standard","hentry","category-natur","tag-karlek","tag-lasning","tag-ord"],"_links":{"self":[{"href":"https:\/\/sven-ove.nu\/index.php?rest_route=\/wp\/v2\/posts\/20298","targetHints":{"allow":["GET"]}}],"collection":[{"href":"https:\/\/sven-ove.nu\/index.php?rest_route=\/wp\/v2\/posts"}],"about":[{"href":"https:\/\/sven-ove.nu\/index.php?rest_route=\/wp\/v2\/types\/post"}],"author":[{"embeddable":true,"href":"https:\/\/sven-ove.nu\/index.php?rest_route=\/wp\/v2\/users\/1"}],"replies":[{"embeddable":true,"href":"https:\/\/sven-ove.nu\/index.php?rest_route=%2Fwp%2Fv2%2Fcomments&post=20298"}],"version-history":[{"count":7,"href":"https:\/\/sven-ove.nu\/index.php?rest_route=\/wp\/v2\/posts\/20298\/revisions"}],"predecessor-version":[{"id":20315,"href":"https:\/\/sven-ove.nu\/index.php?rest_route=\/wp\/v2\/posts\/20298\/revisions\/20315"}],"wp:attachment":[{"href":"https:\/\/sven-ove.nu\/index.php?rest_route=%2Fwp%2Fv2%2Fmedia&parent=20298"}],"wp:term":[{"taxonomy":"category","embeddable":true,"href":"https:\/\/sven-ove.nu\/index.php?rest_route=%2Fwp%2Fv2%2Fcategories&post=20298"},{"taxonomy":"post_tag","embeddable":true,"href":"https:\/\/sven-ove.nu\/index.php?rest_route=%2Fwp%2Fv2%2Ftags&post=20298"}],"curies":[{"name":"wp","href":"https:\/\/api.w.org\/{rel}","templated":true}]}}