{"id":20324,"date":"2018-12-13T09:00:14","date_gmt":"2018-12-13T08:00:14","guid":{"rendered":"http:\/\/sven-ove.nu\/?p=20324"},"modified":"2018-12-13T09:17:08","modified_gmt":"2018-12-13T08:17:08","slug":"vet-du-att-det-ar-darfor-vi-finns","status":"publish","type":"post","link":"https:\/\/sven-ove.nu\/?p=20324","title":{"rendered":"Vet du varf\u00f6r vi finns?"},"content":{"rendered":"<p><a href=\"https:\/\/sven-ove.nu\/wp-content\/uploads\/2018\/12\/Regn-p\u00e5-rutan-1.jpg\"><img loading=\"lazy\" decoding=\"async\" class=\"size-large wp-image-20328 alignnone\" src=\"https:\/\/sven-ove.nu\/wp-content\/uploads\/2018\/12\/Regn-p\u00e5-rutan-1-1024x682.jpg\" alt=\"\" width=\"660\" height=\"440\" srcset=\"https:\/\/sven-ove.nu\/wp-content\/uploads\/2018\/12\/Regn-p\u00e5-rutan-1-1024x682.jpg 1024w, https:\/\/sven-ove.nu\/wp-content\/uploads\/2018\/12\/Regn-p\u00e5-rutan-1-300x200.jpg 300w, https:\/\/sven-ove.nu\/wp-content\/uploads\/2018\/12\/Regn-p\u00e5-rutan-1-768x512.jpg 768w, https:\/\/sven-ove.nu\/wp-content\/uploads\/2018\/12\/Regn-p\u00e5-rutan-1.jpg 1246w\" sizes=\"auto, (max-width: 660px) 100vw, 660px\" \/><\/a><\/p>\n<p>Det \u00e4r n\u00e5gonting med vatten.<\/p>\n<p>Sn\u00f6 som l\u00e4gger sig sju centimeter tjock p\u00e5 paradis\u00e4ppeltr\u00e4dets grenar och ger volym \u00e5t hela Bergslagsomr\u00e5det och Nordv\u00e4stra Svealand. Istappar som droppar och bl\u00e4nker i eftermiddagssolen. Vindrutetorkare som g\u00e5r ig\u00e5ng per automatik.<\/p>\n<p>Vattenglaset bredvid r\u00f6dvinet och stearinljusen p\u00e5 Loka Brunn. Kallpoolen p\u00e5 10 grader i <a href=\"http:\/\/www.lokabrunn.se\"><span style=\"color: #0000ff;\">vattensalongen<\/span><\/a> d\u00e4r, simma under kristallkronorna, s\u00e4tta barfota sp\u00e5r i sn\u00f6n n\u00e4r du tassar ut till utomhusbass\u00e4ngen i januari.<\/p>\n<p>Ljudet av v\u00e5rvinter i mars n\u00e4r skaren b\u00e4r dina skidor kilometer efter kilometer i or\u00f6rt frasande glitter. Vita v\u00e5gtoppar i november n\u00e4r V\u00e4nern tr\u00e4nar <span style=\"color: #0000ff;\"><a style=\"color: #0000ff;\" href=\"http:\/\/www.instagub.com\/post\/1875227153617343895_5393671202\">tackling<\/a><\/span> mot Hammar\u00f6 sydspets. Sm\u00e4ltb\u00e4ckar, lerp\u00f6lar, diskvatten. Bj\u00f6rkar som dricker 400 liter en solig sommardag. Skr\u00e4ddarna i v\u00e5r b\u00e4ck som r\u00e4knar r\u00e4tt p\u00e5 ytsp\u00e4nningen en dag till.<\/p>\n<p>Salta droppar i ansiktet n\u00e4r jag blir r\u00f6rd av ett pinsamt tv-program. T\u00e5rar p\u00e5 den k\u00e4ra v\u00e4nnens kind n\u00e4r vi promenerar sekundmeter efter sekundmeter p\u00e5 en fj\u00e4llsluttning i <span style=\"color: #0000ff;\"><a style=\"color: #0000ff;\" href=\"https:\/\/www.flickr.com\/photos\/trysil\/6119905181\">Fager\u00e5sen<\/a>,<\/span> Trysil. V\u00e5tmark som m\u00e5ste passeras vid s\u00e4songens f\u00f6rsta tr\u00e4ningsorientering. Regn i ansiktet som sm\u00e5spik n\u00e4r jag springer \u00f6ver \u00e4ngen f\u00f6r femte g\u00e5ngen en vecka i juli. Tredje v\u00e4tskekontrollen p\u00e5 <span style=\"color: #0000ff;\"><a style=\"color: #0000ff;\" href=\"http:\/\/www.lidingoloppet.se\">Liding\u00f6loppet<\/a>,<\/span> den vid F\u00e5gel\u00f6udde<\/p>\n<p>Svett p\u00e5 ryggen n\u00e4r livet satt spade eller fogsvans i min hand. Solig sandstrand i juli med barnbarn som kr\u00e4ver bad i den bl\u00e4nkande bl\u00f6tan en g\u00e5ng till och hur det badet k\u00e4nns som att komma hem.<\/p>\n<p>Det \u00e4r n\u00e5gonting med vatten.<\/p>\n<p><em><span style=\"color: #ff9900;\">###<\/span> Googla p\u00e5 varf\u00f6r vatten sjunker vid 4 grader plus.<br \/>\n<\/em><em><span style=\"color: #ff9900;\">###<\/span> Vet du att det \u00e4r d\u00e4rf\u00f6r vi finns?<\/em><\/p>\n<p><span style=\"color: #0000ff;\"><a style=\"color: #0000ff;\" href=\"https:\/\/sven-ove.nu\/?page_id=170\">Om mig<\/a><\/span>\u00a0|\u00a0<span style=\"color: #0000ff;\"><a style=\"color: #0000ff;\" href=\"https:\/\/sven-ove.nu\/?p=20276\">Vi m\u00e5ste b\u00f6rja tala om klass<\/a><\/span><br \/>\n<em>Inl\u00e4gg nr 1\u00a0898. (c) Sven-Ove Svensson (men dela g\u00e4rna)<\/em><\/p>\n","protected":false},"excerpt":{"rendered":"<p>Det \u00e4r n\u00e5gonting med vatten. Sn\u00f6 som l\u00e4gger sig sju centimeter tjock p\u00e5 paradis\u00e4ppeltr\u00e4dets grenar och ger volym \u00e5t hela Bergslagsomr\u00e5det och Nordv\u00e4stra Svealand. Istappar som droppar och bl\u00e4nker i eftermiddagssolen. Vindrutetorkare som g\u00e5r ig\u00e5ng per automatik. Vattenglaset bredvid r\u00f6dvinet och stearinljusen p\u00e5 Loka Brunn. Kallpoolen p\u00e5 10 grader i vattensalongen d\u00e4r, simma under kristallkronorna, &hellip; <a href=\"https:\/\/sven-ove.nu\/?p=20324\" class=\"more-link\">Forts\u00e4tt l\u00e4sa <span class=\"screen-reader-text\">Vet du varf\u00f6r vi finns?<\/span><\/a><\/p>\n","protected":false},"author":1,"featured_media":0,"comment_status":"open","ping_status":"open","sticky":false,"template":"","format":"standard","meta":{"_crdt_document":"","_monsterinsights_skip_tracking":false,"_monsterinsights_sitenote_active":false,"_monsterinsights_sitenote_note":"","_monsterinsights_sitenote_category":0,"footnotes":""},"categories":[6],"tags":[24],"class_list":["post-20324","post","type-post","status-publish","format-standard","hentry","category-natur","tag-karlek"],"_links":{"self":[{"href":"https:\/\/sven-ove.nu\/index.php?rest_route=\/wp\/v2\/posts\/20324","targetHints":{"allow":["GET"]}}],"collection":[{"href":"https:\/\/sven-ove.nu\/index.php?rest_route=\/wp\/v2\/posts"}],"about":[{"href":"https:\/\/sven-ove.nu\/index.php?rest_route=\/wp\/v2\/types\/post"}],"author":[{"embeddable":true,"href":"https:\/\/sven-ove.nu\/index.php?rest_route=\/wp\/v2\/users\/1"}],"replies":[{"embeddable":true,"href":"https:\/\/sven-ove.nu\/index.php?rest_route=%2Fwp%2Fv2%2Fcomments&post=20324"}],"version-history":[{"count":9,"href":"https:\/\/sven-ove.nu\/index.php?rest_route=\/wp\/v2\/posts\/20324\/revisions"}],"predecessor-version":[{"id":20335,"href":"https:\/\/sven-ove.nu\/index.php?rest_route=\/wp\/v2\/posts\/20324\/revisions\/20335"}],"wp:attachment":[{"href":"https:\/\/sven-ove.nu\/index.php?rest_route=%2Fwp%2Fv2%2Fmedia&parent=20324"}],"wp:term":[{"taxonomy":"category","embeddable":true,"href":"https:\/\/sven-ove.nu\/index.php?rest_route=%2Fwp%2Fv2%2Fcategories&post=20324"},{"taxonomy":"post_tag","embeddable":true,"href":"https:\/\/sven-ove.nu\/index.php?rest_route=%2Fwp%2Fv2%2Ftags&post=20324"}],"curies":[{"name":"wp","href":"https:\/\/api.w.org\/{rel}","templated":true}]}}