{"id":20349,"date":"2018-12-14T04:43:12","date_gmt":"2018-12-14T03:43:12","guid":{"rendered":"http:\/\/sven-ove.nu\/?p=20349"},"modified":"2018-12-20T11:49:57","modified_gmt":"2018-12-20T10:49:57","slug":"20349","status":"publish","type":"post","link":"https:\/\/sven-ove.nu\/?p=20349","title":{"rendered":"Ett alltm\u00f6jligt-inl\u00e4gg"},"content":{"rendered":"<p>Vad kallas det n\u00e4r n\u00e5gon har en sjuklig lust att springa sn\u00f6puls, helst p\u00e5 10 centimeter skare som inte b\u00e4r, helst varv efter varv p\u00e5 ett g\u00e4rde? <em>\/Fr\u00e5gar \u00e5t en v\u00e4n.<\/em><\/p>\n<p><a href=\"https:\/\/sven-ove.nu\/wp-content\/uploads\/2018\/12\/Sn\u00f6puls.jpg\"><img loading=\"lazy\" decoding=\"async\" class=\"size-medium wp-image-20360 alignnone\" src=\"https:\/\/sven-ove.nu\/wp-content\/uploads\/2018\/12\/Sn\u00f6puls-300x230.jpg\" alt=\"\" width=\"300\" height=\"230\" srcset=\"https:\/\/sven-ove.nu\/wp-content\/uploads\/2018\/12\/Sn\u00f6puls-300x230.jpg 300w, https:\/\/sven-ove.nu\/wp-content\/uploads\/2018\/12\/Sn\u00f6puls.jpg 640w\" sizes=\"auto, (max-width: 300px) 100vw, 300px\" \/><\/a><\/p>\n<p>Vad kallas det n\u00e4r v\u00e5ra h\u00f6gersta politiker f\u00e5r nej av v\u00e5ra n\u00e4st h\u00f6gersta politiker till att bilda regering, men n\u00e4r samma h\u00f6gersta g\u00e4ng strax d\u00e4rp\u00e5 f\u00e5r lov av dem att best\u00e4mma budgeten f\u00f6r den regering de inte fick bilda? F\u00e5r du l\u00e5sa fast en h\u00e5rd h\u00f6gerbudget \u00e5t en blivande regering du inte har en aning om hur den kommer att se ut? T\u00e4nk om det inte blir en servettregering? <em>\/Fr\u00e5gar \u00e5t en annan v\u00e4n.<\/em><\/p>\n<p>Om jag sj\u00e4lv ska svara kallas det f\u00f6rl\u00f6pning.<br \/>\nP\u00e5 fr\u00e5ga tv\u00e5.<br \/>\nSvaret p\u00e5 f\u00f6rsta fr\u00e5gan \u00e4r bra bel\u00f6ningscentrum. Jag gillar n\u00e4r det knarrar och knastrar.<\/p>\n<p><a href=\"https:\/\/sven-ove.nu\/wp-content\/uploads\/2018\/12\/F\u00f6rl\u00f6pning.001.jpg\"><img loading=\"lazy\" decoding=\"async\" class=\"size-full wp-image-20358 alignnone\" src=\"https:\/\/sven-ove.nu\/wp-content\/uploads\/2018\/12\/F\u00f6rl\u00f6pning.001.jpg\" alt=\"\" width=\"600\" height=\"258\" srcset=\"https:\/\/sven-ove.nu\/wp-content\/uploads\/2018\/12\/F\u00f6rl\u00f6pning.001.jpg 600w, https:\/\/sven-ove.nu\/wp-content\/uploads\/2018\/12\/F\u00f6rl\u00f6pning.001-300x129.jpg 300w\" sizes=\"auto, (max-width: 600px) 100vw, 600px\" \/><\/a><\/p>\n<p style=\"padding-left: 30px;\"><span style=\"color: #ff6600;\"><strong>***<\/strong><\/span><\/p>\n<p>Erik Evestam \u00e4r centerpartist. Han sitter i kommunstyrelsen i S\u00e4ffle och regionstyrelsen i V\u00e4rmland, en av Sveriges 38\u00a0000 lokalpolitiker. Nu har han tr\u00f6ttnat p\u00e5 sina kollegor p\u00e5 riksplanet.<\/p>\n<p>&#8211; Ni g\u00f6r inte ert jobb! skriver han i ett <a href=\"https:\/\/www.aftonbladet.se\/debatt\/a\/RxArv8\/ni-klarar-inte-av-ert-jobb--det-haller-inte\"><span style=\"color: #0000ff;\">debattinl\u00e4gg<\/span>\u00a0<\/a>i Aftonbladet.<\/p>\n<p style=\"padding-left: 30px;\"><em>\u201d\u2026 nu sitter vi h\u00e4r ute i regioner och kommuner. Och v\u00e4ntar. V\u00e5ra majoriteter \u00e4r bildade. De \u00e4r r\u00f6d-r\u00f6da, r\u00f6d-gr\u00f6na, bl\u00e5-gr\u00f6na, r\u00f6d-gr\u00f6n-rosa och alla nyanser d\u00e4remellan.<\/em><\/p>\n<p style=\"padding-left: 30px;\"><em>Vi har klarat av att hantera partiers uppg\u00e5ngar och fall, d\u00e4r gamla v\u00e4nskaper pr\u00f6vats och nya har tvingats att uppst\u00e5. En del har bytt sida \u00f6ver valet, n\u00e5gra har f\u00e5tt komma, andra har f\u00e5tt g\u00e5 och det kommer s\u00e5klart bli turbulent h\u00e4r och var. Det tillh\u00f6r demokratin.<\/em><\/p>\n<p style=\"padding-left: 30px;\"><em>Men vi \u00e4r nu 38 000 personer som valts till hundratals n\u00e4mnder och styrelser och de allra flesta av oss (runt 97 procent) har dessa uppdrag som en fritidssyssla. Vi har fattat nya budgetbeslut i viktiga fr\u00e5gor som skolan, kulturen, v\u00e5rden och fritiden. Och vi har gjort det utan att ha en aning om vad ni kommer att hitta p\u00e5 \u2013 eller n\u00e4r.<\/em><\/p>\n<p style=\"padding-left: 30px;\"><em>Det h\u00e4r imponerar inte. Inte alls. Trots att ni har s\u00f6kt \u2013 och f\u00e5tt \u2013 folkets f\u00f6rtroende att sitta p\u00e5 landets allra finaste politiska uppdrag och trots att ni \u00e4r omgivna av experter p\u00e5 alla t\u00e4nkbara politikomr\u00e5den, s\u00e5 klarar ni inte av att l\u00f6sa den f\u00f6rsta uppgift som lades p\u00e5 ert bord: att f\u00f6rvalta ett valresultat.\u201d<\/em><\/p>\n<p>Jag gillar Eriks inl\u00e4gg. Slutet \u00e4r r\u00e4tt tydligt fr\u00e5n valarbetare Evestam:<\/p>\n<p style=\"padding-left: 30px;\"><em>\u201dFixar ni inte till en regering s\u00e5 f\u00e5r ni fixa ert extraval p\u00e5 egen hand.\u201d<\/em><\/p>\n<p>Det du, Annie.<br \/>\nDet du, Stefan.<\/p>\n<p style=\"padding-left: 30px;\"><span style=\"color: #ff6600;\"><strong>***<\/strong><\/span><\/p>\n<p>\u00c5terbruk av textrutor jag lagt ut p\u00e5 Facebook:<\/p>\n<p><a href=\"https:\/\/sven-ove.nu\/wp-content\/uploads\/2018\/12\/Sk\u00e4rmavbild-2018-12-13-kl.-15.46.30.png\"><img loading=\"lazy\" decoding=\"async\" class=\"size-medium wp-image-20353 alignnone\" src=\"https:\/\/sven-ove.nu\/wp-content\/uploads\/2018\/12\/Sk\u00e4rmavbild-2018-12-13-kl.-15.46.30-300x207.png\" alt=\"\" width=\"300\" height=\"207\" srcset=\"https:\/\/sven-ove.nu\/wp-content\/uploads\/2018\/12\/Sk\u00e4rmavbild-2018-12-13-kl.-15.46.30-300x207.png 300w, https:\/\/sven-ove.nu\/wp-content\/uploads\/2018\/12\/Sk\u00e4rmavbild-2018-12-13-kl.-15.46.30.png 579w\" sizes=\"auto, (max-width: 300px) 100vw, 300px\" \/><\/a><\/p>\n<p><a href=\"https:\/\/sven-ove.nu\/wp-content\/uploads\/2018\/12\/Sk\u00e4rmavbild-2018-12-13-kl.-15.44.51.png\"><img loading=\"lazy\" decoding=\"async\" class=\"size-medium wp-image-20354 alignnone\" src=\"https:\/\/sven-ove.nu\/wp-content\/uploads\/2018\/12\/Sk\u00e4rmavbild-2018-12-13-kl.-15.44.51-300x206.png\" alt=\"\" width=\"300\" height=\"206\" srcset=\"https:\/\/sven-ove.nu\/wp-content\/uploads\/2018\/12\/Sk\u00e4rmavbild-2018-12-13-kl.-15.44.51-300x206.png 300w, https:\/\/sven-ove.nu\/wp-content\/uploads\/2018\/12\/Sk\u00e4rmavbild-2018-12-13-kl.-15.44.51.png 588w\" sizes=\"auto, (max-width: 300px) 100vw, 300px\" \/><\/a><\/p>\n<p><a href=\"https:\/\/sven-ove.nu\/wp-content\/uploads\/2018\/12\/Sk\u00e4rmavbild-2018-12-13-kl.-15.44.30.png\"><img loading=\"lazy\" decoding=\"async\" class=\"size-medium wp-image-20355 alignnone\" src=\"https:\/\/sven-ove.nu\/wp-content\/uploads\/2018\/12\/Sk\u00e4rmavbild-2018-12-13-kl.-15.44.30-300x206.png\" alt=\"\" width=\"300\" height=\"206\" srcset=\"https:\/\/sven-ove.nu\/wp-content\/uploads\/2018\/12\/Sk\u00e4rmavbild-2018-12-13-kl.-15.44.30-300x206.png 300w, https:\/\/sven-ove.nu\/wp-content\/uploads\/2018\/12\/Sk\u00e4rmavbild-2018-12-13-kl.-15.44.30.png 586w\" sizes=\"auto, (max-width: 300px) 100vw, 300px\" \/><\/a><\/p>\n<p style=\"padding-left: 30px;\"><span style=\"color: #ff6600;\"><strong>***<\/strong><\/span><\/p>\n<p>Varf\u00f6r \u00e4r det bara jag i hela v\u00e4rlden som tycker <em><strong>Gr\u00f6na Nej-likan<\/strong><\/em> \u00e4r ett roligt namn p\u00e5 en viss kvinnlig rikspolitiker som gillar att s\u00e4ga nej till statsministrar?<\/p>\n<p><em><span style=\"color: #ff6600;\"><strong>###<\/strong><\/span> Detta blev ett alltm\u00f6jligt-inl\u00e4gg. Allt m\u00f6jligt. L\u00e4gg till ett ord s\u00e5 \u00e4r allt m\u00f6jligt.<br \/>\n<\/em><em><span style=\"color: #ff6600;\"><strong>###<\/strong><\/span> Allt <strong>\u00e4r\u00a0<\/strong>m\u00f6jligt. Jag kan fortfarande bli v\u00e4rldsm\u00e4stare i marathon, fast d\u00e5 m\u00e5ste jag b\u00f6rja tr\u00e4na rationellt.<br \/>\n<\/em><em><span style=\"color: #ff6600;\"><strong>###<\/strong><\/span> Sverige kan fortfarande bli j\u00e4mst\u00e4llt och j\u00e4mlikt. Fast d\u00e5 m\u00e5ste Stefan L\u00f6fven b\u00f6rja tr\u00e4na rationellt.<\/em><em>\u00a0<\/em><\/p>\n<p><em>G\u00f6r\u2019t.<\/em><\/p>\n<p><span style=\"color: #0000ff;\"><a style=\"color: #0000ff;\" href=\"https:\/\/sven-ove.nu\/?page_id=170\">Om mig<\/a><\/span>\u00a0|\u00a0<span style=\"color: #0000ff;\"><a style=\"color: #0000ff;\" href=\"https:\/\/sven-ove.nu\/?p=20276\">Vi m\u00e5ste b\u00f6rja tala om klass<\/a><\/span><br \/>\n<em>Inl\u00e4gg nr 1\u00a0899. (c) Sven-Ove Svensson (men dela g\u00e4rna)<\/em><\/p>\n","protected":false},"excerpt":{"rendered":"<p>Vad kallas det n\u00e4r n\u00e5gon har en sjuklig lust att springa sn\u00f6puls, helst p\u00e5 10 centimeter skare som inte b\u00e4r, helst varv efter varv p\u00e5 ett g\u00e4rde? \/Fr\u00e5gar \u00e5t en v\u00e4n. Vad kallas det n\u00e4r v\u00e5ra h\u00f6gersta politiker f\u00e5r nej av v\u00e5ra n\u00e4st h\u00f6gersta politiker till att bilda regering, men n\u00e4r samma h\u00f6gersta g\u00e4ng strax &hellip; <a href=\"https:\/\/sven-ove.nu\/?p=20349\" class=\"more-link\">Forts\u00e4tt l\u00e4sa <span class=\"screen-reader-text\">Ett alltm\u00f6jligt-inl\u00e4gg<\/span><\/a><\/p>\n","protected":false},"author":1,"featured_media":0,"comment_status":"open","ping_status":"open","sticky":false,"template":"","format":"standard","meta":{"_crdt_document":"","_monsterinsights_skip_tracking":false,"_monsterinsights_sitenote_active":false,"_monsterinsights_sitenote_note":"","_monsterinsights_sitenote_category":0,"footnotes":""},"categories":[5,9],"tags":[14,21,13],"class_list":["post-20349","post","type-post","status-publish","format-standard","hentry","category-lopning","category-politik","tag-lasning","tag-ord","tag-utrustning"],"_links":{"self":[{"href":"https:\/\/sven-ove.nu\/index.php?rest_route=\/wp\/v2\/posts\/20349","targetHints":{"allow":["GET"]}}],"collection":[{"href":"https:\/\/sven-ove.nu\/index.php?rest_route=\/wp\/v2\/posts"}],"about":[{"href":"https:\/\/sven-ove.nu\/index.php?rest_route=\/wp\/v2\/types\/post"}],"author":[{"embeddable":true,"href":"https:\/\/sven-ove.nu\/index.php?rest_route=\/wp\/v2\/users\/1"}],"replies":[{"embeddable":true,"href":"https:\/\/sven-ove.nu\/index.php?rest_route=%2Fwp%2Fv2%2Fcomments&post=20349"}],"version-history":[{"count":8,"href":"https:\/\/sven-ove.nu\/index.php?rest_route=\/wp\/v2\/posts\/20349\/revisions"}],"predecessor-version":[{"id":20399,"href":"https:\/\/sven-ove.nu\/index.php?rest_route=\/wp\/v2\/posts\/20349\/revisions\/20399"}],"wp:attachment":[{"href":"https:\/\/sven-ove.nu\/index.php?rest_route=%2Fwp%2Fv2%2Fmedia&parent=20349"}],"wp:term":[{"taxonomy":"category","embeddable":true,"href":"https:\/\/sven-ove.nu\/index.php?rest_route=%2Fwp%2Fv2%2Fcategories&post=20349"},{"taxonomy":"post_tag","embeddable":true,"href":"https:\/\/sven-ove.nu\/index.php?rest_route=%2Fwp%2Fv2%2Ftags&post=20349"}],"curies":[{"name":"wp","href":"https:\/\/api.w.org\/{rel}","templated":true}]}}