{"id":20456,"date":"2019-01-06T04:38:09","date_gmt":"2019-01-06T03:38:09","guid":{"rendered":"http:\/\/sven-ove.nu\/?p=20456"},"modified":"2019-01-05T14:43:13","modified_gmt":"2019-01-05T13:43:13","slug":"de-arma-fornekarna","status":"publish","type":"post","link":"https:\/\/sven-ove.nu\/?p=20456","title":{"rendered":"De arma f\u00f6rnekarna"},"content":{"rendered":"<p>Jag t\u00e4nker p\u00e5 alla f\u00f6rnekarna. Klimatskeptikerna: vad f\u00f6rv\u00e5nade de ska bli n\u00e4r de blir bl\u00f6ta om f\u00f6tterna.<\/p>\n<p>De faktaresistenta: vad ledsna de ska bli n\u00e4r det inte har f\u00f6tts 10 miljoner muslimer i landet \u00e5r 2030.<\/p>\n<p>Eleverna fr\u00e5n Livets H\u00e5rda Skola: vad snopet n\u00e4r budgeten som SD hj\u00e4lpte fram b\u00f6rjar sl\u00e5 allra h\u00e5rdast just mot dem.<\/p>\n<p><em><span style=\"color: #ff9900;\">###<\/span> Jag som inte gillar att vara skadeglad.<br \/>\n<\/em><em><span style=\"color: #ff9900;\">###<\/span> Dret ocks\u00e5.<\/em><\/p>\n<p><span style=\"color: #0000ff;\"><a style=\"color: #0000ff;\" href=\"https:\/\/sven-ove.nu\/\">Hem<\/a><\/span>\u00a0|\u00a0<a href=\"https:\/\/sven-ove.nu\/?page_id=170\"><span style=\"color: #0000ff;\">Om mig<\/span><\/a>\u00a0|\u00a0<a href=\"https:\/\/sven-ove.nu\/?page_id=1385\"><span style=\"color: #0000ff;\">Skriva &amp; prata<\/span><\/a>\u00a0|\u00a0<span style=\"color: #0000ff;\"><a style=\"color: #0000ff;\" href=\"https:\/\/sven-ove.nu\/?page_id=100\">Politik<\/a><\/span>\u00a0|\u00a0<span style=\"color: #0000ff;\"><a style=\"color: #0000ff;\" href=\"https:\/\/sven-ove.nu\/?page_id=102\">L\u00f6pa<\/a><\/span>\u00a0|\u00a0<span style=\"color: #0000ff;\"><a style=\"color: #0000ff;\" href=\"https:\/\/sven-ove.nu\/?page_id=108\">Viktor Root<\/a><\/span><br \/>\n<em>Inl\u00e4gg nr 1\u00a0908. (c) Sven-Ove Svensson (men dela g\u00e4rna) <\/em><\/p>\n","protected":false},"excerpt":{"rendered":"<p>Jag t\u00e4nker p\u00e5 alla f\u00f6rnekarna. Klimatskeptikerna: vad f\u00f6rv\u00e5nade de ska bli n\u00e4r de blir bl\u00f6ta om f\u00f6tterna. De faktaresistenta: vad ledsna de ska bli n\u00e4r det inte har f\u00f6tts 10 miljoner muslimer i landet \u00e5r 2030. Eleverna fr\u00e5n Livets H\u00e5rda Skola: vad snopet n\u00e4r budgeten som SD hj\u00e4lpte fram b\u00f6rjar sl\u00e5 allra h\u00e5rdast just mot &hellip; <a href=\"https:\/\/sven-ove.nu\/?p=20456\" class=\"more-link\">Forts\u00e4tt l\u00e4sa <span class=\"screen-reader-text\">De arma f\u00f6rnekarna<\/span><\/a><\/p>\n","protected":false},"author":1,"featured_media":20459,"comment_status":"open","ping_status":"open","sticky":false,"template":"","format":"standard","meta":{"_crdt_document":"","_monsterinsights_skip_tracking":false,"_monsterinsights_sitenote_active":false,"_monsterinsights_sitenote_note":"","_monsterinsights_sitenote_category":0,"footnotes":""},"categories":[9],"tags":[16],"class_list":["post-20456","post","type-post","status-publish","format-standard","has-post-thumbnail","hentry","category-politik","tag-dumheter"],"_links":{"self":[{"href":"https:\/\/sven-ove.nu\/index.php?rest_route=\/wp\/v2\/posts\/20456","targetHints":{"allow":["GET"]}}],"collection":[{"href":"https:\/\/sven-ove.nu\/index.php?rest_route=\/wp\/v2\/posts"}],"about":[{"href":"https:\/\/sven-ove.nu\/index.php?rest_route=\/wp\/v2\/types\/post"}],"author":[{"embeddable":true,"href":"https:\/\/sven-ove.nu\/index.php?rest_route=\/wp\/v2\/users\/1"}],"replies":[{"embeddable":true,"href":"https:\/\/sven-ove.nu\/index.php?rest_route=%2Fwp%2Fv2%2Fcomments&post=20456"}],"version-history":[{"count":3,"href":"https:\/\/sven-ove.nu\/index.php?rest_route=\/wp\/v2\/posts\/20456\/revisions"}],"predecessor-version":[{"id":20461,"href":"https:\/\/sven-ove.nu\/index.php?rest_route=\/wp\/v2\/posts\/20456\/revisions\/20461"}],"wp:featuredmedia":[{"embeddable":true,"href":"https:\/\/sven-ove.nu\/index.php?rest_route=\/wp\/v2\/media\/20459"}],"wp:attachment":[{"href":"https:\/\/sven-ove.nu\/index.php?rest_route=%2Fwp%2Fv2%2Fmedia&parent=20456"}],"wp:term":[{"taxonomy":"category","embeddable":true,"href":"https:\/\/sven-ove.nu\/index.php?rest_route=%2Fwp%2Fv2%2Fcategories&post=20456"},{"taxonomy":"post_tag","embeddable":true,"href":"https:\/\/sven-ove.nu\/index.php?rest_route=%2Fwp%2Fv2%2Ftags&post=20456"}],"curies":[{"name":"wp","href":"https:\/\/api.w.org\/{rel}","templated":true}]}}