{"id":20469,"date":"2019-01-09T08:53:45","date_gmt":"2019-01-09T07:53:45","guid":{"rendered":"http:\/\/sven-ove.nu\/?p=20469"},"modified":"2019-01-09T08:53:45","modified_gmt":"2019-01-09T07:53:45","slug":"om-alliansen-och-mina-foppatofflor","status":"publish","type":"post","link":"https:\/\/sven-ove.nu\/?p=20469","title":{"rendered":"Om Alliansen och mina foppatofflor"},"content":{"rendered":"<blockquote><p>Det dokumentet ser jag fram emot.<\/p><\/blockquote>\n<p><a href=\"https:\/\/sven-ove.nu\/wp-content\/uploads\/2019\/01\/Dokumentet.jpg\"><img loading=\"lazy\" decoding=\"async\" class=\"size-full wp-image-20470 alignnone\" src=\"https:\/\/sven-ove.nu\/wp-content\/uploads\/2019\/01\/Dokumentet.jpg\" alt=\"\" width=\"580\" height=\"386\" srcset=\"https:\/\/sven-ove.nu\/wp-content\/uploads\/2019\/01\/Dokumentet.jpg 580w, https:\/\/sven-ove.nu\/wp-content\/uploads\/2019\/01\/Dokumentet-300x200.jpg 300w\" sizes=\"auto, (max-width: 580px) 100vw, 580px\" \/><\/a><\/p>\n<p><em>(Inl\u00e4gg jag publicerat p\u00e5 Facebook. D\u00e4rf\u00f6r l\u00e4nkar jag inte detta blogginl\u00e4gg p\u00e5 Fb).<\/em><\/p>\n<p><strong>L\u00e4nk fr\u00e5n Ekot:<\/strong> <span style=\"color: #0000ff;\"><a style=\"color: #0000ff;\" href=\"https:\/\/sverigesradio.se\/sida\/artikel.aspx?programid=83&amp;artikel=7128025&amp;fbclid=IwAR3I0m0MliohMvE9CisJInN4msF8KcY-FmYwLHLfR3G8L9rifULcH48LbBg\">Alliansen f\u00f6rhandlar om en &#8221;anti-SD-klausul&#8221;<\/a><\/span><\/p>\n<p><span style=\"color: #0000ff;\"><a style=\"color: #0000ff;\" href=\"https:\/\/sven-ove.nu\/\">Hem<\/a><\/span>\u00a0|\u00a0<a href=\"https:\/\/sven-ove.nu\/?page_id=170\"><span style=\"color: #0000ff;\">Om mi<\/span>g<\/a>\u00a0|\u00a0<span style=\"color: #0000ff;\"><a style=\"color: #0000ff;\" href=\"https:\/\/sven-ove.nu\/?page_id=1385\">Skriva &amp; prata<\/a><\/span>\u00a0|\u00a0<span style=\"color: #0000ff;\"><a style=\"color: #0000ff;\" href=\"https:\/\/sven-ove.nu\/?page_id=100\">Politik<\/a><\/span>\u00a0|\u00a0<span style=\"color: #0000ff;\"><a style=\"color: #0000ff;\" href=\"https:\/\/sven-ove.nu\/?page_id=102\">L\u00f6pa<\/a><\/span>\u00a0|\u00a0<span style=\"color: #0000ff;\"><a style=\"color: #0000ff;\" href=\"https:\/\/sven-ove.nu\/?page_id=108\">Viktor Root<\/a><\/span><br \/>\n<em>Inl\u00e4gg nr 1\u00a0910. (c) Sven-Ove Svensson (men dela g\u00e4rna)<\/em><\/p>\n","protected":false},"excerpt":{"rendered":"<p>Det dokumentet ser jag fram emot. (Inl\u00e4gg jag publicerat p\u00e5 Facebook. D\u00e4rf\u00f6r l\u00e4nkar jag inte detta blogginl\u00e4gg p\u00e5 Fb). L\u00e4nk fr\u00e5n Ekot: Alliansen f\u00f6rhandlar om en &#8221;anti-SD-klausul&#8221; Hem\u00a0|\u00a0Om mig\u00a0|\u00a0Skriva &amp; prata\u00a0|\u00a0Politik\u00a0|\u00a0L\u00f6pa\u00a0|\u00a0Viktor Root Inl\u00e4gg nr 1\u00a0910. (c) Sven-Ove Svensson (men dela g\u00e4rna)<\/p>\n","protected":false},"author":1,"featured_media":0,"comment_status":"open","ping_status":"open","sticky":false,"template":"","format":"standard","meta":{"_crdt_document":"","_monsterinsights_skip_tracking":false,"_monsterinsights_sitenote_active":false,"_monsterinsights_sitenote_note":"","_monsterinsights_sitenote_category":0,"footnotes":""},"categories":[9,4],"tags":[16],"class_list":["post-20469","post","type-post","status-publish","format-standard","hentry","category-politik","category-skrivande","tag-dumheter"],"_links":{"self":[{"href":"https:\/\/sven-ove.nu\/index.php?rest_route=\/wp\/v2\/posts\/20469","targetHints":{"allow":["GET"]}}],"collection":[{"href":"https:\/\/sven-ove.nu\/index.php?rest_route=\/wp\/v2\/posts"}],"about":[{"href":"https:\/\/sven-ove.nu\/index.php?rest_route=\/wp\/v2\/types\/post"}],"author":[{"embeddable":true,"href":"https:\/\/sven-ove.nu\/index.php?rest_route=\/wp\/v2\/users\/1"}],"replies":[{"embeddable":true,"href":"https:\/\/sven-ove.nu\/index.php?rest_route=%2Fwp%2Fv2%2Fcomments&post=20469"}],"version-history":[{"count":1,"href":"https:\/\/sven-ove.nu\/index.php?rest_route=\/wp\/v2\/posts\/20469\/revisions"}],"predecessor-version":[{"id":20471,"href":"https:\/\/sven-ove.nu\/index.php?rest_route=\/wp\/v2\/posts\/20469\/revisions\/20471"}],"wp:attachment":[{"href":"https:\/\/sven-ove.nu\/index.php?rest_route=%2Fwp%2Fv2%2Fmedia&parent=20469"}],"wp:term":[{"taxonomy":"category","embeddable":true,"href":"https:\/\/sven-ove.nu\/index.php?rest_route=%2Fwp%2Fv2%2Fcategories&post=20469"},{"taxonomy":"post_tag","embeddable":true,"href":"https:\/\/sven-ove.nu\/index.php?rest_route=%2Fwp%2Fv2%2Ftags&post=20469"}],"curies":[{"name":"wp","href":"https:\/\/api.w.org\/{rel}","templated":true}]}}