{"id":20478,"date":"2019-01-13T12:44:58","date_gmt":"2019-01-13T11:44:58","guid":{"rendered":"http:\/\/sven-ove.nu\/?p=20478"},"modified":"2019-01-20T01:33:39","modified_gmt":"2019-01-20T00:33:39","slug":"vill-en-uppgiven-lofven-anvanda-v-som-dorrmatta","status":"publish","type":"post","link":"https:\/\/sven-ove.nu\/?p=20478","title":{"rendered":"Vill en uppgiven L\u00f6fven anv\u00e4nda V som d\u00f6rrmatta?"},"content":{"rendered":"<p><a href=\"https:\/\/sven-ove.nu\/wp-content\/uploads\/2015\/02\/R\u00f6tt-kort.jpg\"><img loading=\"lazy\" decoding=\"async\" class=\"size-thumbnail wp-image-10749 alignnone\" src=\"https:\/\/sven-ove.nu\/wp-content\/uploads\/2015\/02\/R\u00f6tt-kort-150x150.jpg\" alt=\"\" width=\"150\" height=\"150\" \/><\/a><\/p>\n<blockquote><p>Spr\u00e5kkrav f\u00f6r nya medborgare. Slopad v\u00e4rnskatt. S\u00e4mre anst\u00e4llningsskydd. Fri hyress\u00e4ttning i nybyggda l\u00e4genheter. Fritt fram f\u00f6r h\u00f6ga privata vinster i v\u00e4lf\u00e4rden. S\u00e4nkta arbetsgivaravgifter. Breddat RUT-avdrag. Privata alternativ till arbetsf\u00f6rmedlingen. \u00a0Asyls\u00f6kande som ordnar eget boende i utsatta omr\u00e5den kan nekas dagers\u00e4ttning.<\/p><\/blockquote>\n<p>D\u00e4r har du n\u00e5gra punkter i \u00f6verenskommelsen mellan Socialdemokraterna, Milj\u00f6partiet, Liberalerna och Centerpartiet.\u00a0F\u00f6r s\u00e4kerhets skull kastar de i ansiktet p\u00e5 V\u00e4nsterpartiet \u00a0att partiet \u201dinte kommer att ha inflytande \u00f6ver den politiska inriktningen i Sverige under den kommande mandatperioden.\u201d<\/p>\n<p>Ett V\u00e4nsterparti man allts\u00e5 \u00e4r beroende av, f\u00f6r att regeringen L\u00f6fven \u00f6ver huvud taget ska kunna bli av.<\/p>\n<p><strong>V\u00e4nsterpartiet som d\u00f6rrmatta?<br \/>\n<\/strong>En ledare i tidningen Flamman skriver om \u00f6verenskommelsen: <a href=\"http:\/\/flamman.se\/a\/dorrmattor-finns-pa-ikea-extraval\"><span style=\"color: #0000ff;\">D\u00f6rrmattor finns p\u00e5 IKEA<\/span><\/a><\/p>\n<p><em>\u201dArbetsf\u00f6rmedlingen ska l\u00e4ggas ner, LAS ska luckras upp ytterligare, kollektivavtalsl\u00f6sa f\u00f6retag ska st\u00f6djas, det blir fri hyress\u00e4ttning p\u00e5 all nyproduktion i hyresbest\u00e5ndet, skatter ska s\u00e4nkas. Man ska avskaffa arbetsl\u00f6shetsunderst\u00f6det till l\u00e5ngtidsarbetsl\u00f6sa och skicka dem till socialen ist\u00e4llet, A-kassan ska s\u00e4nkas, RUT-bidraget ska tredubblas och riskkapitalet f\u00e5r vad som \u00e4n h\u00e4nder forts\u00e4tta profitera p\u00e5 skattepengar. Vad vi ser i\u00a0<span style=\"color: #0000ff;\"><a style=\"color: #0000ff;\" href=\"https:\/\/www.socialdemokraterna.se\/globalassets\/aktuellt\/utkast-till-sakpolitisk-overenskommelse.pdf\">72-punktslistan<\/a><\/span>\u00a0\u00e4r tillsammans med Reinfeldts yxande p\u00e5 arbetsr\u00e4tten den st\u00f6rsta systemf\u00f6r\u00e4ndringen sedan 1991.\u201d<\/em><\/p>\n<p><strong>Lutar sig mot uppgivenheten<br \/>\n<\/strong>Daniel Suhonen, socialdemokratisk chef f\u00f6r den fackliga tankesmedjan Katalys, skriver i en debattartikel i DN: <span style=\"color: #0000ff;\"><a style=\"color: #0000ff;\" href=\"https:\/\/www.dn.se\/debatt\/nu-blir-sverige-ett-land-utan-en-politisk-vanster\/\">Nu blir Sverige ett land utan politisk v\u00e4nster<\/a><\/span><\/p>\n<p><em>\u201dEtt huvudproblem med att Social\u00addemokraterna nu g\u00e5r med p\u00e5 en h\u00f6gerorienterad regeringsplattform \u00e4r att den lutar sig mot uppgivenheten. Partiets ledning tycks anse att socialdemokratin inte under \u00f6versk\u00e5dlig tid har n\u00e5gon m\u00f6jlighet att vinna en majoritet f\u00f6r en egen politik. Det \u00e4r denna felaktiga analys som leder till det allvarliga historiska missgrepp som \u00f6verenskommelsen med den nyliberala h\u00f6gern inneb\u00e4r.\u201d<\/em><\/p>\n<p><em>\u201dMed en betydligt mer offensiv f\u00f6rdelningspolitik kan socialdemokratin f\u00e5 ett avsev\u00e4rt starkare st\u00f6d.<\/em><em>\u00a0<\/em><em>Men det kr\u00e4ver att man bryter med nyliberalismen, inte underkastar sig den. Medan en f\u00f6rskr\u00e4ckande l\u00e5ng rad socialdemokratiska partier klappat ihop finns det tv\u00e5 som g\u00e5r tydligt mot str\u00f6mmen. Portugals socialistparti och Storbritanniens Labourparti har b\u00e4gge, det f\u00f6rsta i regeringsst\u00e4llning och det senare i opposition, avvisat nyliberalismen och n\u00e5r resultat kring 40 procent.\u201d<\/em><em>\u00a0<\/em><\/p>\n<p><strong>Usel f\u00f6rdelningspolitik<br \/>\n<\/strong>Pernilla Ericson, ledarskribent i Aftonbladet: <span style=\"color: #0000ff;\"><a style=\"color: #0000ff;\" href=\"https:\/\/www.aftonbladet.se\/ledare\/a\/yvoOAE\/ett-hogt-pris-for-lofvens-regering\">Ett h\u00f6gt pris f\u00f6r L\u00f6fvens regering<\/a><\/span><\/p>\n<p><em>\u201dDesto sv\u00e5rare blir det f\u00f6r den nya regeringen L\u00f6fven, som m\u00e5ste leda landet, med alla eftergifter till ett mer otryggt Sverige. F\u00f6rankringen inom S har f\u00f6rmodligen gett upphov till konvulsioner, f\u00f6rdelningspolitiken i detta \u00e4r usel, s\u00e4rskilt i kombination med M-KD-budgeten. Uppluckrad arbetsr\u00e4tt, spr\u00e5kkrav, slopad v\u00e4rnskatt, urholkad a-kassa, dyrare hyresr\u00e4tter, mer \u00e5t de som har mest.<\/em><\/p>\n<p><em>I n\u00e4sta vecka f\u00e5r vi troligen en ny regering. Men till ett h\u00f6gt pris.\u201d<\/em><\/p>\n<p><strong>Hoppas de att L s\u00e4ger nej?<br \/>\n<\/strong>H\u00e4r kan du l\u00e4sa hela \u00f6verenskommelsen: <span style=\"color: #0000ff;\"><a style=\"color: #0000ff;\" href=\"https:\/\/www.mp.se\/sites\/default\/files\/plattform.pdf\">https:\/\/www.mp.se\/sites\/default\/files\/plattform.pdf<\/a><\/span><\/p>\n<p>N\u00e4r jag skriver detta p\u00e5g\u00e5r diskussionen om L\u00f6fven som statsminister vid liberalernas partir\u00e5d. Jag misst\u00e4nker att en och annan i V\u00e4nsterpartiets ledning hoppas p\u00e5 ett nej.<\/p>\n<p>Det skulle jag g\u00f6ra.<\/p>\n<p><span style=\"color: #0000ff;\"><a style=\"color: #0000ff;\" href=\"https:\/\/sven-ove.nu\/?page_id=170\">Om mig<\/a><\/span>\u00a0|\u00a0<span style=\"color: #0000ff;\"><a style=\"color: #0000ff;\" href=\"https:\/\/sven-ove.nu\/?p=20276\">Vi m\u00e5ste b\u00f6rja tala om klass<\/a><\/span><br \/>\n<em>Inl\u00e4gg nr 1\u00a0912. (c) Sven-Ove Svensson (men dela g\u00e4rna)<\/em><\/p>\n","protected":false},"excerpt":{"rendered":"<p>Spr\u00e5kkrav f\u00f6r nya medborgare. Slopad v\u00e4rnskatt. S\u00e4mre anst\u00e4llningsskydd. Fri hyress\u00e4ttning i nybyggda l\u00e4genheter. Fritt fram f\u00f6r h\u00f6ga privata vinster i v\u00e4lf\u00e4rden. S\u00e4nkta arbetsgivaravgifter. Breddat RUT-avdrag. Privata alternativ till arbetsf\u00f6rmedlingen. \u00a0Asyls\u00f6kande som ordnar eget boende i utsatta omr\u00e5den kan nekas dagers\u00e4ttning. D\u00e4r har du n\u00e5gra punkter i \u00f6verenskommelsen mellan Socialdemokraterna, Milj\u00f6partiet, Liberalerna och Centerpartiet.\u00a0F\u00f6r s\u00e4kerhets skull &hellip; <a href=\"https:\/\/sven-ove.nu\/?p=20478\" class=\"more-link\">Forts\u00e4tt l\u00e4sa <span class=\"screen-reader-text\">Vill en uppgiven L\u00f6fven anv\u00e4nda V som d\u00f6rrmatta?<\/span><\/a><\/p>\n","protected":false},"author":1,"featured_media":0,"comment_status":"closed","ping_status":"open","sticky":false,"template":"","format":"standard","meta":{"_crdt_document":"","_monsterinsights_skip_tracking":false,"_monsterinsights_sitenote_active":false,"_monsterinsights_sitenote_note":"","_monsterinsights_sitenote_category":0,"footnotes":""},"categories":[9],"tags":[15],"class_list":["post-20478","post","type-post","status-publish","format-standard","hentry","category-politik","tag-mediedjungeln"],"_links":{"self":[{"href":"https:\/\/sven-ove.nu\/index.php?rest_route=\/wp\/v2\/posts\/20478","targetHints":{"allow":["GET"]}}],"collection":[{"href":"https:\/\/sven-ove.nu\/index.php?rest_route=\/wp\/v2\/posts"}],"about":[{"href":"https:\/\/sven-ove.nu\/index.php?rest_route=\/wp\/v2\/types\/post"}],"author":[{"embeddable":true,"href":"https:\/\/sven-ove.nu\/index.php?rest_route=\/wp\/v2\/users\/1"}],"replies":[{"embeddable":true,"href":"https:\/\/sven-ove.nu\/index.php?rest_route=%2Fwp%2Fv2%2Fcomments&post=20478"}],"version-history":[{"count":2,"href":"https:\/\/sven-ove.nu\/index.php?rest_route=\/wp\/v2\/posts\/20478\/revisions"}],"predecessor-version":[{"id":20480,"href":"https:\/\/sven-ove.nu\/index.php?rest_route=\/wp\/v2\/posts\/20478\/revisions\/20480"}],"wp:attachment":[{"href":"https:\/\/sven-ove.nu\/index.php?rest_route=%2Fwp%2Fv2%2Fmedia&parent=20478"}],"wp:term":[{"taxonomy":"category","embeddable":true,"href":"https:\/\/sven-ove.nu\/index.php?rest_route=%2Fwp%2Fv2%2Fcategories&post=20478"},{"taxonomy":"post_tag","embeddable":true,"href":"https:\/\/sven-ove.nu\/index.php?rest_route=%2Fwp%2Fv2%2Ftags&post=20478"}],"curies":[{"name":"wp","href":"https:\/\/api.w.org\/{rel}","templated":true}]}}