{"id":20490,"date":"2019-01-18T04:31:32","date_gmt":"2019-01-18T03:31:32","guid":{"rendered":"http:\/\/sven-ove.nu\/?p=20490"},"modified":"2019-01-20T01:32:47","modified_gmt":"2019-01-20T00:32:47","slug":"kliv-kliv-overlev","status":"publish","type":"post","link":"https:\/\/sven-ove.nu\/?p=20490","title":{"rendered":"Kliv, kliv, \u00f6verlev"},"content":{"rendered":"<p><a href=\"https:\/\/sven-ove.nu\/wp-content\/uploads\/2019\/01\/Tr\u00e5dar.jpg\"><img loading=\"lazy\" decoding=\"async\" class=\"size-large wp-image-20492 alignnone\" src=\"https:\/\/sven-ove.nu\/wp-content\/uploads\/2019\/01\/Tr\u00e5dar-1024x1024.jpg\" alt=\"\" width=\"660\" height=\"660\" srcset=\"https:\/\/sven-ove.nu\/wp-content\/uploads\/2019\/01\/Tr\u00e5dar-1024x1024.jpg 1024w, https:\/\/sven-ove.nu\/wp-content\/uploads\/2019\/01\/Tr\u00e5dar-150x150.jpg 150w, https:\/\/sven-ove.nu\/wp-content\/uploads\/2019\/01\/Tr\u00e5dar-300x300.jpg 300w, https:\/\/sven-ove.nu\/wp-content\/uploads\/2019\/01\/Tr\u00e5dar-768x768.jpg 768w, https:\/\/sven-ove.nu\/wp-content\/uploads\/2019\/01\/Tr\u00e5dar.jpg 1280w\" sizes=\"auto, (max-width: 660px) 100vw, 660px\" \/><\/a><\/p>\n<blockquote><p>S\u00e5d\u00e4r. Regering.<br \/>\nNog om det. Under tiden har livet g\u00e5tt vidare. Frukostar har \u00e4tits, sn\u00f6 har fallit, f\u00e5glar matats, granar kl\u00e4tts av och arbetsplatser befolkats.<\/p><\/blockquote>\n<p>Vardagen \u00e4r en fin uppfinning. M\u00e4nniskor tv\u00e4ttar sina armh\u00e5lor, borstar sina t\u00e4nder, l\u00e4mnar p\u00e5 sin f\u00f6rskola, g\u00e5r till sin skola, kliver in p\u00e5 sin arbetsplats och s\u00e4tter ig\u00e5ng ett samh\u00e4lle.<\/p>\n<p style=\"padding-left: 30px;\"><em>Kliv, kliv, \u00f6verlev.<\/em><\/p>\n<p>Vatten kommer ur kranarna. Energi str\u00f6mmar genom ledningarna. V\u00e4gar plogas, gator sandas, mat distribueras och jobbmejl flyger genom cyberrymden. Steg f\u00f6r steg g\u00f6r arbetet och m\u00f6dan sin vanliga nytta.<\/p>\n<p style=\"padding-left: 30px;\"><em>Kliv, kliv, \u00f6verlev.<\/em><\/p>\n<p>Jag tycker om den vardagen, \u00e4lskar den vanligheten. Rutinen och ruinen \u00e4r inte sl\u00e4kt. Arbetet \u00e4r en s\u00e5dan hedersam sak, str\u00e4vsamheten, allt det vi g\u00f6r tillsammans. Reningsverksarbetaren, linjemont\u00f6ren, v\u00e4garbetaren, bussf\u00f6raren och f\u00f6rskoll\u00e4raren h\u00f6r inte till n\u00e5gon t\u00e4rande sektor. Vi beh\u00f6vs allihop. Alla har f\u00e5tt mitt land att fungera, hela tiden. Tillsammans.<\/p>\n<p>Vi b\u00e4r varandras b\u00f6rdor, det \u00e4r vackrast av allt.<\/p>\n<p style=\"padding-left: 30px;\"><em>Kliv, kliv, \u00f6verlev.<\/em><\/p>\n<p><span style=\"color: #ff6600;\"><strong>###<\/strong><\/span> &#8230; och h\u00e4r \u00e4r <span style=\"color: #0000ff;\"><a style=\"color: #0000ff;\" href=\"https:\/\/www.facebook.com\/SVTSport\/videos\/kliv-kliv-\u00f6verlevidag-avg\u00f6rs-tour-de-ski-uppf\u00f6r-m\u00f6rdarbackenmen-totatalledaren-m\/10153261065766053\/\">facebookl\u00e4nk till stunden d\u00e5 uttrycket f\u00f6ddes<\/a><\/span>.<\/p>\n<p><span style=\"color: #0000ff;\"><a style=\"color: #0000ff;\" href=\"https:\/\/sven-ove.nu\/?page_id=170\">Om mig<\/a>\u00a0<\/span>|\u00a0<span style=\"color: #0000ff;\"><a style=\"color: #0000ff;\" href=\"https:\/\/sven-ove.nu\/?p=20276\">Vi m\u00e5ste b\u00f6rja tala om klass<\/a><\/span><br \/>\n<em>Inl\u00e4gg nr 1\u00a0914. (c) Sven-Ove Svensson (men dela g\u00e4rna)<\/em><\/p>\n","protected":false},"excerpt":{"rendered":"<p>S\u00e5d\u00e4r. Regering. Nog om det. Under tiden har livet g\u00e5tt vidare. Frukostar har \u00e4tits, sn\u00f6 har fallit, f\u00e5glar matats, granar kl\u00e4tts av och arbetsplatser befolkats. Vardagen \u00e4r en fin uppfinning. M\u00e4nniskor tv\u00e4ttar sina armh\u00e5lor, borstar sina t\u00e4nder, l\u00e4mnar p\u00e5 sin f\u00f6rskola, g\u00e5r till sin skola, kliver in p\u00e5 sin arbetsplats och s\u00e4tter ig\u00e5ng ett samh\u00e4lle. &hellip; <a href=\"https:\/\/sven-ove.nu\/?p=20490\" class=\"more-link\">Forts\u00e4tt l\u00e4sa <span class=\"screen-reader-text\">Kliv, kliv, \u00f6verlev<\/span><\/a><\/p>\n","protected":false},"author":1,"featured_media":0,"comment_status":"closed","ping_status":"open","sticky":false,"template":"","format":"standard","meta":{"_crdt_document":"","_monsterinsights_skip_tracking":false,"_monsterinsights_sitenote_active":false,"_monsterinsights_sitenote_note":"","_monsterinsights_sitenote_category":0,"footnotes":""},"categories":[28],"tags":[3,24,17],"class_list":["post-20490","post","type-post","status-publish","format-standard","hentry","category-kreativt-folk","tag-arbete","tag-karlek","tag-solidaritet"],"_links":{"self":[{"href":"https:\/\/sven-ove.nu\/index.php?rest_route=\/wp\/v2\/posts\/20490","targetHints":{"allow":["GET"]}}],"collection":[{"href":"https:\/\/sven-ove.nu\/index.php?rest_route=\/wp\/v2\/posts"}],"about":[{"href":"https:\/\/sven-ove.nu\/index.php?rest_route=\/wp\/v2\/types\/post"}],"author":[{"embeddable":true,"href":"https:\/\/sven-ove.nu\/index.php?rest_route=\/wp\/v2\/users\/1"}],"replies":[{"embeddable":true,"href":"https:\/\/sven-ove.nu\/index.php?rest_route=%2Fwp%2Fv2%2Fcomments&post=20490"}],"version-history":[{"count":5,"href":"https:\/\/sven-ove.nu\/index.php?rest_route=\/wp\/v2\/posts\/20490\/revisions"}],"predecessor-version":[{"id":20496,"href":"https:\/\/sven-ove.nu\/index.php?rest_route=\/wp\/v2\/posts\/20490\/revisions\/20496"}],"wp:attachment":[{"href":"https:\/\/sven-ove.nu\/index.php?rest_route=%2Fwp%2Fv2%2Fmedia&parent=20490"}],"wp:term":[{"taxonomy":"category","embeddable":true,"href":"https:\/\/sven-ove.nu\/index.php?rest_route=%2Fwp%2Fv2%2Fcategories&post=20490"},{"taxonomy":"post_tag","embeddable":true,"href":"https:\/\/sven-ove.nu\/index.php?rest_route=%2Fwp%2Fv2%2Ftags&post=20490"}],"curies":[{"name":"wp","href":"https:\/\/api.w.org\/{rel}","templated":true}]}}