{"id":20522,"date":"2019-01-27T05:07:17","date_gmt":"2019-01-27T04:07:17","guid":{"rendered":"http:\/\/sven-ove.nu\/?p=20522"},"modified":"2019-01-27T10:22:09","modified_gmt":"2019-01-27T09:22:09","slug":"tyst-jag-laser","status":"publish","type":"post","link":"https:\/\/sven-ove.nu\/?p=20522","title":{"rendered":"Tyst, jag l\u00e4ser"},"content":{"rendered":"<p><a href=\"https:\/\/sven-ove.nu\/wp-content\/uploads\/2019\/01\/Tegelstenar.jpg\"><img loading=\"lazy\" decoding=\"async\" class=\"size-large wp-image-20524 alignnone\" src=\"https:\/\/sven-ove.nu\/wp-content\/uploads\/2019\/01\/Tegelstenar-1024x1024.jpg\" alt=\"\" width=\"660\" height=\"660\" srcset=\"https:\/\/sven-ove.nu\/wp-content\/uploads\/2019\/01\/Tegelstenar-1024x1024.jpg 1024w, https:\/\/sven-ove.nu\/wp-content\/uploads\/2019\/01\/Tegelstenar-150x150.jpg 150w, https:\/\/sven-ove.nu\/wp-content\/uploads\/2019\/01\/Tegelstenar-300x300.jpg 300w, https:\/\/sven-ove.nu\/wp-content\/uploads\/2019\/01\/Tegelstenar-768x768.jpg 768w, https:\/\/sven-ove.nu\/wp-content\/uploads\/2019\/01\/Tegelstenar.jpg 1280w\" sizes=\"auto, (max-width: 660px) 100vw, 660px\" \/><\/a><\/p>\n<blockquote><p>I vinter har jag hamnat i ett stim av tegelstenar. Tre v\u00e4lskrivna, ordentligt och envetet dokumenterade f\u00f6rfattarbiografier n\u00e4rmare best\u00e4mt.<\/p><\/blockquote>\n<p>G\u00f6ran H\u00e4ggs <span style=\"color: #0000ff;\"><strong><a style=\"color: #0000ff;\" href=\"https:\/\/www.adlibris.com\/se\/bok\/sanningen-ar-alltid-oforskamd-en-biografi-over-august-strindberg-9789113054827\">Sanningen \u00e4r alltid of\u00f6rsk\u00e4md<\/a><\/strong><\/span>\u00a0om August Strindberg \u00e4r 439 sidor klok kunskap om karln vars eld var den st\u00f6rsta i Sverige. Tag och l\u00e4s, du som vill l\u00e4ra dig mer om m\u00e4staren, den regelbundne misslyckaren och dretst\u00f6veln en bara m\u00e5ste \u00e4lska.<\/p>\n<p>Jens Liljestrands <span style=\"color: #0000ff;\"><strong><a style=\"color: #0000ff;\" href=\"https:\/\/www.albertbonniersforlag.se\/bocker\/164448\/mannen-i-skogen\/\">Mannen i skogen<\/a><\/strong><\/span>\u00a0\u00e4r 1,14 kilo klart\u00e4nkt insikt om nationalf\u00f6rfattare nummer tv\u00e5, den temperamentsfulle Vilhelm Moberg som liksom Strindberg varvade m\u00e4sterverk med mindre lyckade alster och allm\u00e4n besatthet. \u00c4ven h\u00e4r \u00e4r jag ivrigt imponerad av den djupa grundforskningen, kunskapen, alla dessa betydelseb\u00e4rande detaljer. L\u00e4s!<\/p>\n<p><strong>Smyger inte p\u00e5 t\u00e5<br \/>\n<\/strong>Nu till 681 sidor om Karin Boye. V\u00e5rens bok i v\u00e5r bokcirkel heter <span style=\"color: #0000ff;\"><strong><a style=\"color: #0000ff;\" href=\"https:\/\/www.akademibokhandeln.se\/bok\/den-nya-dagen-gryr-karin-boyes-forfattarliv\/9789146231806\/\">Den nya dagen gryr<\/a><\/strong><\/span>\u00a0och \u00e4r skriven av Johan Svedjedal. En f\u00f6rsta genombl\u00e4ddring med nedslag h\u00e4r och var i den lika imponerande f\u00f6rfattarbiografin f\u00e5r redan pulsen att \u00f6ka. Bildmaterialet, bara det!<\/p>\n<p>Ingen av de tre f\u00f6rfattarna smyger p\u00e5 t\u00e5 f\u00f6r skrivarna de skildrar. Nu ska det bli intressant att se hur Svedjedal lyckas visa oss Karin Boye i helfigur.<\/p>\n<p style=\"padding-left: 30px;\"><em>Mig f\u00e5r han indirekt att undra om inte Boye och Liljestrand \u00e4r sl\u00e4kt. Nyfiken som jag \u00e4r s\u00e5 letar jag reda p\u00e5 <span style=\"color: #0000ff;\"><a style=\"color: #0000ff;\" href=\"https:\/\/www.expressen.se\/kultur\/bocker\/ny-biografi-berattar-sanningen-om-karin-boyes-liv\/\">svaret<\/a><\/span>. <span style=\"color: #0000ff;\"><a style=\"color: #0000ff;\" href=\"https:\/\/www.dalademokraten.se\/artikel\/bocker\/lysande-biografi-om-karin-boye\">Lysande<\/a><\/span> tycker en annan recensent.<\/em><\/p>\n<p>&#8211; Somnar du ifr\u00e5n den d\u00e4r boken s\u00e5 sl\u00e5r den ihj\u00e4l dig, s\u00e4ger hustrun, n\u00e4r jag ligger p\u00e5 min kudde och tr\u00e4nar underarmsmusklerna med boken lyft.<br \/>\n&#8211; Ingen fara. D\u00e5 \u00e4r risken st\u00f6rre att jag gl\u00f6mmer att sova. Tyst nu, jag l\u00e4ser.<\/p>\n<p><span style=\"color: #0000ff;\"><a style=\"color: #0000ff;\" href=\"https:\/\/sven-ove.nu\/\">Hem<\/a><\/span>\u00a0|\u00a0<a href=\"https:\/\/sven-ove.nu\/?page_id=170\"><span style=\"color: #0000ff;\">Om mig<\/span><\/a>\u00a0|\u00a0<span style=\"color: #0000ff;\"><a style=\"color: #0000ff;\" href=\"https:\/\/sven-ove.nu\/?page_id=1385\">Skriva &amp; prata<\/a><\/span>\u00a0|\u00a0<span style=\"color: #0000ff;\"><a style=\"color: #0000ff;\" href=\"https:\/\/sven-ove.nu\/?page_id=100\">Politik<\/a><\/span>\u00a0|\u00a0<span style=\"color: #0000ff;\"><a style=\"color: #0000ff;\" href=\"https:\/\/sven-ove.nu\/?page_id=102\">L\u00f6pa<\/a><\/span>\u00a0|\u00a0<a href=\"https:\/\/sven-ove.nu\/?page_id=108\"><span style=\"color: #0000ff;\">Viktor Root<\/span><\/a><br \/>\n<em>Inl\u00e4gg nr 1\u00a0916. (c) Sven-Ove Svensson (men dela g\u00e4rna) <\/em><\/p>\n","protected":false},"excerpt":{"rendered":"<p>I vinter har jag hamnat i ett stim av tegelstenar. Tre v\u00e4lskrivna, ordentligt och envetet dokumenterade f\u00f6rfattarbiografier n\u00e4rmare best\u00e4mt. G\u00f6ran H\u00e4ggs Sanningen \u00e4r alltid of\u00f6rsk\u00e4md\u00a0om August Strindberg \u00e4r 439 sidor klok kunskap om karln vars eld var den st\u00f6rsta i Sverige. Tag och l\u00e4s, du som vill l\u00e4ra dig mer om m\u00e4staren, den regelbundne misslyckaren &hellip; <a href=\"https:\/\/sven-ove.nu\/?p=20522\" class=\"more-link\">Forts\u00e4tt l\u00e4sa <span class=\"screen-reader-text\">Tyst, jag l\u00e4ser<\/span><\/a><\/p>\n","protected":false},"author":1,"featured_media":0,"comment_status":"closed","ping_status":"open","sticky":false,"template":"","format":"standard","meta":{"_crdt_document":"","_monsterinsights_skip_tracking":false,"_monsterinsights_sitenote_active":false,"_monsterinsights_sitenote_note":"","_monsterinsights_sitenote_category":0,"footnotes":""},"categories":[28,4],"tags":[14],"class_list":["post-20522","post","type-post","status-publish","format-standard","hentry","category-kreativt-folk","category-skrivande","tag-lasning"],"_links":{"self":[{"href":"https:\/\/sven-ove.nu\/index.php?rest_route=\/wp\/v2\/posts\/20522","targetHints":{"allow":["GET"]}}],"collection":[{"href":"https:\/\/sven-ove.nu\/index.php?rest_route=\/wp\/v2\/posts"}],"about":[{"href":"https:\/\/sven-ove.nu\/index.php?rest_route=\/wp\/v2\/types\/post"}],"author":[{"embeddable":true,"href":"https:\/\/sven-ove.nu\/index.php?rest_route=\/wp\/v2\/users\/1"}],"replies":[{"embeddable":true,"href":"https:\/\/sven-ove.nu\/index.php?rest_route=%2Fwp%2Fv2%2Fcomments&post=20522"}],"version-history":[{"count":8,"href":"https:\/\/sven-ove.nu\/index.php?rest_route=\/wp\/v2\/posts\/20522\/revisions"}],"predecessor-version":[{"id":20531,"href":"https:\/\/sven-ove.nu\/index.php?rest_route=\/wp\/v2\/posts\/20522\/revisions\/20531"}],"wp:attachment":[{"href":"https:\/\/sven-ove.nu\/index.php?rest_route=%2Fwp%2Fv2%2Fmedia&parent=20522"}],"wp:term":[{"taxonomy":"category","embeddable":true,"href":"https:\/\/sven-ove.nu\/index.php?rest_route=%2Fwp%2Fv2%2Fcategories&post=20522"},{"taxonomy":"post_tag","embeddable":true,"href":"https:\/\/sven-ove.nu\/index.php?rest_route=%2Fwp%2Fv2%2Ftags&post=20522"}],"curies":[{"name":"wp","href":"https:\/\/api.w.org\/{rel}","templated":true}]}}