{"id":20535,"date":"2019-01-30T05:55:41","date_gmt":"2019-01-30T04:55:41","guid":{"rendered":"http:\/\/sven-ove.nu\/?p=20535"},"modified":"2019-01-30T07:07:24","modified_gmt":"2019-01-30T06:07:24","slug":"vad-bryr-sig-maktens-man-om-en-fjaril","status":"publish","type":"post","link":"https:\/\/sven-ove.nu\/?p=20535","title":{"rendered":"Vad bryr sig maktens m\u00e4n om en fj\u00e4ril?"},"content":{"rendered":"<p>L\u00e5t oss kalla landskapet V\u00e4rmland. L\u00e5t oss s\u00e4ga att denna sk\u00f6na del av\u00a0v\u00e5rt land fick en landskapsinsekt 1999. Den heter brun gr\u00e4sfj\u00e4ril.<\/p>\n<p>Vem bryr sig om henne? Hon bara fladdrar omkring och \u00e4r s\u00e4llsynt. Vad bryr sig jord\u00e4gare och maktm\u00e4n om n\u00e5gon som \u00e4r s\u00e4llsynt och fridlyst och bara flyger omkring mellan \u00e4ngsblommor, d\u00e4r hon \u00e4ter, l\u00e4gger \u00e4gg och f\u00f6rs\u00f6ker leva vidare? Fast hon st\u00e5r med p\u00e5 r\u00f6da listan, tr\u00e4ngd, hotad och utman\u00f6vrerad i skogskant efter skogskant. Vem bryr sig? Vem bryr sig om henne n\u00e4r det g\u00e5r att \u00f6ppna bergt\u00e4kt? Vem bryr sig om den r\u00f6da listan? Hotet.<\/p>\n<p>Hon \u00e4r brun med orangeringade \u00f6gonfl\u00e4ckar p\u00e5 bakvingen och har alltid trivts b\u00e4st bland sm\u00e5brukare, p\u00e5 sm\u00e5 skogs\u00e4ngar i ett gammaldags sm\u00e5skaligt odlingslandskap. Monokulturer \u00e4r hon skeptisk mot, i synnerhet bergt\u00e4kter, i synnerhet p\u00e5 en kvardr\u00f6jande lokal strax norr om Vallarg\u00e4rdet, n\u00e4ra Alstrum.<\/p>\n<p>Inte f\u00f6rst\u00e5r sig gr\u00e4sfj\u00e4rilar p\u00e5 illa dold ironi. Inte ser hon den svarta humorn i vad V\u00e4rmland vill g\u00f6ra med sin landskapsinsekt och storsamh\u00e4llet med sin sm\u00e5brukarsymbol. Den lilla m\u00e4nniskans, de sm\u00e5 \u00e4gornas flygande sommarv\u00e4n. V\u00e5r gr\u00e4sfj\u00e4ril \u00e4r bara en r\u00f6dlistad individ, 30 millimeter bred mellan vingarna, som vill leva och bo i sitt land.<\/p>\n<p>M\u00e4nniskan d\u00e5, ser inte hon ironin? Ser inte sm\u00e5folket nedanf\u00f6r Alstrums och maktens h\u00f6jder sin symbol? Varf\u00f6r har vi en landskapsinsekt?<\/p>\n<p><strong>Sven-Ove Svensson<br \/>\n<\/strong><em>(Ins\u00e4ndare i V\u00e4rmlands Folkblad 30 januari 2019)<\/em><\/p>\n<p><span style=\"color: #0000ff;\"><a style=\"color: #0000ff;\" href=\"https:\/\/sven-ove.nu\/\">Hem<\/a><\/span>\u00a0|\u00a0<span style=\"color: #0000ff;\"><a style=\"color: #0000ff;\" href=\"https:\/\/sven-ove.nu\/?page_id=170\">Om mig<\/a><\/span>\u00a0|\u00a0<a href=\"https:\/\/sven-ove.nu\/?page_id=1385\"><span style=\"color: #0000ff;\">Skriva &amp; prata<\/span><\/a>\u00a0|\u00a0<span style=\"color: #0000ff;\"><a style=\"color: #0000ff;\" href=\"https:\/\/sven-ove.nu\/?page_id=100\">Politik<\/a><\/span>\u00a0|\u00a0<span style=\"color: #0000ff;\"><a style=\"color: #0000ff;\" href=\"https:\/\/sven-ove.nu\/?page_id=102\">L\u00f6pa<\/a><\/span>\u00a0|\u00a0<span style=\"color: #0000ff;\"><a style=\"color: #0000ff;\" href=\"https:\/\/sven-ove.nu\/?page_id=108\">Viktor Root<\/a><\/span><br \/>\n<em>Inl\u00e4gg nr 1\u00a0918. (c) Sven-Ove Svensson (men dela g\u00e4rna) <\/em><\/p>\n","protected":false},"excerpt":{"rendered":"<p>L\u00e5t oss kalla landskapet V\u00e4rmland. L\u00e5t oss s\u00e4ga att denna sk\u00f6na del av\u00a0v\u00e5rt land fick en landskapsinsekt 1999. Den heter brun gr\u00e4sfj\u00e4ril. Vem bryr sig om henne? Hon bara fladdrar omkring och \u00e4r s\u00e4llsynt. Vad bryr sig jord\u00e4gare och maktm\u00e4n om n\u00e5gon som \u00e4r s\u00e4llsynt och fridlyst och bara flyger omkring mellan \u00e4ngsblommor, d\u00e4r hon &hellip; <a href=\"https:\/\/sven-ove.nu\/?p=20535\" class=\"more-link\">Forts\u00e4tt l\u00e4sa <span class=\"screen-reader-text\">Vad bryr sig maktens m\u00e4n om en fj\u00e4ril?<\/span><\/a><\/p>\n","protected":false},"author":1,"featured_media":20538,"comment_status":"closed","ping_status":"open","sticky":false,"template":"","format":"standard","meta":{"_crdt_document":"","_monsterinsights_skip_tracking":false,"_monsterinsights_sitenote_active":false,"_monsterinsights_sitenote_note":"","_monsterinsights_sitenote_category":0,"footnotes":""},"categories":[6],"tags":[24],"class_list":["post-20535","post","type-post","status-publish","format-standard","has-post-thumbnail","hentry","category-natur","tag-karlek"],"_links":{"self":[{"href":"https:\/\/sven-ove.nu\/index.php?rest_route=\/wp\/v2\/posts\/20535","targetHints":{"allow":["GET"]}}],"collection":[{"href":"https:\/\/sven-ove.nu\/index.php?rest_route=\/wp\/v2\/posts"}],"about":[{"href":"https:\/\/sven-ove.nu\/index.php?rest_route=\/wp\/v2\/types\/post"}],"author":[{"embeddable":true,"href":"https:\/\/sven-ove.nu\/index.php?rest_route=\/wp\/v2\/users\/1"}],"replies":[{"embeddable":true,"href":"https:\/\/sven-ove.nu\/index.php?rest_route=%2Fwp%2Fv2%2Fcomments&post=20535"}],"version-history":[{"count":3,"href":"https:\/\/sven-ove.nu\/index.php?rest_route=\/wp\/v2\/posts\/20535\/revisions"}],"predecessor-version":[{"id":20540,"href":"https:\/\/sven-ove.nu\/index.php?rest_route=\/wp\/v2\/posts\/20535\/revisions\/20540"}],"wp:featuredmedia":[{"embeddable":true,"href":"https:\/\/sven-ove.nu\/index.php?rest_route=\/wp\/v2\/media\/20538"}],"wp:attachment":[{"href":"https:\/\/sven-ove.nu\/index.php?rest_route=%2Fwp%2Fv2%2Fmedia&parent=20535"}],"wp:term":[{"taxonomy":"category","embeddable":true,"href":"https:\/\/sven-ove.nu\/index.php?rest_route=%2Fwp%2Fv2%2Fcategories&post=20535"},{"taxonomy":"post_tag","embeddable":true,"href":"https:\/\/sven-ove.nu\/index.php?rest_route=%2Fwp%2Fv2%2Ftags&post=20535"}],"curies":[{"name":"wp","href":"https:\/\/api.w.org\/{rel}","templated":true}]}}