{"id":2055,"date":"2012-05-03T16:19:23","date_gmt":"2012-05-03T15:19:23","guid":{"rendered":"http:\/\/sven-ove.nu\/?p=2055"},"modified":"2012-05-03T16:23:32","modified_gmt":"2012-05-03T15:23:32","slug":"hemlig-utflykt-med-frun-till-en-ormgrop-2","status":"publish","type":"post","link":"https:\/\/sven-ove.nu\/?p=2055","title":{"rendered":"Hemlig utflykt med frun till en ormgrop"},"content":{"rendered":"<p>Ett enkelt staket bara. P\u00e5 den ena sidan st\u00e5r vi, p\u00e5 den andra ringlar ormarna. Majsolen lyser och vi \u00e4r i full frihet allihop: kr\u00e4ldjuren, k\u00e4ra v\u00e4nnen och jag. Precis som alla \u00f6rebroare som rest hit, de beh\u00f6vde inte \u00e5ka s\u00e5 l\u00e5ngt. Just nu skulle vem som helst av oss kunna krypa under staketet och h\u00e4lsa p\u00e5 de andra.<\/p>\n<p>Det \u00e4r det ingen som g\u00f6r. Jo, d\u00e4r \u00e4r en snok som b\u00e4r sig lite dumt \u00e5t<\/p>\n<p>Platsen heter\u00a0<strong><a href=\"http:\/\/www.youtube.com\/watch?v=yt-rmBs4DuU\">\u00d6by kulle<\/a> <\/strong>och jag hade ingen aning om att den fanns, innan jag pratade majning med mina arbetskamrater h\u00e4romdagen. Majar ni p\u00e5 f\u00f6rsta maj, d\u00e4r du bor?<\/p>\n<p><a href=\"https:\/\/sven-ove.nu\/wp-content\/uploads\/2012\/05\/Orm-i-r\u00f6set2.jpg\"><img loading=\"lazy\" decoding=\"async\" class=\"alignright size-thumbnail wp-image-2058\" title=\"Orm i r\u00f6set\" src=\"https:\/\/sven-ove.nu\/wp-content\/uploads\/2012\/05\/Orm-i-r\u00f6set2-150x150.jpg\" alt=\"\" width=\"150\" height=\"150\" \/><\/a>&#8211; Nej, majar g\u00f6r vi inte, var det en som sa. Men hemma i \u00d6rebro brukar folk \u00e5ka till \u00d6by kulle och titta p\u00e5 ormarna.<\/p>\n<p>Sedan ber\u00e4ttade han livfullt om hopslingrade ormar och om det d\u00e4r enkla staketet som s\u00e5v\u00e4l snokar som huggormar och m\u00e4nniskor tycks respektera, fast det bara \u00e4r tv\u00e5 tv\u00e4rsl\u00e5r med mycket luft emellan.<\/p>\n<p><strong>I \u00e5r blir det liiiite l\u00e4ngre<br \/>\n<\/strong>I samma \u00f6gonblick visste jag vart vi skulle \u00e5ka i \u00e5r. Vi majar alltid p\u00e5 f\u00f6rsta maj och i \u00e5r f\u00e5r det bli en hemlig resa f\u00f6r den k\u00e4ra v\u00e4nnen, t\u00e4nkte jag. Ta med st\u00f6vlar, sa jag. Vi g\u00f6r som vi brukar. Sockerdricka och Rigi och\u2026 Jag vet, svarade den k\u00e4ra v\u00e4nnen, samma procedur som\u00a0<strong>varje<\/strong> \u00e5r. Ja, men det blir liiiite l\u00e4ngre i \u00e5r.<\/p>\n<p>Sedan satte vi oss i bilen, jag vid ratten, hon f\u00f6rundrad. Vart \u00e4r vi p\u00e5 v\u00e4g? Det s\u00e4ger jag inte, du kanske f\u00e5r k\u00f6ra ett tag efter \u00d6lme, f\u00f6r d\u00e5 m\u00e5ste jag l\u00e4sa kartan.<\/p>\n<p>Jas\u00e5, vi ska inte till n\u00e5nstans i V\u00e4se, t\u00e4nker hon, medan jag k\u00f6r E18 \u00f6sterut. Jas\u00e5, inte \u00d6lme heller. Jas\u00e5 inte Kristinehamns sk\u00e4rg\u00e5rd. Jas\u00e5 inte Villingsbergskogarna, inte \u00c5nnaboda, inte\u2026<\/p>\n<p>Strax s\u00f6der om \u00d6rebro byter vi plats vid ratten, l\u00e4ngs v\u00e4g 51. P\u00e5 kartan hittar jag snart en smal krokig v\u00e4g bort mot v\u00e5rt nya majningsst\u00e4lle.<\/p>\n<p><strong>\u00d6vervintrar i kullen<br \/>\n<\/strong>\u00d6by kulle ligger vid Kvismare kanal drygt en mil sydost om \u00d6rebro, mellan V\u00e4stra och \u00d6stra Kvismaren. Den \u00e4r naturreservat f\u00f6r snokar och huggormar. I april varje \u00e5r kan man se hundratals ormar, hopslingrade i klumpar, skriver uppslagsverket. P\u00e5 h\u00f6sten kommer de krypande fr\u00e5n markerna i n\u00e4rheten f\u00f6r att \u00f6vervintra inne i kullen, d\u00e4r de f\u00e5r skydd fr\u00e5n den v\u00e4rsta kylan.<\/p>\n<p><a href=\"https:\/\/sven-ove.nu\/wp-content\/uploads\/2012\/05\/Vid-staketet1.jpg\"><img loading=\"lazy\" decoding=\"async\" class=\"alignleft size-thumbnail wp-image-2059\" title=\"Vid staket\" src=\"https:\/\/sven-ove.nu\/wp-content\/uploads\/2012\/05\/Vid-staketet1-150x150.jpg\" alt=\"\" width=\"150\" height=\"150\" \/><\/a>Detta har n\u00e4rkingarna k\u00e4nt till i hundratals \u00e5r. Kullen \u00e4r inte bara en grus- och stenh\u00f6g med kilometervis utsikt \u00f6ver \u00e5krarna och v\u00e5tmarkerna runtomkring, den var dessutom borg p\u00e5 1200-talet och fram\u00e5t. Nu \u00e4r borgen borta men fortfarande finns h\u00e4r gott om h\u00e5lor och g\u00e5ngar som aldrig fryser till eller sv\u00e4mmas \u00f6ver. Det \u00e4r d\u00e4r de bor p\u00e5 vintern, ormarna. N\u00e4r solen b\u00f6rjar v\u00e4rma \u00d6by kulle om v\u00e5ren tittar de fram, parar sig och ger sig ut i landskapet f\u00f6r att inte komma tillbaka f\u00f6rr\u00e4n till h\u00f6sten igen.<\/p>\n<p>N\u00e5gra solvarma veckor i slutet av april str\u00f6mmar folk hit f\u00f6r att se p\u00e5 n\u00e4r snokar och huggormar b\u00f6rjar slingra ihop sig i stora nystan f\u00f6r att g\u00f6ra orm.<\/p>\n<p><strong>F\u00f6rs\u00f6ker mata snok<br \/>\n<\/strong>Allt detta vet jag, f\u00f6r jag har f\u00e5tt det ber\u00e4ttat och l\u00e4st p\u00e5. Nu parkerar min k\u00e4ra v\u00e4n bland en massa andra bilar denna soliga f\u00f6rsta maj. Vi g\u00e5r ut och f\u00f6ljer stigen och staketet uppf\u00f6r kullen.<\/p>\n<p style=\"padding-left: 30px;\"><strong>&#8211; Vad \u00e4r detta f\u00f6r en punkth\u00f6jd? fr\u00e5gar hon.<br \/>\n<\/strong><strong>&#8211; En ormgrop, svarar jag. Titta, en snok. Titta d\u00e4r \u00e4r en till.<\/strong><\/p>\n<p><strong><a href=\"https:\/\/sven-ove.nu\/wp-content\/uploads\/2012\/05\/Snok-vid-\u00d6by-kulle.jpg\"><img loading=\"lazy\" decoding=\"async\" title=\"Snok bland stenar\" src=\"https:\/\/sven-ove.nu\/wp-content\/uploads\/2012\/05\/Snok-vid-\u00d6by-kulle.jpg\" alt=\"\" width=\"640\" height=\"207\" \/><\/a><br \/>\n<\/strong><\/p>\n<p>Innan v\u00e5r promenad runt kullen \u00e4r klar har vi sett sexton snokar sola sig i gr\u00e4set och stenr\u00f6sena. N\u00e5gra \u00e4r vi s\u00e5 n\u00e4ra, att ett g\u00e4ng barn f\u00f6rs\u00f6ker mata dem, innan f\u00f6r\u00e4ldrarna hindrar det. Nyvakna ormar i N\u00e4rke \u00e4r inte s\u00e5 sugna p\u00e5 gr\u00e4s.<\/p>\n<p>Sedan majar vi. Chokladbiten smakar chokladbit, tablettasken med fruktsmak \u00e4r fin, sockerdrickan prima och skinksm\u00f6rg\u00e5s \u00e4r lika g\u00f4tt i solen i N\u00e4rke som hemma i sisuskogen.<\/p>\n<p>Jag \u00e4r n\u00e4stan inte r\u00e4dd f\u00f6r huggormar alls, n\u00e4r jag ligger p\u00e5 v\u00e5r rutiga filt och r\u00e4knar moln. Det \u00e4r fort gjort: noll moln \u00f6ver \u00d6by kulle. Borta vid Kvismare kanal tr\u00e4nar en brun k\u00e4rrh\u00f6k l\u00e5gflygning framf\u00f6r f\u00e5gelsk\u00e5darna.<\/p>\n<p>Ska vi ta en snokrunda igen runt kullen? s\u00e4ger jag till k\u00e4ra v\u00e4nnen. Vi \u00e4lskar redan st\u00e4llet. P\u00e5 hemv\u00e4gen l\u00e4ser hon Inger &amp; Lasse Sandbergs bok f\u00f6r mig. Den som heter\u00a0<em>En konstig f\u00f6rsta maj<\/em> och handlar om tv\u00e5 barn som majar p\u00e5 en vind i Karlstad.<\/p>\n<p>Hit ska vi fler g\u00e5nger, lovar vi varandra. Den h\u00e4r majningen var r\u00e4tt k\u00f4nstig, den med.<\/p>\n","protected":false},"excerpt":{"rendered":"<p>Ett enkelt staket bara. P\u00e5 den ena sidan st\u00e5r vi, p\u00e5 den andra ringlar ormarna. Majsolen lyser och vi \u00e4r i full frihet allihop: kr\u00e4ldjuren, k\u00e4ra v\u00e4nnen och jag. Precis som alla \u00f6rebroare som rest hit, de beh\u00f6vde inte \u00e5ka s\u00e5 l\u00e5ngt. Just nu skulle vem som helst av oss kunna krypa under staketet och &hellip; <a href=\"https:\/\/sven-ove.nu\/?p=2055\" class=\"more-link\">Forts\u00e4tt l\u00e4sa <span class=\"screen-reader-text\">Hemlig utflykt med frun till en ormgrop<\/span><\/a><\/p>\n","protected":false},"author":1,"featured_media":0,"comment_status":"open","ping_status":"open","sticky":false,"template":"","format":"standard","meta":{"_crdt_document":"","_monsterinsights_skip_tracking":false,"_monsterinsights_sitenote_active":false,"_monsterinsights_sitenote_note":"","_monsterinsights_sitenote_category":0,"footnotes":""},"categories":[10,6],"tags":[8,24],"class_list":["post-2055","post","type-post","status-publish","format-standard","hentry","category-familjen","category-natur","tag-historia","tag-karlek"],"_links":{"self":[{"href":"https:\/\/sven-ove.nu\/index.php?rest_route=\/wp\/v2\/posts\/2055","targetHints":{"allow":["GET"]}}],"collection":[{"href":"https:\/\/sven-ove.nu\/index.php?rest_route=\/wp\/v2\/posts"}],"about":[{"href":"https:\/\/sven-ove.nu\/index.php?rest_route=\/wp\/v2\/types\/post"}],"author":[{"embeddable":true,"href":"https:\/\/sven-ove.nu\/index.php?rest_route=\/wp\/v2\/users\/1"}],"replies":[{"embeddable":true,"href":"https:\/\/sven-ove.nu\/index.php?rest_route=%2Fwp%2Fv2%2Fcomments&post=2055"}],"version-history":[{"count":3,"href":"https:\/\/sven-ove.nu\/index.php?rest_route=\/wp\/v2\/posts\/2055\/revisions"}],"predecessor-version":[{"id":2061,"href":"https:\/\/sven-ove.nu\/index.php?rest_route=\/wp\/v2\/posts\/2055\/revisions\/2061"}],"wp:attachment":[{"href":"https:\/\/sven-ove.nu\/index.php?rest_route=%2Fwp%2Fv2%2Fmedia&parent=2055"}],"wp:term":[{"taxonomy":"category","embeddable":true,"href":"https:\/\/sven-ove.nu\/index.php?rest_route=%2Fwp%2Fv2%2Fcategories&post=2055"},{"taxonomy":"post_tag","embeddable":true,"href":"https:\/\/sven-ove.nu\/index.php?rest_route=%2Fwp%2Fv2%2Ftags&post=2055"}],"curies":[{"name":"wp","href":"https:\/\/api.w.org\/{rel}","templated":true}]}}