{"id":20626,"date":"2019-02-27T05:00:26","date_gmt":"2019-02-27T04:00:26","guid":{"rendered":"http:\/\/sven-ove.nu\/?p=20626"},"modified":"2019-02-26T19:27:55","modified_gmt":"2019-02-26T18:27:55","slug":"20626","status":"publish","type":"post","link":"https:\/\/sven-ove.nu\/?p=20626","title":{"rendered":"Skolar in skor i v\u00e5rlig lycka"},"content":{"rendered":"<p><a href=\"https:\/\/sven-ove.nu\/wp-content\/uploads\/2019\/02\/Grusv\u00e4g-i-februari.jpg\"><img loading=\"lazy\" decoding=\"async\" class=\"size-full wp-image-20628 alignnone\" src=\"https:\/\/sven-ove.nu\/wp-content\/uploads\/2019\/02\/Grusv\u00e4g-i-februari.jpg\" alt=\"\" width=\"1280\" height=\"887\" srcset=\"https:\/\/sven-ove.nu\/wp-content\/uploads\/2019\/02\/Grusv\u00e4g-i-februari.jpg 1280w, https:\/\/sven-ove.nu\/wp-content\/uploads\/2019\/02\/Grusv\u00e4g-i-februari-300x208.jpg 300w, https:\/\/sven-ove.nu\/wp-content\/uploads\/2019\/02\/Grusv\u00e4g-i-februari-768x532.jpg 768w, https:\/\/sven-ove.nu\/wp-content\/uploads\/2019\/02\/Grusv\u00e4g-i-februari-1024x710.jpg 1024w\" sizes=\"auto, (max-width: 1280px) 100vw, 1280px\" \/><\/a><\/p>\n<blockquote><p>Det \u00e4r den d\u00e4r dagen d\u00e5 bj\u00f6rkarna speglar sig, skorna ska f\u00e5 l\u00e4ra sig n\u00e5got nytt och &#8230;<\/p>\n<p>&#8230; asch, vi tar det fr\u00e5n b\u00f6rjan.<\/p><\/blockquote>\n<p>Tisdag p\u00e5 Grossbolstorps h\u00f6jder. Det \u00e4r inte f\u00f6rsta dagen i \u00e5r som solen skiner n\u00e4r jag sn\u00f6r p\u00e5 mig nya l\u00f6parskorna p\u00e5 trappan, inte f\u00f6rsta g\u00e5ngen gr\u00f6nfinken ropar &#8221;dry!&#8221; och talgoxen &#8221;titify!&#8221; n\u00e4r jag joggar uppf\u00f6r g\u00e5ngbanebacken, inte f\u00f6rsta g\u00e5ngen det skriar en spillkr\u00e5ka fr\u00e5n en asp i n\u00e4rheten n\u00e4r jag b\u00f6rjar f\u00e5 ig\u00e5ng pulsen.<\/p>\n<p>Vi har haft fina v\u00e5rdagar f\u00f6rut med solsken p\u00e5 n\u00e4san och takdropp i blick.<\/p>\n<p>\u00c4nd\u00e5 \u00e4r det den d\u00e4r speciella dagen som jag varit med om s\u00e5 m\u00e5nga i mitt l\u00f6parliv. Den brukar komma i b\u00f6rjan av mars men i dag \u00e4r det fortfarande februari. Dagen d\u00e5 jag inte tar n\u00e5gra vantar p\u00e5 mig och ingen m\u00f6ssa. Dagen d\u00e5 tv\u00e5 ljud ska dominera, bara jag hinner ta till h\u00f6ger borta vid varghundarna och springa vidare p\u00e5 krokv\u00e4gen bort mot \u00c4ngbr\u00e5ten.<\/p>\n<p>Nu \u2013 h\u00f6r jag det. Det porlar sm\u00e4lt sn\u00f6 uppifr\u00e5n bergen. Det tassar lyckliga l\u00f6parsteg mot grus, den fina f\u00f6rsta g\u00e5ngen f\u00f6r \u00e5ret. Grusv\u00e4gspremi\u00e4ren.<\/p>\n<p><strong>F\u00f6rsta goa leran<br \/>\n<\/strong>Grattis, nya skor, h\u00e4rmed \u00e4r ni invigda. Nu har ni kutat grusv\u00e4g, \u00e4kta svensk grusv\u00e4g om v\u00e5ren, d\u00e4r sn\u00f6n precis har sm\u00e4lt och en och annan bj\u00f6rk stilla speglar sig i lerp\u00f6larna. Hoppas ni ska \u00e4lska det lika mycket som jag.<\/p>\n<p>Jag tycker bj\u00f6rkar \u00e4r vackra. Jag \u00e4lskar v\u00e5rdagen d\u00e5 jag f\u00e5r f\u00f6rsta goa leran p\u00e5 skorna, d\u00e5 gruset knastrar d\u00e4r det \u00e4r torrt och leran klafsar d\u00e4r det \u00e4r bl\u00f6tt. H\u00f6r du? H\u00f6r, nu klafsar stegen hoppfullt igen.<\/p>\n<p>Borta vid l\u00f6prundans andra stall doftar det h\u00e4st p\u00e5 l\u00e5ngt h\u00e5ll, i skogskanten vid sista torpet ligger sn\u00f6n fortfarande och skuggar sig. Det \u00e4r v\u00e5r p\u00e5 Grossbolstorps h\u00f6jder. Sol p\u00e5 n\u00e4san, fl\u00e5s i br\u00f6stet, &#8221;titify&#8221; igen fr\u00e5n oxen.<\/p>\n<p>Trivs.<\/p>\n<p style=\"padding-left: 30px;\"><a href=\"https:\/\/sven-ove.nu\/wp-content\/uploads\/2019\/02\/F\u00f6rsta-leran.jpg\"><img loading=\"lazy\" decoding=\"async\" class=\"size-medium wp-image-20631 alignnone\" src=\"https:\/\/sven-ove.nu\/wp-content\/uploads\/2019\/02\/F\u00f6rsta-leran-300x300.jpg\" alt=\"\" width=\"300\" height=\"300\" srcset=\"https:\/\/sven-ove.nu\/wp-content\/uploads\/2019\/02\/F\u00f6rsta-leran-300x300.jpg 300w, https:\/\/sven-ove.nu\/wp-content\/uploads\/2019\/02\/F\u00f6rsta-leran-150x150.jpg 150w, https:\/\/sven-ove.nu\/wp-content\/uploads\/2019\/02\/F\u00f6rsta-leran-768x768.jpg 768w, https:\/\/sven-ove.nu\/wp-content\/uploads\/2019\/02\/F\u00f6rsta-leran-1024x1024.jpg 1024w, https:\/\/sven-ove.nu\/wp-content\/uploads\/2019\/02\/F\u00f6rsta-leran.jpg 1280w\" sizes=\"auto, (max-width: 300px) 100vw, 300px\" \/><\/a><\/p>\n<p><em><strong><span style=\"color: #ff9900;\">###<\/span><\/strong> N\u00e4r jag v\u00e4nt vid \u00c4ngbr\u00e5ten letar jag mig ner i samh\u00e4llet \u00e4nnu en g\u00e5ng i l\u00f6parlivet.<br \/>\n<\/em><em><strong><span style=\"color: #ff9900;\">###<\/span><\/strong> P\u00e5 v\u00e4g tillbaka \u00f6nskar Eder utsprungne att han hade haft en krona f\u00f6r varje g\u00e5ng han joggat uppf\u00f6r just den backen.<br \/>\n<\/em><em><strong><span style=\"color: #ff9900;\">###<\/span><\/strong> Det skulle ha r\u00e4ckt till en rej\u00e4l b\u00e4ttermiddag f\u00f6r tv\u00e5 med \u00f6vernattning i finsvit p\u00e5 Loka brunn.*)<\/em><\/p>\n<p style=\"padding-left: 30px;\"><em>*) Eller v\u00e4ldigt m\u00e5nga kn\u00e4ckebr\u00f6dskivor utan sm\u00f6r men med en skivad \u00e4gghalva p\u00e5, plus tomatskivor, gurka och italiensk salladskrydda om det h\u00e4ndelsevis varit 2-dag i Eder numera hemkomnes tisdagstillvaro. <\/em><\/p>\n<p style=\"padding-left: 30px;\"><em>Ty det var det.<\/em><\/p>\n<p><span style=\"color: #0000ff;\"><a style=\"color: #0000ff;\" href=\"https:\/\/sven-ove.nu\/?page_id=170\">Om mig<\/a><\/span>|\u00a0<span style=\"color: #0000ff;\"><a style=\"color: #0000ff;\" href=\"https:\/\/sven-ove.nu\/?page_id=102\">L\u00f6pa<\/a><\/span><br \/>\n<em><span style=\"color: #000000;\">Inl\u00e4gg<\/span> nr 1\u00a0927. (c) Sven-Ove Svensson (men dela g\u00e4rna) <\/em><\/p>\n","protected":false},"excerpt":{"rendered":"<p>Det \u00e4r den d\u00e4r dagen d\u00e5 bj\u00f6rkarna speglar sig, skorna ska f\u00e5 l\u00e4ra sig n\u00e5got nytt och &#8230; &#8230; asch, vi tar det fr\u00e5n b\u00f6rjan. Tisdag p\u00e5 Grossbolstorps h\u00f6jder. Det \u00e4r inte f\u00f6rsta dagen i \u00e5r som solen skiner n\u00e4r jag sn\u00f6r p\u00e5 mig nya l\u00f6parskorna p\u00e5 trappan, inte f\u00f6rsta g\u00e5ngen gr\u00f6nfinken ropar &#8221;dry!&#8221; och &hellip; <a href=\"https:\/\/sven-ove.nu\/?p=20626\" class=\"more-link\">Forts\u00e4tt l\u00e4sa <span class=\"screen-reader-text\">Skolar in skor i v\u00e5rlig lycka<\/span><\/a><\/p>\n","protected":false},"author":1,"featured_media":0,"comment_status":"closed","ping_status":"open","sticky":false,"template":"","format":"standard","meta":{"_crdt_document":"","_monsterinsights_skip_tracking":false,"_monsterinsights_sitenote_active":false,"_monsterinsights_sitenote_note":"","_monsterinsights_sitenote_category":0,"footnotes":""},"categories":[5,9],"tags":[24],"class_list":["post-20626","post","type-post","status-publish","format-standard","hentry","category-lopning","category-politik","tag-karlek"],"_links":{"self":[{"href":"https:\/\/sven-ove.nu\/index.php?rest_route=\/wp\/v2\/posts\/20626","targetHints":{"allow":["GET"]}}],"collection":[{"href":"https:\/\/sven-ove.nu\/index.php?rest_route=\/wp\/v2\/posts"}],"about":[{"href":"https:\/\/sven-ove.nu\/index.php?rest_route=\/wp\/v2\/types\/post"}],"author":[{"embeddable":true,"href":"https:\/\/sven-ove.nu\/index.php?rest_route=\/wp\/v2\/users\/1"}],"replies":[{"embeddable":true,"href":"https:\/\/sven-ove.nu\/index.php?rest_route=%2Fwp%2Fv2%2Fcomments&post=20626"}],"version-history":[{"count":6,"href":"https:\/\/sven-ove.nu\/index.php?rest_route=\/wp\/v2\/posts\/20626\/revisions"}],"predecessor-version":[{"id":20634,"href":"https:\/\/sven-ove.nu\/index.php?rest_route=\/wp\/v2\/posts\/20626\/revisions\/20634"}],"wp:attachment":[{"href":"https:\/\/sven-ove.nu\/index.php?rest_route=%2Fwp%2Fv2%2Fmedia&parent=20626"}],"wp:term":[{"taxonomy":"category","embeddable":true,"href":"https:\/\/sven-ove.nu\/index.php?rest_route=%2Fwp%2Fv2%2Fcategories&post=20626"},{"taxonomy":"post_tag","embeddable":true,"href":"https:\/\/sven-ove.nu\/index.php?rest_route=%2Fwp%2Fv2%2Ftags&post=20626"}],"curies":[{"name":"wp","href":"https:\/\/api.w.org\/{rel}","templated":true}]}}