{"id":20635,"date":"2019-03-01T05:49:47","date_gmt":"2019-03-01T04:49:47","guid":{"rendered":"http:\/\/sven-ove.nu\/?p=20635"},"modified":"2019-03-01T08:04:16","modified_gmt":"2019-03-01T07:04:16","slug":"mobila-bondepraktikan-del-1","status":"publish","type":"post","link":"https:\/\/sven-ove.nu\/?p=20635","title":{"rendered":"Mobila bondepraktikan, del 1"},"content":{"rendered":"<figure id=\"attachment_11444\" aria-describedby=\"caption-attachment-11444\" style=\"width: 960px\" class=\"wp-caption alignnone\"><a href=\"https:\/\/sven-ove.nu\/wp-content\/uploads\/2015\/05\/Mobilen-sj\u00e4lver.jpg\"><img loading=\"lazy\" decoding=\"async\" class=\"size-full wp-image-11444\" src=\"https:\/\/sven-ove.nu\/wp-content\/uploads\/2015\/05\/Mobilen-sj\u00e4lver.jpg\" alt=\"\" width=\"960\" height=\"720\" srcset=\"https:\/\/sven-ove.nu\/wp-content\/uploads\/2015\/05\/Mobilen-sj\u00e4lver.jpg 960w, https:\/\/sven-ove.nu\/wp-content\/uploads\/2015\/05\/Mobilen-sj\u00e4lver-300x225.jpg 300w\" sizes=\"auto, (max-width: 960px) 100vw, 960px\" \/><\/a><figcaption id=\"caption-attachment-11444\" class=\"wp-caption-text\">Mobilselfie.<\/figcaption><\/figure>\n<p><strong>Rattmess i februari:\u00a0<\/strong>K\u00f6r inte bil n\u00e4r du messar i februari, ty d\u00e5 kommer du att stava fel. Det \u00e4r ishalkan som g\u00f6r det.<\/p>\n<p><strong>F\u00f6rsta grusl\u00f6pardagen: <\/strong>S\u00e5 mycket sn\u00f6 som sm\u00e4lt, d\u00e4r du springer p\u00e5 grus f\u00f6rsta g\u00e5ngen f\u00f6r \u00e5ret, s\u00e5 mycket vatten ska Moder Natur b\u00e4ra till ditt tr\u00e4dg\u00e5rdsland i sommar.<\/p>\n<p><strong>F\u00f6rsta s\u00e4des\u00e4rlan: <\/strong>Om du surfar p\u00e5 n\u00e4tet f\u00f6rsta g\u00e5ngen du ser s\u00e4des\u00e4rlan f\u00e5r du bra uppkoppling resten av \u00e5ret. Det \u00e4r d\u00e4rf\u00f6r hon kallas F\u00e5gel wifi.<\/p>\n<p><strong>M\u00e4ssmess: <\/strong>Sk\u00e4rmdumpa aldrig ett sms, det betyder otur. D\u00e5 blir du sj\u00e4lv dumpad innan Persm\u00e4ss.<\/p>\n<p><strong>Midsommarafton:\u00a0<\/strong>L\u00e4gg sju mobiler under kudden n\u00e4r du g\u00e5r och l\u00e4gger dig p\u00e5 midsommarafton. D\u00e5 f\u00e5r du fjorton intressanta f\u00f6rslag. Gl\u00f6m inte l\u00e4mna tillbaka telefonerna n\u00e4r ni vaknar.<\/p>\n<p><strong><span style=\"color: #ff6600;\"><em>### <\/em><\/span><\/strong><em>Medel\u00e5ldern p\u00e5 m\u00e4n som stavar sitt tilltalsnamn &#8221;Sven-Ove&#8221; \u00e4r 65 \u00e5r, meddelar Statistiska Centralbyr\u00e5n.<br \/>\n<\/em><em><strong><span style=\"color: #ff6600;\">###<\/span><\/strong> De som stavar det &#8221;Sven-Owe&#8221; (med w) \u00e4r 55 \u00e5r.<br \/>\n<\/em><em><span style=\"color: #ff6600;\"><strong>###<\/strong><\/span> Spolingar.<\/em><\/p>\n<p><span style=\"color: #0000ff;\"><a style=\"color: #0000ff;\" href=\"https:\/\/sven-ove.nu\/\">Hem<\/a><\/span>\u00a0|\u00a0<span style=\"color: #0000ff;\"><a style=\"color: #0000ff;\" href=\"https:\/\/sven-ove.nu\/?page_id=170\">Om mig<\/a><\/span>\u00a0|\u00a0<span style=\"color: #0000ff;\"><a style=\"color: #0000ff;\" href=\"https:\/\/sven-ove.nu\/?page_id=1385\">Skriva &amp; prata<\/a><\/span>\u00a0|\u00a0<span style=\"color: #0000ff;\"><a style=\"color: #0000ff;\" href=\"https:\/\/sven-ove.nu\/?page_id=100\">Politik<\/a><\/span>\u00a0|\u00a0<span style=\"color: #0000ff;\"><a style=\"color: #0000ff;\" href=\"https:\/\/sven-ove.nu\/?page_id=102\">L\u00f6pa<\/a><\/span>\u00a0|\u00a0<span style=\"color: #0000ff;\"><a style=\"color: #0000ff;\" href=\"https:\/\/sven-ove.nu\/?page_id=108\">Viktor Root<\/a><\/span><br \/>\n<em>Inl\u00e4gg nr 1\u00a0928. (c) Sven-Ove Svensson (men dela g\u00e4rna) <\/em><\/p>\n","protected":false},"excerpt":{"rendered":"<p>Rattmess i februari:\u00a0K\u00f6r inte bil n\u00e4r du messar i februari, ty d\u00e5 kommer du att stava fel. Det \u00e4r ishalkan som g\u00f6r det. F\u00f6rsta grusl\u00f6pardagen: S\u00e5 mycket sn\u00f6 som sm\u00e4lt, d\u00e4r du springer p\u00e5 grus f\u00f6rsta g\u00e5ngen f\u00f6r \u00e5ret, s\u00e5 mycket vatten ska Moder Natur b\u00e4ra till ditt tr\u00e4dg\u00e5rdsland i sommar. F\u00f6rsta s\u00e4des\u00e4rlan: Om du &hellip; <a href=\"https:\/\/sven-ove.nu\/?p=20635\" class=\"more-link\">Forts\u00e4tt l\u00e4sa <span class=\"screen-reader-text\">Mobila bondepraktikan, del 1<\/span><\/a><\/p>\n","protected":false},"author":1,"featured_media":0,"comment_status":"closed","ping_status":"open","sticky":false,"template":"","format":"standard","meta":{"_crdt_document":"","_monsterinsights_skip_tracking":false,"_monsterinsights_sitenote_active":false,"_monsterinsights_sitenote_note":"","_monsterinsights_sitenote_category":0,"footnotes":""},"categories":[5,4],"tags":[8,15,13],"class_list":["post-20635","post","type-post","status-publish","format-standard","hentry","category-lopning","category-skrivande","tag-historia","tag-mediedjungeln","tag-utrustning"],"_links":{"self":[{"href":"https:\/\/sven-ove.nu\/index.php?rest_route=\/wp\/v2\/posts\/20635","targetHints":{"allow":["GET"]}}],"collection":[{"href":"https:\/\/sven-ove.nu\/index.php?rest_route=\/wp\/v2\/posts"}],"about":[{"href":"https:\/\/sven-ove.nu\/index.php?rest_route=\/wp\/v2\/types\/post"}],"author":[{"embeddable":true,"href":"https:\/\/sven-ove.nu\/index.php?rest_route=\/wp\/v2\/users\/1"}],"replies":[{"embeddable":true,"href":"https:\/\/sven-ove.nu\/index.php?rest_route=%2Fwp%2Fv2%2Fcomments&post=20635"}],"version-history":[{"count":6,"href":"https:\/\/sven-ove.nu\/index.php?rest_route=\/wp\/v2\/posts\/20635\/revisions"}],"predecessor-version":[{"id":20641,"href":"https:\/\/sven-ove.nu\/index.php?rest_route=\/wp\/v2\/posts\/20635\/revisions\/20641"}],"wp:attachment":[{"href":"https:\/\/sven-ove.nu\/index.php?rest_route=%2Fwp%2Fv2%2Fmedia&parent=20635"}],"wp:term":[{"taxonomy":"category","embeddable":true,"href":"https:\/\/sven-ove.nu\/index.php?rest_route=%2Fwp%2Fv2%2Fcategories&post=20635"},{"taxonomy":"post_tag","embeddable":true,"href":"https:\/\/sven-ove.nu\/index.php?rest_route=%2Fwp%2Fv2%2Ftags&post=20635"}],"curies":[{"name":"wp","href":"https:\/\/api.w.org\/{rel}","templated":true}]}}