{"id":20664,"date":"2019-03-07T05:05:36","date_gmt":"2019-03-07T04:05:36","guid":{"rendered":"http:\/\/sven-ove.nu\/?p=20664"},"modified":"2019-03-06T12:36:34","modified_gmt":"2019-03-06T11:36:34","slug":"gubben-i-baracken","status":"publish","type":"post","link":"https:\/\/sven-ove.nu\/?p=20664","title":{"rendered":"Gubben i baracken"},"content":{"rendered":"<p><a href=\"https:\/\/sven-ove.nu\/wp-content\/uploads\/2019\/03\/Hunnegubbens-barack.jpg\"><img loading=\"lazy\" decoding=\"async\" class=\"size-full wp-image-20666 alignnone\" src=\"https:\/\/sven-ove.nu\/wp-content\/uploads\/2019\/03\/Hunnegubbens-barack.jpg\" alt=\"\" width=\"931\" height=\"1280\" srcset=\"https:\/\/sven-ove.nu\/wp-content\/uploads\/2019\/03\/Hunnegubbens-barack.jpg 931w, https:\/\/sven-ove.nu\/wp-content\/uploads\/2019\/03\/Hunnegubbens-barack-218x300.jpg 218w, https:\/\/sven-ove.nu\/wp-content\/uploads\/2019\/03\/Hunnegubbens-barack-768x1056.jpg 768w, https:\/\/sven-ove.nu\/wp-content\/uploads\/2019\/03\/Hunnegubbens-barack-745x1024.jpg 745w\" sizes=\"auto, (max-width: 931px) 100vw, 931px\" \/><\/a><\/p>\n<blockquote><p>Alla m\u00e4nniskor har samma m\u00e4nniskov\u00e4rde.<br \/>\n\u00c4ven den som bor i en barack \u00e4r v\u00e4rd v\u00e5r respekt. Det kunde ha varit du eller jag.<\/p><\/blockquote>\n<p>Om du f\u00e5r ett f\u00f6rtroendeuppdrag ska du sk\u00f6ta det s\u00e5 bra du kan. Det l\u00e4rde mig min mamma och det var klokt sagt. Allts\u00e5 letar jag ivrigt efter bilder fr\u00e5n tiden som journalist. Mitt barnbarn Ludvig vill att jag kommer till hans femteklass och ber\u00e4ttar hur det \u00e4r att vara journalist och d\u00e5 g\u00e4ller det att vara f\u00f6rberedd. S\u00e5dana f\u00f6rtroenden ska man ta p\u00e5 allvar.<\/p>\n<p>Mitt i bunten av foton ligger den. Bilden p\u00e5 mig och en m\u00e4nniska jag intervjuade, n\u00e5gonstans i en skogskant mellan Sm\u00e5land och V\u00e4sterg\u00f6tland.<\/p>\n<p>&#8211; Det \u00e4r en gubbe som bor i en byggbarack, sa chefen p\u00e5 tidningen d\u00e4r jag jobbade. Ett original. \u00c5k dit och g\u00f6r ett reportage. Ta mycket bilder.<\/p>\n<p>Efter att ha letat ett bra tag d\u00e4r grusv\u00e4garna slutar hittar fotografen och jag baracken i kanten av en skog. Vi knackar p\u00e5 barackd\u00f6rren, presenterar oss, han h\u00e4lsar v\u00e4lkommen och vi f\u00e5r v\u00e5r intervju. Original har jag tr\u00e4ffat f\u00f6rr, p\u00e5 landet d\u00e4r jag sj\u00e4lv v\u00e4xte upp. Vi brukar f\u00f6rst\u00e5 varandra. Det finns ovanliga m\u00e4nniskor \u00f6verallt. Jag tycker om dem.<\/p>\n<p>Fotografen tar hemma hos-bilder inne i baracken. Elstr\u00f6m har de, gubben och hans sju inneboende, det vill s\u00e4ga de tv\u00e5 hundarna och fem h\u00f6nsen. Hundarna bor under hans s\u00e4ng och h\u00f6nsen sover i \u00f6verslafen.<\/p>\n<p>&#8211; Vill ni ha \u00e4gg, fr\u00e5gar gubben.<\/p>\n<p>Det \u00e4r de \u00e4ggen jag st\u00e5r och h\u00e5ller i p\u00e5 bilden. Journalister ska inte ta emot mutor men du s\u00e4ger inte nej till en sn\u00e4ll men fattig farbror i en barack, som bara menar v\u00e4l.<\/p>\n<p>&#8211; T\u00e4nk om det var den maten han skulle ha \u00e4tit i dag som vi fick, s\u00e4ger fotografen n\u00e4r vi sitter i bilen p\u00e5 v\u00e4g tillbaka till J\u00f6nk\u00f6ping och redaktionen. Fast en fattar ju varf\u00f6r han kallas Hunnegubben.<\/p>\n<p>Hela baracken luktade h\u00f6nsskit. Hundarna var trevliga.<\/p>\n<p style=\"padding-left: 30px;\"><span style=\"color: #ff6600;\">***<\/span><\/p>\n<p>Det blir en bra artikel. Folk pratar om reportaget n\u00e4sta dag. \u201dMen Gud, bor han med fem h\u00f6ns?\u201d.<\/p>\n<p>Sj\u00e4lv tar Hunnegubben mopeden till Mullsj\u00f6 och k\u00f6per tidningen. N\u00e5gra dagar senare kommer han upp p\u00e5 redaktionen och tackar mig. Hissen i tidningshuset luktar h\u00f6nsskit i flera timmar efter\u00e5t, klagar mina arbetskamrater.<\/p>\n<p>Det \u00e4r v\u00e4l inte s\u00e5 konstigt, s\u00e4ger jag. Han har inte r\u00e5d med villa eller l\u00e4genhet. Han har ingen dusch.<\/p>\n<p style=\"padding-left: 30px;\"><span style=\"color: #ff6600;\">***<\/span><\/p>\n<p>Nu &#8211; \u00e4r det 2019 igen. 43 \u00e5r efter\u00e5t. H\u00e4r sitter jag och tittar p\u00e5 fotografiet p\u00e5 den unge journalisten som \u00e4r jag och p\u00e5 den sn\u00e4lle gubben som just har gett bort den enda maten han hade, den dagen.<\/p>\n<p>&#8211; Titta, viskar en r\u00f6st p\u00e5 min h\u00f6gra axel. Kolla ordentligt p\u00e5 fotot. Vad ser du?<\/p>\n<p>&#8211; Jag ser tv\u00e5 ganska lika personer, viskar jag tillbaka. Den unge b\u00e4r tr\u00e4skor f\u00f6r att det \u00e4r modernt bland journalister i hans \u00e5lder 1976. Den gamle b\u00e4r tr\u00e4skor f\u00f6r att han inte har r\u00e5d med n\u00e5gra dyra skor.<\/p>\n<p>&#8211; Titta p\u00e5 kl\u00e4derna, titta hur dom tv\u00e5 ser ut, viskar r\u00f6sten. Ser du hur lika dom \u00e4r. Den ene har haft tur och f\u00e5tt jobb, den andre har haft otur och \u00e4r arbetsl\u00f6s. B\u00e4gge tycker om djur och dom gillar varandra. Och \u00e4gg.<\/p>\n<p>Alla m\u00e4nniskor \u00e4r lika mycket v\u00e4rda.<\/p>\n<p><strong><em>Sven-Ove Svensson<br \/>\n<\/em><\/strong><em>(Foto: Sm\u00e5lands Folkblad)<\/em><\/p>\n<p style=\"padding-left: 30px;\"><em><span style=\"color: #ff6600;\"><strong>###<\/strong><\/span> Kr\u00f6nika jag skrev som avslutning till ett f\u00f6redrag i mitt barnbarns femteklass om hur det \u00e4r att vara journalist.<\/em><\/p>\n<p><span style=\"color: #0000ff;\"><a style=\"color: #0000ff;\" href=\"https:\/\/sven-ove.nu\/\">Hem<\/a><\/span>\u00a0|\u00a0<span style=\"color: #0000ff;\"><a style=\"color: #0000ff;\" href=\"https:\/\/sven-ove.nu\/?page_id=170\">Om mig<\/a><\/span>\u00a0|\u00a0<span style=\"color: #0000ff;\"><a style=\"color: #0000ff;\" href=\"https:\/\/sven-ove.nu\/?page_id=1385\">Skriva &amp; prata<\/a><\/span>\u00a0|\u00a0<span style=\"color: #0000ff;\"><a style=\"color: #0000ff;\" href=\"https:\/\/sven-ove.nu\/?page_id=100\">Politik<\/a><\/span>\u00a0|\u00a0<span style=\"color: #0000ff;\"><a style=\"color: #0000ff;\" href=\"https:\/\/sven-ove.nu\/?page_id=102\">L\u00f6pa<\/a><\/span>\u00a0|\u00a0<span style=\"color: #0000ff;\"><a style=\"color: #0000ff;\" href=\"https:\/\/sven-ove.nu\/?page_id=108\">Viktor Root<\/a><\/span><br \/>\n<em>Inl\u00e4gg nr 1\u00a0930. (c) Sven-Ove Svensson (men dela g\u00e4rna)<\/em><\/p>\n","protected":false},"excerpt":{"rendered":"<p>Alla m\u00e4nniskor har samma m\u00e4nniskov\u00e4rde. \u00c4ven den som bor i en barack \u00e4r v\u00e4rd v\u00e5r respekt. Det kunde ha varit du eller jag. Om du f\u00e5r ett f\u00f6rtroendeuppdrag ska du sk\u00f6ta det s\u00e5 bra du kan. Det l\u00e4rde mig min mamma och det var klokt sagt. Allts\u00e5 letar jag ivrigt efter bilder fr\u00e5n tiden som &hellip; <a href=\"https:\/\/sven-ove.nu\/?p=20664\" class=\"more-link\">Forts\u00e4tt l\u00e4sa <span class=\"screen-reader-text\">Gubben i baracken<\/span><\/a><\/p>\n","protected":false},"author":1,"featured_media":0,"comment_status":"closed","ping_status":"open","sticky":false,"template":"","format":"standard","meta":{"_crdt_document":"","_monsterinsights_skip_tracking":false,"_monsterinsights_sitenote_active":false,"_monsterinsights_sitenote_note":"","_monsterinsights_sitenote_category":0,"footnotes":""},"categories":[4],"tags":[18,15,17],"class_list":["post-20664","post","type-post","status-publish","format-standard","hentry","category-skrivande","tag-lardomar","tag-mediedjungeln","tag-solidaritet"],"_links":{"self":[{"href":"https:\/\/sven-ove.nu\/index.php?rest_route=\/wp\/v2\/posts\/20664","targetHints":{"allow":["GET"]}}],"collection":[{"href":"https:\/\/sven-ove.nu\/index.php?rest_route=\/wp\/v2\/posts"}],"about":[{"href":"https:\/\/sven-ove.nu\/index.php?rest_route=\/wp\/v2\/types\/post"}],"author":[{"embeddable":true,"href":"https:\/\/sven-ove.nu\/index.php?rest_route=\/wp\/v2\/users\/1"}],"replies":[{"embeddable":true,"href":"https:\/\/sven-ove.nu\/index.php?rest_route=%2Fwp%2Fv2%2Fcomments&post=20664"}],"version-history":[{"count":4,"href":"https:\/\/sven-ove.nu\/index.php?rest_route=\/wp\/v2\/posts\/20664\/revisions"}],"predecessor-version":[{"id":20669,"href":"https:\/\/sven-ove.nu\/index.php?rest_route=\/wp\/v2\/posts\/20664\/revisions\/20669"}],"wp:attachment":[{"href":"https:\/\/sven-ove.nu\/index.php?rest_route=%2Fwp%2Fv2%2Fmedia&parent=20664"}],"wp:term":[{"taxonomy":"category","embeddable":true,"href":"https:\/\/sven-ove.nu\/index.php?rest_route=%2Fwp%2Fv2%2Fcategories&post=20664"},{"taxonomy":"post_tag","embeddable":true,"href":"https:\/\/sven-ove.nu\/index.php?rest_route=%2Fwp%2Fv2%2Ftags&post=20664"}],"curies":[{"name":"wp","href":"https:\/\/api.w.org\/{rel}","templated":true}]}}